{"id":1173,"date":"2024-09-03T11:33:35","date_gmt":"2024-09-03T16:33:35","guid":{"rendered":"https:\/\/maatecalidadambiental.ambiente.gob.ec\/?p=1173"},"modified":"2024-09-03T12:25:00","modified_gmt":"2024-09-03T17:25:00","slug":"estudio-de-impacto-y-plan-de-manejo-ambiental-para-la-fase-de-exploracion-avanzada-de-minerales-metalicos-del-proyecto-minero-tres-cerrillos-conformado-por-las-concesiones-mineras-tres-cerrillos-codig","status":"publish","type":"post","link":"https:\/\/maatecalidadambiental.ambiente.gob.ec\/index.php\/2024\/09\/03\/estudio-de-impacto-y-plan-de-manejo-ambiental-para-la-fase-de-exploracion-avanzada-de-minerales-metalicos-del-proyecto-minero-tres-cerrillos-conformado-por-las-concesiones-mineras-tres-cerrillos-codig\/","title":{"rendered":"ESTUDIO DE IMPACTO Y PLAN DE MANEJO AMBIENTAL PARA LA FASE DE EXPLORACI\u00d3N AVANZADA DE MINERALES MET\u00c1LICOS DEL PROYECTO MINERO TRES CERRILLOS CONFORMADO POR LAS CONCESIONES MINERAS TRES CERRILLOS C\u00d3DIGO 40000245 Y LA PRIMAVERA C\u00d3DIGO 40000246"},"content":{"rendered":"\r\n<p>El proyecto minero Tres Cerrillos, conformado por las concesiones mineras Tres Cerrillos (C\u00f3d. 40000245) y La Primavera (C\u00f3d. 40000246), se encuentra ubicado en la provincia de Carchi, dentro de la jurisdicci\u00f3n pol\u00edtico-administrativa de los cantones Espejo y Mira, jurisdicci\u00f3n de las parroquias El Goaltal y Jij\u00f3n y Caama\u00f1o, abarcando una extensi\u00f3n total de 6816 ha.<br \/>De acuerdo a estudios de exploraci\u00f3n previos y en ejecuci\u00f3n realizados en el proyecto en su fase de exploraci\u00f3n inicial. Exploraciones Mineras Andinas Ecuador EMSAEC S.A. ha determinado la necesidad de realizar estudios para la fase de exploraci\u00f3n avanzada, para lo cual se ha planteado realizar un programa de sondajes de 12 hasta 48 meses, acogi\u00e9ndose a los plazos establecidos en la normativa vigente. <a href=\"https:\/\/maatecalidadambiental.ambiente.gob.ec\/wp-content\/uploads\/2024\/09\/Cap-1-Resumen-Ejecutivo_V3.pdf\">Cap 1 Resumen Ejecutivo_V3<\/a> <a href=\"https:\/\/maatecalidadambiental.ambiente.gob.ec\/wp-content\/uploads\/2024\/09\/Cap-2_Ficha-Tecnica_V3.pdf\">Cap 2_Ficha T\u00e9cnica_V3<\/a> <a href=\"https:\/\/maatecalidadambiental.ambiente.gob.ec\/wp-content\/uploads\/2024\/09\/Cap-3_Siglas-y-Abreviaturas_V3.pdf\">Cap 3_Siglas y Abreviaturas_V3<\/a> <a href=\"https:\/\/maatecalidadambiental.ambiente.gob.ec\/wp-content\/uploads\/2024\/09\/Cap-4_Introduccion_V3.pdf\">Cap 4_Introducci\u00f3n_V3<\/a> <a href=\"https:\/\/maatecalidadambiental.ambiente.gob.ec\/wp-content\/uploads\/2024\/09\/Cap-5_Marco-Legal-e-Institucion_V3.pdf\">Cap 5_Marco Legal e Institucion_V3<\/a> <a href=\"https:\/\/maatecalidadambiental.ambiente.gob.ec\/wp-content\/uploads\/2024\/09\/Cap-6_Definicion-del-area-de-estudio_V3.pdf\">Cap 6_Definici\u00f3n del \u00e1rea de estudio_V3<\/a> <a href=\"https:\/\/maatecalidadambiental.ambiente.gob.ec\/wp-content\/uploads\/2024\/09\/Cap-7.1_Linea-Base-Fisica_V3.pdf\">Cap 7.1_L\u00ednea Base F\u00edsica_V3<\/a> <a href=\"https:\/\/maatecalidadambiental.ambiente.gob.ec\/wp-content\/uploads\/2024\/09\/Cap-7.2_Linea-Base-Biotica_V3_CE_final.pdf\">Cap 7.2_Linea Base Biotica_V3_CE_final<\/a> <a href=\"https:\/\/maatecalidadambiental.ambiente.gob.ec\/wp-content\/uploads\/2024\/09\/Cap-7.3_Linea-Base-Social_V3.pdf\">Cap 7.3_Linea Base Social_V3<\/a> <a href=\"https:\/\/maatecalidadambiental.ambiente.gob.ec\/wp-content\/uploads\/2024\/09\/Cap-8_Descripcion-proyecto-obra_V3.pdf\">Cap 8_Descripci\u00f3n proyecto obra_V3<\/a> <a href=\"https:\/\/maatecalidadambiental.ambiente.gob.ec\/wp-content\/uploads\/2024\/09\/Cap-9_Analisis-de-Alternativas_V3.pdf\">Cap 9_Analisis de Alternativas_V3<\/a> <a href=\"https:\/\/maatecalidadambiental.ambiente.gob.ec\/wp-content\/uploads\/2024\/09\/Cap-10_Areas-de-Influencia-y-Sensibles_V3.pdf\">Cap 10_Areas de Influencia y Sensibles_V3<\/a> <a href=\"https:\/\/maatecalidadambiental.ambiente.gob.ec\/wp-content\/uploads\/2024\/09\/Cap-11_Inventario_Forestal_V3.pdf\">Cap 11_Inventario_Forestal_V3<\/a> <a href=\"https:\/\/maatecalidadambiental.ambiente.gob.ec\/wp-content\/uploads\/2024\/09\/Cap-12_EIA_V3.pdf\">Cap 12_EIA_V3<\/a> <a href=\"https:\/\/maatecalidadambiental.ambiente.gob.ec\/wp-content\/uploads\/2024\/09\/Cap-13_Analisis-de-Riesgos_V3.pdf\">Cap 13_Analisis de Riesgos_V3<\/a> <a href=\"https:\/\/maatecalidadambiental.ambiente.gob.ec\/wp-content\/uploads\/2024\/09\/Cap-14-PMA_V3.pdf\">Cap 14 PMA_V3<\/a> <a href=\"https:\/\/maatecalidadambiental.ambiente.gob.ec\/wp-content\/uploads\/2024\/09\/Cap-15_Bibliografia_V3.pdf\">Cap 15_Bibliograf\u00eda_V3<\/a><a href=\"https:\/\/maatecalidadambiental.ambiente.gob.ec\/wp-content\/uploads\/2024\/09\/1.-Social.pdf\">1. Social<\/a> <a href=\"https:\/\/maatecalidadambiental.ambiente.gob.ec\/wp-content\/uploads\/2024\/09\/1.-Inundaciones.xls.xls\">1. Inundaciones.xls.<\/a> <a href=\"https:\/\/maatecalidadambiental.ambiente.gob.ec\/wp-content\/uploads\/2024\/09\/2.-Sismo.xls\">2. Sismo<\/a> <a href=\"https:\/\/maatecalidadambiental.ambiente.gob.ec\/wp-content\/uploads\/2024\/09\/2.Certificado-PMA-Tres-Cerrillos.-docx.pdf\">2.Certificado PMA Tres Cerrillos. docx<\/a> <\/p>\r\n","protected":false},"excerpt":{"rendered":"<p>El proyecto minero Tres Cerrillos, conformado por las concesiones mineras Tres Cerrillos (C\u00f3d. 40000245) y La Primavera (C\u00f3d. 40000246), se encuentra ubicado en la provincia de Carchi, dentro de la jurisdicci\u00f3n pol\u00edtico-administrativa de los cantones Espejo y Mira, jurisdicci\u00f3n de las parroquias El Goaltal y Jij\u00f3n y Caama\u00f1o, abarcando una extensi\u00f3n total de 6816 ha.De [&hellip;]<\/p>\n","protected":false},"author":8,"featured_media":0,"comment_status":"open","ping_status":"open","sticky":false,"template":"","format":"standard","meta":{"footnotes":""},"categories":[1,6,12],"tags":[],"class_list":["post-1173","post","type-post","status-publish","format-standard","hentry","category-sin-categoria","category-mineria","category-regularizacion"],"_links":{"self":[{"href":"https:\/\/maatecalidadambiental.ambiente.gob.ec\/index.php\/wp-json\/wp\/v2\/posts\/1173","targetHints":{"allow":["GET"]}}],"collection":[{"href":"https:\/\/maatecalidadambiental.ambiente.gob.ec\/index.php\/wp-json\/wp\/v2\/posts"}],"about":[{"href":"https:\/\/maatecalidadambiental.ambiente.gob.ec\/index.php\/wp-json\/wp\/v2\/types\/post"}],"author":[{"embeddable":true,"href":"https:\/\/maatecalidadambiental.ambiente.gob.ec\/index.php\/wp-json\/wp\/v2\/users\/8"}],"replies":[{"embeddable":true,"href":"https:\/\/maatecalidadambiental.ambiente.gob.ec\/index.php\/wp-json\/wp\/v2\/comments?post=1173"}],"version-history":[{"count":4,"href":"https:\/\/maatecalidadambiental.ambiente.gob.ec\/index.php\/wp-json\/wp\/v2\/posts\/1173\/revisions"}],"predecessor-version":[{"id":1200,"href":"https:\/\/maatecalidadambiental.ambiente.gob.ec\/index.php\/wp-json\/wp\/v2\/posts\/1173\/revisions\/1200"}],"wp:attachment":[{"href":"https:\/\/maatecalidadambiental.ambiente.gob.ec\/index.php\/wp-json\/wp\/v2\/media?parent=1173"}],"wp:term":[{"taxonomy":"category","embeddable":true,"href":"https:\/\/maatecalidadambiental.ambiente.gob.ec\/index.php\/wp-json\/wp\/v2\/categories?post=1173"},{"taxonomy":"post_tag","embeddable":true,"href":"https:\/\/maatecalidadambiental.ambiente.gob.ec\/index.php\/wp-json\/wp\/v2\/tags?post=1173"}],"curies":[{"name":"wp","href":"https:\/\/api.w.org\/{rel}","templated":true}]}}