{"id":1206,"date":"2024-10-01T18:30:17","date_gmt":"2024-10-01T23:30:17","guid":{"rendered":"https:\/\/maatecalidadambiental.ambiente.gob.ec\/?p=1206"},"modified":"2024-11-05T12:20:15","modified_gmt":"2024-11-05T17:20:15","slug":"esia-y-pma-fase-de-exploracion-explotacion-del-campo-siccha-bloque-10","status":"publish","type":"post","link":"https:\/\/maatecalidadambiental.ambiente.gob.ec\/index.php\/2024\/10\/01\/esia-y-pma-fase-de-exploracion-explotacion-del-campo-siccha-bloque-10\/","title":{"rendered":"Estudio de Impacto Ambiental y Plan de Manejo Ambiental para la Fase de Exploraci\u00f3n y de Avanzada y Fase de Explotaci\u00f3n del Campo Siccha, localizado en el Bloque 10, operado por Pluspetrol Ecuador B.V."},"content":{"rendered":"<p><a href=\"https:\/\/maatecalidadambiental.ambiente.gob.ec\/wp-content\/uploads\/2024\/10\/01_-Ficha-Tecnica_V6.pdf\">01_ Ficha T\u00e9cnica_V6<\/a><\/p>\n<p><a href=\"https:\/\/maatecalidadambiental.ambiente.gob.ec\/wp-content\/uploads\/2024\/10\/02_Introduccion_V6.pdf\">02_Introducci\u00f3n_V6<\/a><\/p>\n<p><a href=\"https:\/\/maatecalidadambiental.ambiente.gob.ec\/wp-content\/uploads\/2024\/10\/03_Descripcion-Proyecto_V6.pdf\">03_Descripci\u00f3n Proyecto_V6<\/a><\/p>\n<p><a href=\"https:\/\/maatecalidadambiental.ambiente.gob.ec\/wp-content\/uploads\/2024\/10\/04_Alternativas_V6.pdf\">04_Alternativas_V6<\/a><\/p>\n<p><a href=\"https:\/\/maatecalidadambiental.ambiente.gob.ec\/wp-content\/uploads\/2024\/10\/05.1_LB_Fisica_V6.pdf\">05.1_LB_F\u00edsica_V6<\/a><\/p>\n<p><a href=\"https:\/\/maatecalidadambiental.ambiente.gob.ec\/wp-content\/uploads\/2024\/10\/05.2_LB_Biotica_V6.pdf\">05.2_LB_Bi\u00f3tica_V6<\/a><\/p>\n<p><a href=\"https:\/\/maatecalidadambiental.ambiente.gob.ec\/wp-content\/uploads\/2024\/10\/05.3_LB_Social_V6.pdf\">05.3_LB_Social_V6<\/a><\/p>\n<p><a href=\"https:\/\/maatecalidadambiental.ambiente.gob.ec\/wp-content\/uploads\/2024\/10\/05.4_LB_Arqueologia_V6.pdf\">05.4_LB_Arqueolog\u00eda_V6<\/a><\/p>\n<p><a href=\"https:\/\/maatecalidadambiental.ambiente.gob.ec\/wp-content\/uploads\/2024\/10\/06_IF-y-VET_V6.pdf\">06_IF y VET_V6<\/a><\/p>\n<p><a href=\"https:\/\/maatecalidadambiental.ambiente.gob.ec\/wp-content\/uploads\/2024\/10\/07_Areas-de-influencia-y-sensibilidad_V6.pdf\">07_\u00c1reas de influencia y sensibilidad_V6<\/a><\/p>\n<p><a href=\"https:\/\/maatecalidadambiental.ambiente.gob.ec\/wp-content\/uploads\/2024\/10\/08_Analisis_de_Riesgos_V6.pdf\">08_An\u00e1lisis_de_Riesgos_V6<\/a><\/p>\n<p><a href=\"https:\/\/maatecalidadambiental.ambiente.gob.ec\/wp-content\/uploads\/2024\/10\/09_Impactos_V6.pdf\">09_Impactos_V6<\/a><\/p>\n<p><a href=\"https:\/\/maatecalidadambiental.ambiente.gob.ec\/wp-content\/uploads\/2024\/10\/10.1_PMA_exploracion_V6.pdf\">10.1_PMA_exploraci\u00f3n_V6<\/a><\/p>\n<p><a href=\"https:\/\/maatecalidadambiental.ambiente.gob.ec\/wp-content\/uploads\/2024\/10\/10.2_PMA_explotacion_V6.pdf\">10.2_PMA_explotaci\u00f3n_V6<\/a><\/p>\n<p><a href=\"https:\/\/maatecalidadambiental.ambiente.gob.ec\/wp-content\/uploads\/2024\/10\/11_Glosario-y-Acronimos_V6.pdf\">11_Glosario y Acr\u00f3nimos_V6<\/a><\/p>\n<p><a href=\"https:\/\/maatecalidadambiental.ambiente.gob.ec\/wp-content\/uploads\/2024\/10\/12_Bibliografia_V6.pdf\">12_Bibliograf\u00eda_V6<\/a><\/p>\n<p>CARTOGRAFIA.-<\/p>\n<ul>\n<li><a href=\"https:\/\/maatecalidadambiental.ambiente.gob.ec\/wp-content\/uploads\/2024\/10\/1-1_UBICACION.pdf\">1-1_UBICACION<\/a><\/li>\n<li><a href=\"https:\/\/maatecalidadambiental.ambiente.gob.ec\/wp-content\/uploads\/2024\/10\/1-2_BASE.pdf\">1-2_BASE<\/a><\/li>\n<li><a href=\"https:\/\/maatecalidadambiental.ambiente.gob.ec\/wp-content\/uploads\/2024\/10\/1-3_IMAGEN.pdf\">1-3_IMAGEN<\/a><\/li>\n<li><a href=\"https:\/\/maatecalidadambiental.ambiente.gob.ec\/wp-content\/uploads\/2024\/10\/1-4_MDT.pdf\">1-4_MDT<\/a><\/li>\n<li><a href=\"https:\/\/maatecalidadambiental.ambiente.gob.ec\/wp-content\/uploads\/2024\/10\/3.1-1_IMPLANTACION-PLATAFORMA-FASE-EXPLORACION.pdf\">3.1-1_IMPLANTACION PLATAFORMA FASE EXPLORACION<\/a><\/li>\n<li><a href=\"https:\/\/maatecalidadambiental.ambiente.gob.ec\/wp-content\/uploads\/2024\/10\/5.1-3-CLIMA.pdf\">5.1-3 CLIMA<\/a><\/li>\n<li><a href=\"https:\/\/maatecalidadambiental.ambiente.gob.ec\/wp-content\/uploads\/2024\/10\/5.1-2-AREA-NATURALES.pdf\">5.1-2 AREA NATURALES<\/a><\/li>\n<li><a href=\"https:\/\/maatecalidadambiental.ambiente.gob.ec\/wp-content\/uploads\/2024\/10\/5.1-1-PENDIENTES.pdf\">5.1-1 PENDIENTES<\/a><\/li>\n<li><a href=\"https:\/\/maatecalidadambiental.ambiente.gob.ec\/wp-content\/uploads\/2024\/10\/4.1-1B-ALTERNATIVAS-FASE-DE-EXPLOTACION.pdf\">4.1-1B ALTERNATIVAS FASE DE EXPLOTACI\u00d3N<\/a><\/li>\n<li><a href=\"https:\/\/maatecalidadambiental.ambiente.gob.ec\/wp-content\/uploads\/2024\/10\/4.1-1A-ALTERNATIVAS-FASE-DE-EXPLORACION.pdf\">4.1-1A ALTERNATIVAS FASE DE EXPLORACI\u00d3N<\/a><\/li>\n<li><a href=\"https:\/\/maatecalidadambiental.ambiente.gob.ec\/wp-content\/uploads\/2024\/10\/3.1-5-CAPTACIONES.pdf\">3.1-5 CAPTACIONES<\/a><\/li>\n<li><a href=\"https:\/\/maatecalidadambiental.ambiente.gob.ec\/wp-content\/uploads\/2024\/10\/3.1-4-IMPLANTACION-VIA-DE-ACCESO.pdf\">3.1-4 IMPLANTACION VIA DE ACCESO<\/a><\/li>\n<li><a href=\"https:\/\/maatecalidadambiental.ambiente.gob.ec\/wp-content\/uploads\/2024\/10\/3.1-3-IMPLANTACION-LINEA-DE-FLUJO.pdf\">3.1-3 IMPLANTACION LINEA DE FLUJO<\/a><\/li>\n<li><a href=\"https:\/\/maatecalidadambiental.ambiente.gob.ec\/wp-content\/uploads\/2024\/10\/3.1-2_IMPLANTACION-PLATAFORMA-FASE-EXPLOTACION.pdf\">3.1-2_IMPLANTACION PLATAFORMA FASE EXPLOTACION<\/a><\/li>\n<li><a href=\"https:\/\/maatecalidadambiental.ambiente.gob.ec\/wp-content\/uploads\/2024\/10\/5.1-4-ISOTERMAS.pdf\">5.1-4 ISOTERMAS<\/a><\/li>\n<li><a href=\"https:\/\/maatecalidadambiental.ambiente.gob.ec\/wp-content\/uploads\/2024\/10\/5.1-5-ISOYETAS.pdf\">5.1-5 ISOYETAS<\/a><\/li>\n<li><a href=\"https:\/\/maatecalidadambiental.ambiente.gob.ec\/wp-content\/uploads\/2024\/10\/5.1-6-DEFICIT-HIDRICO.pdf\">5.1-6 DEFICIT HIDRICO<\/a><\/li>\n<li><a href=\"https:\/\/maatecalidadambiental.ambiente.gob.ec\/wp-content\/uploads\/2024\/10\/5.1-7-BIOCLIMAS.pdf\">5.1-7 BIOCLIMAS<\/a><\/li>\n<li><a href=\"https:\/\/maatecalidadambiental.ambiente.gob.ec\/wp-content\/uploads\/2024\/10\/5.1-8-GEOLOGIA.pdf\">5.1-8 GEOLOG\u00cdA<\/a><\/li>\n<li><a href=\"https:\/\/maatecalidadambiental.ambiente.gob.ec\/wp-content\/uploads\/2024\/10\/5.1-9-GEOTECNIA.pdf\">5.1-9 GEOT\u00c9CNIA<\/a><\/li>\n<li><a href=\"https:\/\/maatecalidadambiental.ambiente.gob.ec\/wp-content\/uploads\/2024\/10\/5.1-10_SISMICO.pdf\">5.1-10_SISMICO<\/a><\/li>\n<li><a href=\"https:\/\/maatecalidadambiental.ambiente.gob.ec\/wp-content\/uploads\/2024\/10\/5.1-11-MAPA_DE_ESTABILIDAD_GEOMORFOLOGICA.pdf\">5.1-11 MAPA_DE_ESTABILIDAD_GEOMORFOLOGICA<\/a><\/li>\n<li><a href=\"https:\/\/maatecalidadambiental.ambiente.gob.ec\/wp-content\/uploads\/2024\/10\/5.1-12-SUELO.pdf\">5.1-12 SUELO<\/a><\/li>\n<li><a href=\"https:\/\/maatecalidadambiental.ambiente.gob.ec\/wp-content\/uploads\/2024\/10\/5.1-20-AIRE.pdf\">5.1-20 AIRE<\/a><\/li>\n<li><a href=\"https:\/\/maatecalidadambiental.ambiente.gob.ec\/wp-content\/uploads\/2024\/10\/5.1-19-RUIDO.pdf\">5.1-19 RUIDO<\/a><\/li>\n<li><a href=\"https:\/\/maatecalidadambiental.ambiente.gob.ec\/wp-content\/uploads\/2024\/10\/5.1-18_HIDROLOGIA.pdf\">5.1-18_HIDROLOGIA<\/a><\/li>\n<li><a href=\"https:\/\/maatecalidadambiental.ambiente.gob.ec\/wp-content\/uploads\/2024\/10\/5.1-17B-VULNERABILIDAD-ACUIFEROS.pdf\">5.1-17B VULNERABILIDAD ACUIFEROS<\/a><\/li>\n<li><a href=\"https:\/\/maatecalidadambiental.ambiente.gob.ec\/wp-content\/uploads\/2024\/10\/5.1-17A-HIDROGEOLOGIA.pdf\">5.1-17A HIDROGEOLOGIA<\/a><\/li>\n<li><a href=\"https:\/\/maatecalidadambiental.ambiente.gob.ec\/wp-content\/uploads\/2024\/10\/5.1-16-CONFLICTO.pdf\">5.1-16 CONFLICTO<\/a><\/li>\n<li><a href=\"https:\/\/maatecalidadambiental.ambiente.gob.ec\/wp-content\/uploads\/2024\/10\/5.1-15-CAPACIDAD.pdf\">5.1-15 CAPACIDAD<\/a><\/li>\n<li><a href=\"https:\/\/maatecalidadambiental.ambiente.gob.ec\/wp-content\/uploads\/2024\/10\/5.1-14_COBERTURA.pdf\">5.1-14_COBERTURA<\/a><\/li>\n<li><a href=\"https:\/\/maatecalidadambiental.ambiente.gob.ec\/wp-content\/uploads\/2024\/10\/5.1-13-GEOMORFOLOGIA.pdf\">5.1-13 GEOMORFOLOGIA<\/a><\/li>\n<li><a href=\"https:\/\/maatecalidadambiental.ambiente.gob.ec\/wp-content\/uploads\/2024\/10\/5.2-1-ECOSISTEMAS.pdf\">5.2-1 ECOSISTEMAS<\/a><\/li>\n<li><a href=\"https:\/\/maatecalidadambiental.ambiente.gob.ec\/wp-content\/uploads\/2024\/10\/5.2-2-A-FLORA.pdf\">5.2-2-A FLORA<\/a><\/li>\n<li><a href=\"https:\/\/maatecalidadambiental.ambiente.gob.ec\/wp-content\/uploads\/2024\/10\/5.2-2-B-FLORA.pdf\">5.2-2-B FLORA<\/a><\/li>\n<li><a href=\"https:\/\/maatecalidadambiental.ambiente.gob.ec\/wp-content\/uploads\/2024\/10\/5.2-3-A-AVIFAUNA.pdf\">5.2-3-A AVIFAUNA<\/a><\/li>\n<li><a href=\"https:\/\/maatecalidadambiental.ambiente.gob.ec\/wp-content\/uploads\/2024\/10\/5.2-3-B-AVIFAUNA.pdf\">5.2-3-B AVIFAUNA<\/a><\/li>\n<li><a href=\"https:\/\/maatecalidadambiental.ambiente.gob.ec\/wp-content\/uploads\/2024\/10\/5.2-4-A-MASTOFAUNA.pdf\">5.2-4-A MASTOFAUNA<\/a><\/li>\n<li><a href=\"https:\/\/maatecalidadambiental.ambiente.gob.ec\/wp-content\/uploads\/2024\/10\/5.2-4-B-MASTOFAUNA.pdf\">5.2-4-B MASTOFAUNA<\/a><\/li>\n<li><a href=\"https:\/\/maatecalidadambiental.ambiente.gob.ec\/wp-content\/uploads\/2024\/10\/5.2-5-A-ENTOMOFAUNA.pdf\">5.2-5-A ENTOMOFAUNA<\/a><\/li>\n<li><a href=\"https:\/\/maatecalidadambiental.ambiente.gob.ec\/wp-content\/uploads\/2024\/10\/5.2-5-B-ENTOMOFAUNA.pdf\">5.2-5-B ENTOMOFAUNA<\/a><\/li>\n<li><a href=\"https:\/\/maatecalidadambiental.ambiente.gob.ec\/wp-content\/uploads\/2024\/10\/5.3-3-ARQUEOLOGIA.pdf\">5.3-3 ARQUEOLOG\u00cdA<\/a><\/li>\n<li><a href=\"https:\/\/maatecalidadambiental.ambiente.gob.ec\/wp-content\/uploads\/2024\/10\/5.3-2-VIVIENDAS.pdf\">5.3-2 VIVIENDAS<\/a><\/li>\n<li><a href=\"https:\/\/maatecalidadambiental.ambiente.gob.ec\/wp-content\/uploads\/2024\/10\/5.3-1-LOCALIDADES_INFRAESTRUCTURA.pdf\">5.3-1 LOCALIDADES_INFRAESTRUCTURA<\/a><\/li>\n<li><a href=\"https:\/\/maatecalidadambiental.ambiente.gob.ec\/wp-content\/uploads\/2024\/10\/5.2-8-B-MACROINVERTEBRADOS.pdf\">5.2-8-B MACROINVERTEBRADOS<\/a><\/li>\n<li><a href=\"https:\/\/maatecalidadambiental.ambiente.gob.ec\/wp-content\/uploads\/2024\/10\/5.2-8-A-MACROINVERTEBRADOS.pdf\">5.2-8-A MACROINVERTEBRADOS<\/a><\/li>\n<li><a href=\"https:\/\/maatecalidadambiental.ambiente.gob.ec\/wp-content\/uploads\/2024\/10\/5.2-7-B-ICTIOFAUNA.pdf\">5.2-7-B ICTIOFAUNA<\/a><\/li>\n<li><a href=\"https:\/\/maatecalidadambiental.ambiente.gob.ec\/wp-content\/uploads\/2024\/10\/5.2-7-A-ICTIOFAUNA.pdf\">5.2-7-A ICTIOFAUNA<\/a><\/li>\n<li><a href=\"https:\/\/maatecalidadambiental.ambiente.gob.ec\/wp-content\/uploads\/2024\/10\/5.2-6-B-HERPETOFAUNA.pdf\">5.2-6-B HERPETOFAUNA<\/a><\/li>\n<li><a href=\"https:\/\/maatecalidadambiental.ambiente.gob.ec\/wp-content\/uploads\/2024\/10\/5.2-6-A-HERPETOFAUNA.pdf\">5.2-6-A HERPETOFAUNA<\/a><\/li>\n<li><a href=\"https:\/\/maatecalidadambiental.ambiente.gob.ec\/wp-content\/uploads\/2024\/10\/6.1-1-FORESTAL.pdf\">6.1-1 FORESTAL<\/a><\/li>\n<li><a href=\"https:\/\/maatecalidadambiental.ambiente.gob.ec\/wp-content\/uploads\/2024\/10\/7.1-1A-AID-FISICO-SUELO.pdf\">7.1-1A AID FISICO SUELO<\/a><\/li>\n<li><a href=\"https:\/\/maatecalidadambiental.ambiente.gob.ec\/wp-content\/uploads\/2024\/10\/7.1-1B-AID-FISICA-SUELO.pdf\">7.1-1B AID FISICA SUELO<\/a><\/li>\n<li><a href=\"https:\/\/maatecalidadambiental.ambiente.gob.ec\/wp-content\/uploads\/2024\/10\/7.1-2A-AID-FISICO-AIRE.pdf\">7.1-2A AID FISICO AIRE<\/a><\/li>\n<li><a href=\"https:\/\/maatecalidadambiental.ambiente.gob.ec\/wp-content\/uploads\/2024\/10\/7.1-2B-AID-FISICO-AIRE.pdf\">7.1-2B AID FISICO AIRE<\/a><\/li>\n<li><a href=\"https:\/\/maatecalidadambiental.ambiente.gob.ec\/wp-content\/uploads\/2024\/10\/7.1-3A-AID-FISICO-RUIDO.pdf\">7.1-3A AID FISICO RUIDO<\/a><\/li>\n<li><a href=\"https:\/\/maatecalidadambiental.ambiente.gob.ec\/wp-content\/uploads\/2024\/10\/7.1-3B-AID-FISICO-RUIDO.pdf\">7.1-3B AID FISICO RUIDO<\/a><\/li>\n<li><a href=\"https:\/\/maatecalidadambiental.ambiente.gob.ec\/wp-content\/uploads\/2024\/10\/7.1-4A-AID-HIDROLOGIA.pdf\">7.1-4A AID HIDROLOGIA<\/a><\/li>\n<li><a href=\"https:\/\/maatecalidadambiental.ambiente.gob.ec\/wp-content\/uploads\/2024\/10\/7.1-4B-AID-HIDROLOGIA.pdf\">7.1-4B AID HIDROLOGIA<\/a><\/li>\n<li><a href=\"https:\/\/maatecalidadambiental.ambiente.gob.ec\/wp-content\/uploads\/2024\/10\/7.1-9A-AID-TOTAL.pdf\">7.1-9A AID TOTAL<\/a><\/li>\n<li><a href=\"https:\/\/maatecalidadambiental.ambiente.gob.ec\/wp-content\/uploads\/2024\/10\/7.1-8B-AID-SOCIAL.pdf\">7.1-8B AID SOCIAL<\/a><\/li>\n<li><a href=\"https:\/\/maatecalidadambiental.ambiente.gob.ec\/wp-content\/uploads\/2024\/10\/7.1-8A-AID-SOCIAL.pdf\">7.1-8A AID SOCIAL<\/a><\/li>\n<li><a href=\"https:\/\/maatecalidadambiental.ambiente.gob.ec\/wp-content\/uploads\/2024\/10\/7.1-7B-AIDB-FAUNA-ACUATICA.pdf\">7.1-7B AIDB FAUNA ACUATICA<\/a><\/li>\n<li><a href=\"https:\/\/maatecalidadambiental.ambiente.gob.ec\/wp-content\/uploads\/2024\/10\/7.1-7A-AIDB-FAUNA-ACUATICA.pdf\">7.1-7A AIDB FAUNA ACUATICA<\/a><\/li>\n<li><a href=\"https:\/\/maatecalidadambiental.ambiente.gob.ec\/wp-content\/uploads\/2024\/10\/7.1-6B-AIB-FAUNA-TERRESTRE.pdf\">7.1-6B AIB FAUNA TERRESTRE<\/a><\/li>\n<li><a href=\"https:\/\/maatecalidadambiental.ambiente.gob.ec\/wp-content\/uploads\/2024\/10\/7.1-6A-AIB-FAUNA-TERRESTRE.pdf\">7.1-6A AIB FAUNA TERRESTRE<\/a><\/li>\n<li><a href=\"https:\/\/maatecalidadambiental.ambiente.gob.ec\/wp-content\/uploads\/2024\/10\/7.1-5B-AID-BIOTICO-FLORA.pdf\">7.1-5B AID BIOTICO FLORA<\/a><\/li>\n<li><a href=\"https:\/\/maatecalidadambiental.ambiente.gob.ec\/wp-content\/uploads\/2024\/10\/7.1-5A-AID-BIOTICO-FLORA.pdf\">7.1-5A AID BIOTICO FLORA<\/a><\/li>\n<li><a href=\"https:\/\/maatecalidadambiental.ambiente.gob.ec\/wp-content\/uploads\/2024\/10\/7.1-9B-AID-TOTAL.pdf\">7.1-9B AID TOTAL<\/a><\/li>\n<li><a href=\"https:\/\/maatecalidadambiental.ambiente.gob.ec\/wp-content\/uploads\/2024\/10\/7.2-2A-AIIF-HIDRICA.pdf\">7.2-2A AIIF HIDRICA<\/a><\/li>\n<li><a href=\"https:\/\/maatecalidadambiental.ambiente.gob.ec\/wp-content\/uploads\/2024\/10\/7.2-2B-AIIF-HIDRICA.pdf\">7.2-2B AIIF HIDRICA<\/a><\/li>\n<li><a href=\"https:\/\/maatecalidadambiental.ambiente.gob.ec\/wp-content\/uploads\/2024\/10\/7.2-3A-AII_BIOTICO.pdf\">7.2-3A AII_BIOTICO<\/a><\/li>\n<li><a href=\"https:\/\/maatecalidadambiental.ambiente.gob.ec\/wp-content\/uploads\/2024\/10\/7.2-3B-AII_BIOTICO.pdf\">7.2-3B AII_BIOTICO<\/a><\/li>\n<li><a href=\"https:\/\/maatecalidadambiental.ambiente.gob.ec\/wp-content\/uploads\/2024\/10\/7.2-4-AII-SOCIAL.pdf\">7.2-4 AII SOCIAL<\/a><\/li>\n<li><a href=\"https:\/\/maatecalidadambiental.ambiente.gob.ec\/wp-content\/uploads\/2024\/10\/7.3-1A1-SENSIBILIDAD-FISICA.pdf\">7.3-1A1 SENSIBILIDAD FISICA<\/a><\/li>\n<li><a href=\"https:\/\/maatecalidadambiental.ambiente.gob.ec\/wp-content\/uploads\/2024\/10\/7.3-1-A2-SENSIBILIDAD-FISICA.pdf\">7.3-1-A2 SENSIBILIDAD FISICA<\/a><\/li>\n<li><a href=\"https:\/\/maatecalidadambiental.ambiente.gob.ec\/wp-content\/uploads\/2024\/10\/7.3-1B1-SENSIBILIDAD-FISICA.pdf\">7.3-1B1 SENSIBILIDAD FISICA<\/a><\/li>\n<li><a href=\"https:\/\/maatecalidadambiental.ambiente.gob.ec\/wp-content\/uploads\/2024\/10\/8.1-1B-RIESGO-AMBIENTE-FISICO.pdf\">8.1-1B RIESGO AMBIENTE FISICO<\/a><\/li>\n<li><a href=\"https:\/\/maatecalidadambiental.ambiente.gob.ec\/wp-content\/uploads\/2024\/10\/8.1-1A-RIESGO-AMBIENTE-FISICO.pdf\">8.1-1A RIESGO AMBIENTE FISICO<\/a><\/li>\n<li><a href=\"https:\/\/maatecalidadambiental.ambiente.gob.ec\/wp-content\/uploads\/2024\/10\/7.3-5-SENSIBLIDAD-ARQUEOLOGICA.pdf\">7.3-5 SENSIBLIDAD ARQUEOLOGICA<\/a><\/li>\n<li><a href=\"https:\/\/maatecalidadambiental.ambiente.gob.ec\/wp-content\/uploads\/2024\/10\/7.3-4B-PROXIMIDAD.pdf\">7.3-4B PROXIMIDAD<\/a><\/li>\n<li><a href=\"https:\/\/maatecalidadambiental.ambiente.gob.ec\/wp-content\/uploads\/2024\/10\/7.3-4A-PROXIMIDAD.pdf\">7.3-4A PROXIMIDAD<\/a><\/li>\n<li><a href=\"https:\/\/maatecalidadambiental.ambiente.gob.ec\/wp-content\/uploads\/2024\/10\/7.3-3B-SENSIBILIDAD-SOCIAL.pdf\">7.3-3B SENSIBILIDAD SOCIAL<\/a><\/li>\n<li><a href=\"https:\/\/maatecalidadambiental.ambiente.gob.ec\/wp-content\/uploads\/2024\/10\/7.3-3A-SENSIBILIDAD-SOCIAL.pdf\">7.3-3A SENSIBILIDAD SOCIAL<\/a><\/li>\n<li><a href=\"https:\/\/maatecalidadambiental.ambiente.gob.ec\/wp-content\/uploads\/2024\/10\/7.3-2-SENSIBILIDAD-BIOTICA.pdf\">7.3-2 SENSIBILIDAD BIOTICA<\/a><\/li>\n<li><a href=\"https:\/\/maatecalidadambiental.ambiente.gob.ec\/wp-content\/uploads\/2024\/10\/7.3-1-B2-SENSIBILIDAD-FISICA.pdf\">7.3-1-B2 SENSIBILIDAD FISICA<\/a><\/li>\n<li><a href=\"https:\/\/maatecalidadambiental.ambiente.gob.ec\/wp-content\/uploads\/2024\/10\/8.1-2A-RIESGO-AMBIENTE-BIOTICO.pdf\">8.1-2A RIESGO AMBIENTE BIOTICO<\/a><\/li>\n<li><a href=\"https:\/\/maatecalidadambiental.ambiente.gob.ec\/wp-content\/uploads\/2024\/10\/8.1-2B-RIESGO-AMBIENTE-BIOTICO.pdf\">8.1-2B RIESGO AMBIENTE BIOTICO<\/a><\/li>\n<li><a href=\"https:\/\/maatecalidadambiental.ambiente.gob.ec\/wp-content\/uploads\/2024\/10\/8.1-3A-RIESGO-AMBIENTE-SOCIAL.pdf\">8.1-3A RIESGO AMBIENTE SOCIAL<\/a><\/li>\n<li><a href=\"https:\/\/maatecalidadambiental.ambiente.gob.ec\/wp-content\/uploads\/2024\/10\/8.1-3B-RIESGO-AMBIENTE-SOCIAL.pdf\">8.1-3B RIESGO AMBIENTE SOCIAL<\/a><\/li>\n<li><a href=\"https:\/\/maatecalidadambiental.ambiente.gob.ec\/wp-content\/uploads\/2024\/10\/8.2-1A-RIESGOS-PROYECTO-FISICO.pdf\">8.2-1A RIESGOS PROYECTO FISICO<\/a><\/li>\n<li><a href=\"https:\/\/maatecalidadambiental.ambiente.gob.ec\/wp-content\/uploads\/2024\/10\/8.2-1B-RIESGOS-PROYECTO-FISICO.pdf\">8.2-1B RIESGOS PROYECTO FISICO<\/a><\/li>\n<li><a href=\"https:\/\/maatecalidadambiental.ambiente.gob.ec\/wp-content\/uploads\/2024\/10\/8.2-2A-RIESGO-PROYECTO-BIOTICO.pdf\">8.2-2A RIESGO PROYECTO BIOTICO<\/a><\/li>\n<li><a href=\"https:\/\/maatecalidadambiental.ambiente.gob.ec\/wp-content\/uploads\/2024\/10\/8.2-2B-RIESGO-PROYECTO-BIOTICO.pdf\">8.2-2B RIESGO PROYECTO BIOTICO<\/a><\/li>\n<li><a href=\"https:\/\/maatecalidadambiental.ambiente.gob.ec\/wp-content\/uploads\/2024\/10\/8.2-3A-RIESGO-PROYECTO-SOCIAL.pdf\">8.2-3A RIESGO PROYECTO SOCIAL<\/a><\/li>\n<li><a href=\"https:\/\/maatecalidadambiental.ambiente.gob.ec\/wp-content\/uploads\/2024\/10\/10.1-3A-MONITOREO-BIOTICO-EXPLORACION-MACROINVERTEBRADOS.pdf\">10.1-3A MONITOREO BIOTICO EXPLORACION (MACROINVERTEBRADOS)<\/a><\/li>\n<li><a href=\"https:\/\/maatecalidadambiental.ambiente.gob.ec\/wp-content\/uploads\/2024\/10\/10.1-3A-MONITOREO-BIOTICO-EXPLORACION-ICTIOFAUNA.pdf\">10.1-3A MONITOREO BIOTICO EXPLORACION (ICTIOFAUNA)<\/a><\/li>\n<li><a href=\"https:\/\/maatecalidadambiental.ambiente.gob.ec\/wp-content\/uploads\/2024\/10\/10.1-3A-MONITOREO-BIOTICO-EXPLORACION-FLORA.pdf\">10.1-3A MONITOREO BIOTICO EXPLORACION (FLORA)<\/a><\/li>\n<li><a href=\"https:\/\/maatecalidadambiental.ambiente.gob.ec\/wp-content\/uploads\/2024\/10\/10.1-3A-MONITOREO-BIOTICO-EXPLORACION-ENTOMOFAUNA.pdf\">10.1-3A MONITOREO BIOTICO EXPLORACION (ENTOMOFAUNA)<\/a><\/li>\n<li><a href=\"https:\/\/maatecalidadambiental.ambiente.gob.ec\/wp-content\/uploads\/2024\/10\/10.1-3A-MONITOREO-BIOTICO-EXPLORACION-AVIFAUNA.pdf\">10.1-3A MONITOREO BIOTICO EXPLORACION (AVIFAUNA)<\/a><\/li>\n<li><a href=\"https:\/\/maatecalidadambiental.ambiente.gob.ec\/wp-content\/uploads\/2024\/10\/10.1-2B-MONITOREO-FISICO-EXPLOTACION.pdf\">10.1-2B MONITOREO FISICO EXPLOTACION<\/a><\/li>\n<li><a href=\"https:\/\/maatecalidadambiental.ambiente.gob.ec\/wp-content\/uploads\/2024\/10\/10.1-2A-MONITOREO-FISICO-EXPLORACION.pdf\">10.1-2A MONITOREO FISICO EXPLORACION<\/a><\/li>\n<li><a href=\"https:\/\/maatecalidadambiental.ambiente.gob.ec\/wp-content\/uploads\/2024\/10\/10.1-1-PUNTOS-DE-CONTROL.pdf\">10.1-1 PUNTOS DE CONTROL<\/a><\/li>\n<li><a href=\"https:\/\/maatecalidadambiental.ambiente.gob.ec\/wp-content\/uploads\/2024\/10\/8.2-3B-RIESGO-PROYECTO-SOCIAL.pdf\">8.2-3B RIESGO PROYECTO SOCIAL<\/a><\/li>\n<li><a href=\"https:\/\/maatecalidadambiental.ambiente.gob.ec\/wp-content\/uploads\/2024\/10\/10.1-3A-MONITOREO-BIOTICO-EXPLORACION-MASTOFAUNA.pdf\">10.1-3A MONITOREO BIOTICO EXPLORACION (MASTOFAUNA)<\/a><\/li>\n<li><a href=\"https:\/\/maatecalidadambiental.ambiente.gob.ec\/wp-content\/uploads\/2024\/10\/10.1-3A-MONITOREO-BIOTICO-EXPLORACION-HERPETOFAUNA.pdf\">10.1-3A MONITOREO BI\u00d3TICO EXPLORACION HERPETOFAUNA<\/a><\/li>\n<li><a href=\"https:\/\/maatecalidadambiental.ambiente.gob.ec\/wp-content\/uploads\/2024\/10\/10.1-3B-MONITOREO-BIOTICO-EXPLOTACION-AVIFAUNA.pdf\">10.1-3B MONITOREO BIOTICO EXPLOTACION (AVIFAUNA)<\/a><\/li>\n<li><a href=\"https:\/\/maatecalidadambiental.ambiente.gob.ec\/wp-content\/uploads\/2024\/10\/10.1-3B-MONITOREO-BIOTICO-EXPLOTACION-ENTOMOFAUNA.pdf\">10.1-3B MONITOREO BIOTICO EXPLOTACION (ENTOMOFAUNA)<\/a><\/li>\n<li><a href=\"https:\/\/maatecalidadambiental.ambiente.gob.ec\/wp-content\/uploads\/2024\/10\/10.1-3B-MONITOREO-BIOTICO-EXPLOTACION-FLORA.pdf\">10.1-3B MONITOREO BIOTICO EXPLOTACION (FLORA)<\/a><\/li>\n<li><a href=\"https:\/\/maatecalidadambiental.ambiente.gob.ec\/wp-content\/uploads\/2024\/10\/10.1-3B-MONITOREO-BIOTICO-EXPLOTACION-HERPETOFAUNA.pdf\">10.1-3B MONITOREO BIOTICO EXPLOTACION (HERPETOFAUNA)<\/a><\/li>\n<li><a href=\"https:\/\/maatecalidadambiental.ambiente.gob.ec\/wp-content\/uploads\/2024\/10\/10.1-3B-MONITOREO-BIOTICO-EXPLOTACION-ICTIOFAUNA.pdf\">10.1-3B MONITOREO BIOTICO EXPLOTACION (ICTIOFAUNA)<\/a><\/li>\n<li><a href=\"https:\/\/maatecalidadambiental.ambiente.gob.ec\/wp-content\/uploads\/2024\/10\/10.1-3B-MONITOREO-BIOTICO-EXPLOTACION-MACROINVERTEBRADOS.pdf\">10.1-3B MONITOREO BIOTICO EXPLOTACION (MACROINVERTEBRADOS)<\/a><\/li>\n<li><a href=\"https:\/\/maatecalidadambiental.ambiente.gob.ec\/wp-content\/uploads\/2024\/10\/10.1-3B-MONITOREO-BIOTICO-EXPLOTACION-MASTOFAUNA.pdf\">10.1-3B MONITOREO BIOTICO EXPLOTACION (MASTOFAUNA)<\/a><\/li>\n<\/ul>\n","protected":false},"excerpt":{"rendered":"<p>01_ Ficha T\u00e9cnica_V6 02_Introducci\u00f3n_V6 03_Descripci\u00f3n Proyecto_V6 04_Alternativas_V6 05.1_LB_F\u00edsica_V6 05.2_LB_Bi\u00f3tica_V6 05.3_LB_Social_V6 05.4_LB_Arqueolog\u00eda_V6 06_IF y VET_V6 07_\u00c1reas de influencia y sensibilidad_V6 08_An\u00e1lisis_de_Riesgos_V6 09_Impactos_V6 10.1_PMA_exploraci\u00f3n_V6 10.2_PMA_explotaci\u00f3n_V6 11_Glosario y Acr\u00f3nimos_V6 12_Bibliograf\u00eda_V6 CARTOGRAFIA.- 1-1_UBICACION 1-2_BASE 1-3_IMAGEN 1-4_MDT 3.1-1_IMPLANTACION PLATAFORMA FASE EXPLORACION 5.1-3 CLIMA 5.1-2 AREA NATURALES 5.1-1 PENDIENTES 4.1-1B ALTERNATIVAS FASE DE EXPLOTACI\u00d3N 4.1-1A ALTERNATIVAS FASE DE EXPLORACI\u00d3N 3.1-5 CAPTACIONES [&hellip;]<\/p>\n","protected":false},"author":2,"featured_media":0,"comment_status":"open","ping_status":"open","sticky":false,"template":"","format":"standard","meta":{"footnotes":""},"categories":[7],"tags":[],"class_list":["post-1206","post","type-post","status-publish","format-standard","hentry","category-hidrocarburos"],"_links":{"self":[{"href":"https:\/\/maatecalidadambiental.ambiente.gob.ec\/index.php\/wp-json\/wp\/v2\/posts\/1206","targetHints":{"allow":["GET"]}}],"collection":[{"href":"https:\/\/maatecalidadambiental.ambiente.gob.ec\/index.php\/wp-json\/wp\/v2\/posts"}],"about":[{"href":"https:\/\/maatecalidadambiental.ambiente.gob.ec\/index.php\/wp-json\/wp\/v2\/types\/post"}],"author":[{"embeddable":true,"href":"https:\/\/maatecalidadambiental.ambiente.gob.ec\/index.php\/wp-json\/wp\/v2\/users\/2"}],"replies":[{"embeddable":true,"href":"https:\/\/maatecalidadambiental.ambiente.gob.ec\/index.php\/wp-json\/wp\/v2\/comments?post=1206"}],"version-history":[{"count":6,"href":"https:\/\/maatecalidadambiental.ambiente.gob.ec\/index.php\/wp-json\/wp\/v2\/posts\/1206\/revisions"}],"predecessor-version":[{"id":1508,"href":"https:\/\/maatecalidadambiental.ambiente.gob.ec\/index.php\/wp-json\/wp\/v2\/posts\/1206\/revisions\/1508"}],"wp:attachment":[{"href":"https:\/\/maatecalidadambiental.ambiente.gob.ec\/index.php\/wp-json\/wp\/v2\/media?parent=1206"}],"wp:term":[{"taxonomy":"category","embeddable":true,"href":"https:\/\/maatecalidadambiental.ambiente.gob.ec\/index.php\/wp-json\/wp\/v2\/categories?post=1206"},{"taxonomy":"post_tag","embeddable":true,"href":"https:\/\/maatecalidadambiental.ambiente.gob.ec\/index.php\/wp-json\/wp\/v2\/tags?post=1206"}],"curies":[{"name":"wp","href":"https:\/\/api.w.org\/{rel}","templated":true}]}}