{"id":1519,"date":"2024-12-05T11:51:31","date_gmt":"2024-12-05T16:51:31","guid":{"rendered":"https:\/\/maatecalidadambiental.ambiente.gob.ec\/?p=1519"},"modified":"2024-12-05T11:51:31","modified_gmt":"2024-12-05T16:51:31","slug":"estudio-de-impacto-ambiental-y-plan-de-manejo-ambiental-para-la-fase-de-explotacion-del-bloque-espejo","status":"publish","type":"post","link":"https:\/\/maatecalidadambiental.ambiente.gob.ec\/index.php\/2024\/12\/05\/estudio-de-impacto-ambiental-y-plan-de-manejo-ambiental-para-la-fase-de-explotacion-del-bloque-espejo\/","title":{"rendered":"Estudio de Impacto Ambiental y Plan de Manejo Ambiental para la fase de Explotaci\u00f3n del Bloque Espejo"},"content":{"rendered":"<p><strong><em>Estudio de Impacto Ambiental y Plan de Manejo Ambiental para la fase de Explotaci\u00f3n del Bloque Espejo\u201d<\/em><\/strong><\/p>\n<p><a href=\"https:\/\/maatecalidadambiental.ambiente.gob.ec\/wp-content\/uploads\/2024\/12\/01_Ficha-Tecnica_VF.pdf\">01_Ficha T\u00e9cnica_VF<\/a><\/p>\n<p><a href=\"https:\/\/maatecalidadambiental.ambiente.gob.ec\/wp-content\/uploads\/2024\/12\/02_Introduccion_VF.pdf\">02_Introducci\u00f3n_VF<\/a><\/p>\n<p><a href=\"https:\/\/maatecalidadambiental.ambiente.gob.ec\/wp-content\/uploads\/2024\/12\/03.1_LB_Fisica_VF.pdf\">03.1_LB_F\u00edsica_VF<\/a><\/p>\n<p><a href=\"https:\/\/maatecalidadambiental.ambiente.gob.ec\/wp-content\/uploads\/2024\/12\/03.2_LB_Biotica_VF.pdf\">03.2_LB_Bi\u00f3tica_VF<\/a><\/p>\n<p><a href=\"https:\/\/maatecalidadambiental.ambiente.gob.ec\/wp-content\/uploads\/2024\/12\/03.3_LB_Social_VF.pdf\">03.3_LB_Social_VF<\/a><\/p>\n<p><a href=\"https:\/\/maatecalidadambiental.ambiente.gob.ec\/wp-content\/uploads\/2024\/12\/03.4-LB_Arqueologia_VF.pdf\">03.4 LB_Arqueolog\u00eda_VF<\/a><\/p>\n<p><a href=\"https:\/\/maatecalidadambiental.ambiente.gob.ec\/wp-content\/uploads\/2024\/12\/04_Forestal_VF.pdf\">04_Forestal_VF<\/a><\/p>\n<p><a href=\"https:\/\/maatecalidadambiental.ambiente.gob.ec\/wp-content\/uploads\/2024\/12\/05.1_Descripcion-del-Proyecto_VF.pdf\">05.1_Descripci\u00f3n del Proyecto_VF<\/a><\/p>\n<p><a href=\"https:\/\/maatecalidadambiental.ambiente.gob.ec\/wp-content\/uploads\/2024\/12\/05.6_Analisis-de-Alternativas_VF.pdf\">05.6_An\u00e1lisis de Alternativas_VF<\/a><\/p>\n<p><a href=\"https:\/\/maatecalidadambiental.ambiente.gob.ec\/wp-content\/uploads\/2024\/12\/06_AIyAS_VF.pdf\">06_AIyAS_VF<\/a><\/p>\n<p><a href=\"https:\/\/maatecalidadambiental.ambiente.gob.ec\/wp-content\/uploads\/2024\/12\/07_Analisis-de-Riesgos_VF.pdf\">07_An\u00e1lisis de Riesgos_VF<\/a><\/p>\n<p><a href=\"https:\/\/maatecalidadambiental.ambiente.gob.ec\/wp-content\/uploads\/2024\/12\/08_Impactos_VF.pdf\">08_Impactos_VF<\/a><\/p>\n<p><a href=\"https:\/\/maatecalidadambiental.ambiente.gob.ec\/wp-content\/uploads\/2024\/12\/09_PMA_VF.pdf\">09_PMA_VF<\/a><\/p>\n<p><a href=\"https:\/\/maatecalidadambiental.ambiente.gob.ec\/wp-content\/uploads\/2024\/12\/10.-Glosario_VF.pdf\">10. Glosario_VF<\/a><\/p>\n<p><a href=\"https:\/\/maatecalidadambiental.ambiente.gob.ec\/wp-content\/uploads\/2024\/12\/11_Bibliografia_VF.pdf\">11_Bibliograf\u00eda_VF<\/a><\/p>\n<p>&nbsp;<\/p>\n<p>CARTOGRAFIA:<\/p>\n<ul>\n<li><a href=\"https:\/\/maatecalidadambiental.ambiente.gob.ec\/wp-content\/uploads\/2024\/12\/1.1-1-UBICACION.pdf\">1.1-1 UBICACION<\/a><\/li>\n<li><a href=\"https:\/\/maatecalidadambiental.ambiente.gob.ec\/wp-content\/uploads\/2024\/12\/1.1-2-BASE.pdf\">1.1-2 BASE<\/a><\/li>\n<li><a href=\"https:\/\/maatecalidadambiental.ambiente.gob.ec\/wp-content\/uploads\/2024\/12\/1.1-3-IMAGEN.pdf\">1.1-3 IMAGEN<\/a><\/li>\n<li><a href=\"https:\/\/maatecalidadambiental.ambiente.gob.ec\/wp-content\/uploads\/2024\/12\/1.1-4-AREAS-NATURALES.pdf\">1.1-4 AREAS NATURALES<\/a><\/li>\n<li><a href=\"https:\/\/maatecalidadambiental.ambiente.gob.ec\/wp-content\/uploads\/2024\/12\/1.1-5-MDT.pdf\">1.1-5 MDT<\/a><\/li>\n<li><a href=\"https:\/\/maatecalidadambiental.ambiente.gob.ec\/wp-content\/uploads\/2024\/12\/1.1-6-PENDIENTES.pdf\">1.1-6 PENDIENTES<\/a><\/li>\n<li><a href=\"https:\/\/maatecalidadambiental.ambiente.gob.ec\/wp-content\/uploads\/2024\/12\/3.1-1-A-PROXIMIDAD_ESTACIONES.pdf\">3.1-1-A PROXIMIDAD_ESTACIONES<\/a><\/li>\n<li><a href=\"https:\/\/maatecalidadambiental.ambiente.gob.ec\/wp-content\/uploads\/2024\/12\/3.1-1-B-CLIMA.pdf\">3.1-1-B CLIMA<\/a><\/li>\n<li><a href=\"https:\/\/maatecalidadambiental.ambiente.gob.ec\/wp-content\/uploads\/2024\/12\/3.1-2-ISOTERMAS.pdf\">3.1-2 ISOTERMAS<\/a><\/li>\n<li><a href=\"https:\/\/maatecalidadambiental.ambiente.gob.ec\/wp-content\/uploads\/2024\/12\/3.1-3-ISOYETAS.pdf\">3.1-3 ISOYETAS<\/a><\/li>\n<li><a href=\"https:\/\/maatecalidadambiental.ambiente.gob.ec\/wp-content\/uploads\/2024\/12\/3.1-4-DEFICIT-HIDRICO.pdf\">3.1-4 DEFICIT HIDRICO<\/a><\/li>\n<li><a href=\"https:\/\/maatecalidadambiental.ambiente.gob.ec\/wp-content\/uploads\/2024\/12\/3.1-5-BIOCLIMAS.pdf\">3.1-5 BIOCLIMAS<\/a><\/li>\n<li><a href=\"https:\/\/maatecalidadambiental.ambiente.gob.ec\/wp-content\/uploads\/2024\/12\/3.1-6-GEOLOGIA.pdf\">3.1-6 GEOLOGIA<\/a><\/li>\n<li><a href=\"https:\/\/maatecalidadambiental.ambiente.gob.ec\/wp-content\/uploads\/2024\/12\/3.1-7-GEOTECNIA.pdf\">3.1-7 GEOTECNIA<\/a><\/li>\n<li><a href=\"https:\/\/maatecalidadambiental.ambiente.gob.ec\/wp-content\/uploads\/2024\/12\/3.1-8-SISMICO.pdf\">3.1-8 SISMICO<\/a><\/li>\n<li><a href=\"https:\/\/maatecalidadambiental.ambiente.gob.ec\/wp-content\/uploads\/2024\/12\/3.1-9-ESTABILIDAD.pdf\">3.1-9 ESTABILIDAD<\/a><\/li>\n<li><a href=\"https:\/\/maatecalidadambiental.ambiente.gob.ec\/wp-content\/uploads\/2024\/12\/3.1-10-GEOMORFOLOGIA.pdf\">3.1-10 GEOMORFOLOGIA<\/a><\/li>\n<li><a href=\"https:\/\/maatecalidadambiental.ambiente.gob.ec\/wp-content\/uploads\/2024\/12\/3.1-11-SUELOS.pdf\">3.1-11 SUELOS<\/a><\/li>\n<li><a href=\"https:\/\/maatecalidadambiental.ambiente.gob.ec\/wp-content\/uploads\/2024\/12\/3.1-12-CAPACIDAD.pdf\">3.1-12 CAPACIDAD<\/a><\/li>\n<li><a href=\"https:\/\/maatecalidadambiental.ambiente.gob.ec\/wp-content\/uploads\/2024\/12\/3.1-13-COBERTURA.pdf\">3.1-13 COBERTURA<\/a><\/li>\n<li><a href=\"https:\/\/maatecalidadambiental.ambiente.gob.ec\/wp-content\/uploads\/2024\/12\/3.1-14-CONFLICTOS.pdf\">3.1-14 CONFLICTOS<\/a><\/li>\n<li><a href=\"https:\/\/maatecalidadambiental.ambiente.gob.ec\/wp-content\/uploads\/2024\/12\/3.1-15-HIDROGEOLOGICO.pdf\">3.1-15 HIDROGEOLOGICO<\/a><\/li>\n<li><a href=\"https:\/\/maatecalidadambiental.ambiente.gob.ec\/wp-content\/uploads\/2024\/12\/3.1-16-HIDROLOGIA.pdf\">3.1-16 HIDROLOGIA<\/a><\/li>\n<li><a href=\"https:\/\/maatecalidadambiental.ambiente.gob.ec\/wp-content\/uploads\/2024\/12\/3.1-17-RUIDO.pdf\">3.1-17 RUIDO<\/a><\/li>\n<li><a href=\"https:\/\/maatecalidadambiental.ambiente.gob.ec\/wp-content\/uploads\/2024\/12\/3.1-18-AIRE.pdf\">3.1-18 AIRE<\/a><\/li>\n<li><a href=\"https:\/\/maatecalidadambiental.ambiente.gob.ec\/wp-content\/uploads\/2024\/12\/3.1-19-FUENTES-CONTAMINACION.pdf\">3.1-19 FUENTES CONTAMINACION<\/a><\/li>\n<li><a href=\"https:\/\/maatecalidadambiental.ambiente.gob.ec\/wp-content\/uploads\/2024\/12\/3.2-1-ECOSISTEMAS.pdf\">3.2-1 ECOSISTEMAS<\/a><\/li>\n<li><a href=\"https:\/\/maatecalidadambiental.ambiente.gob.ec\/wp-content\/uploads\/2024\/12\/3.2-2-FLORA.pdf\">3.2-2 FLORA<\/a><\/li>\n<li><a href=\"https:\/\/maatecalidadambiental.ambiente.gob.ec\/wp-content\/uploads\/2024\/12\/3.2-3-AVIFAUNA.pdf\">3.2-3 AVIFAUNA<\/a><\/li>\n<li><a href=\"https:\/\/maatecalidadambiental.ambiente.gob.ec\/wp-content\/uploads\/2024\/12\/3.2-4-MASTOFAUNA.pdf\">3.2-4 MASTOFAUNA<\/a><\/li>\n<li><a href=\"https:\/\/maatecalidadambiental.ambiente.gob.ec\/wp-content\/uploads\/2024\/12\/3.2-5-HERPETOFAUNA.pdf\">3.2-5 HERPETOFAUNA<\/a><\/li>\n<li><a href=\"https:\/\/maatecalidadambiental.ambiente.gob.ec\/wp-content\/uploads\/2024\/12\/3.2-6-ENTOMOFAUNA.pdf\">3.2-6 ENTOMOFAUNA<\/a><\/li>\n<li><a href=\"https:\/\/maatecalidadambiental.ambiente.gob.ec\/wp-content\/uploads\/2024\/12\/3.2-7-ICTIOFAUNA.pdf\">3.2-7 ICTIOFAUNA<\/a><\/li>\n<li><a href=\"https:\/\/maatecalidadambiental.ambiente.gob.ec\/wp-content\/uploads\/2024\/12\/3.2-8-MACROINVERTEBRADOS.pdf\">3.2-8 MACROINVERTEBRADOS<\/a><\/li>\n<li><a href=\"https:\/\/maatecalidadambiental.ambiente.gob.ec\/wp-content\/uploads\/2024\/12\/3.3-1-A-LOCALIDADES-AREA-GEOGRAFICA.pdf\">3.3-1-A LOCALIDADES AREA GEOGRAFICA<\/a><\/li>\n<li><a href=\"https:\/\/maatecalidadambiental.ambiente.gob.ec\/wp-content\/uploads\/2024\/12\/3.3-1-B-LOCALIDADES-AREA-IMPLANTACION.pdf\">3.3-1-B LOCALIDADES AREA IMPLANTACION<\/a><\/li>\n<li><a href=\"https:\/\/maatecalidadambiental.ambiente.gob.ec\/wp-content\/uploads\/2024\/12\/3.3-2-A-PREDIOS_MISS-ECUADOR.pdf\">3.3-2-A PREDIOS_MISS ECUADOR<\/a><\/li>\n<li><a href=\"https:\/\/maatecalidadambiental.ambiente.gob.ec\/wp-content\/uploads\/2024\/12\/3.3-2-B-PREDIOS_TAHUANTINSUYO.pdf\">3.3-2-B PREDIOS_TAHUANTINSUYO<\/a><\/li>\n<li><a href=\"https:\/\/maatecalidadambiental.ambiente.gob.ec\/wp-content\/uploads\/2024\/12\/3.3-2-C-PREDIOS_ORAHUEAYA.pdf\">3.3-2-C PREDIOS_ORAHUEAYA<\/a><\/li>\n<li><a href=\"https:\/\/maatecalidadambiental.ambiente.gob.ec\/wp-content\/uploads\/2024\/12\/3.3-2-D-PREDIOS_LA-PANTERA.pdf\">3.3-2-D PREDIOS_LA PANTERA<\/a><\/li>\n<li><a href=\"https:\/\/maatecalidadambiental.ambiente.gob.ec\/wp-content\/uploads\/2024\/12\/3.3-2-E-PREDIOS_EL-ORO.pdf\">3.3-2-E PREDIOS_EL ORO<\/a><\/li>\n<li><a href=\"https:\/\/maatecalidadambiental.ambiente.gob.ec\/wp-content\/uploads\/2024\/12\/3.3-2-F-PREDIOS_RIO-DOCH1.pdf\">3.3-2-F PREDIOS_RIO DOCH1<\/a><\/li>\n<li><a href=\"https:\/\/maatecalidadambiental.ambiente.gob.ec\/wp-content\/uploads\/2024\/12\/3.3-2-G-PREDIOS_NUEVOS_HORIZONTES.pdf\">3.3-2-G PREDIOS_NUEVOS_HORIZONTES<\/a><\/li>\n<li><a href=\"https:\/\/maatecalidadambiental.ambiente.gob.ec\/wp-content\/uploads\/2024\/12\/3.3-2-H-PREDIOS_SHUSHUFINDI-URBANO_1.pdf\">3.3-2-H PREDIOS_SHUSHUFINDI URBANO_1<\/a><\/li>\n<li><a href=\"https:\/\/maatecalidadambiental.ambiente.gob.ec\/wp-content\/uploads\/2024\/12\/3.3-2-H-PREDIOS_SHUSHUFINDI-URBANO_2.pdf\">3.3-2-H PREDIOS_SHUSHUFINDI URBANO_2<\/a><\/li>\n<li><a href=\"https:\/\/maatecalidadambiental.ambiente.gob.ec\/wp-content\/uploads\/2024\/12\/3.3-2-I-PREDIOS_PALMERAS.pdf\">3.3-2-I PREDIOS_PALMERAS<\/a><\/li>\n<li><a href=\"https:\/\/maatecalidadambiental.ambiente.gob.ec\/wp-content\/uploads\/2024\/12\/3.3-3-INFRAESTRUCTURA_COMUNITARIA.pdf\">3.3-3 INFRAESTRUCTURA_COMUNITARIA<\/a><\/li>\n<li><a href=\"https:\/\/maatecalidadambiental.ambiente.gob.ec\/wp-content\/uploads\/2024\/12\/3.3-4-A-VIVIENDAS_MISS-ECUADOR.pdf\">3.3-4-A VIVIENDAS_MISS ECUADOR<\/a><\/li>\n<li><a href=\"https:\/\/maatecalidadambiental.ambiente.gob.ec\/wp-content\/uploads\/2024\/12\/3.3-4-B-VIVIENDAS_TAHUANTINSUYO.pdf\">3.3-4-B VIVIENDAS_TAHUANTINSUYO<\/a><\/li>\n<li><a href=\"https:\/\/maatecalidadambiental.ambiente.gob.ec\/wp-content\/uploads\/2024\/12\/3.3-4-C-VIVIENDAS_ORAHUEAYA.pdf\">3.3-4-C VIVIENDAS_ORAHUEAYA<\/a><\/li>\n<li><a href=\"https:\/\/maatecalidadambiental.ambiente.gob.ec\/wp-content\/uploads\/2024\/12\/3.3-4-D-VIVIENDAS_LA-PANTERA.pdf\">3.3-4-D VIVIENDAS_LA PANTERA<\/a><\/li>\n<li><a href=\"https:\/\/maatecalidadambiental.ambiente.gob.ec\/wp-content\/uploads\/2024\/12\/3.3-4-E-VIVIENDAS_EL-ORO.pdf\">3.3-4-E VIVIENDAS_EL ORO<\/a><\/li>\n<li><a href=\"https:\/\/maatecalidadambiental.ambiente.gob.ec\/wp-content\/uploads\/2024\/12\/3.3-4-F-VIVIENDAS_RIO-DOCH-1.pdf\">3.3-4-F VIVIENDAS_RIO DOCH 1<\/a><\/li>\n<li><a href=\"https:\/\/maatecalidadambiental.ambiente.gob.ec\/wp-content\/uploads\/2024\/12\/3.3-4-G-VIVIENDAS_NUEVOS-HORIZONTES.pdf\">3.3-4-G VIVIENDAS_NUEVOS HORIZONTES<\/a><\/li>\n<li><a href=\"https:\/\/maatecalidadambiental.ambiente.gob.ec\/wp-content\/uploads\/2024\/12\/3.3-4-H-VIVIENDAS_SHUSHUFINDI-URBANO.pdf\">3.3-4-H VIVIENDAS_SHUSHUFINDI URBANO<\/a><\/li>\n<li><a href=\"https:\/\/maatecalidadambiental.ambiente.gob.ec\/wp-content\/uploads\/2024\/12\/3.3-4-I-VIVIENDAS_PALMERAS.pdf\">3.3-4-I VIVIENDAS_PALMERAS<\/a><\/li>\n<li><a href=\"https:\/\/maatecalidadambiental.ambiente.gob.ec\/wp-content\/uploads\/2024\/12\/3.3-5-TERRITORIO-ANCESTRAL.pdf\">3.3-5 TERRITORIO ANCESTRAL<\/a><\/li>\n<li><a href=\"https:\/\/maatecalidadambiental.ambiente.gob.ec\/wp-content\/uploads\/2024\/12\/3.4-1-ARQUEOLOGIA.pdf\">3.4-1 ARQUEOLOGIA<\/a><\/li>\n<li><a href=\"https:\/\/maatecalidadambiental.ambiente.gob.ec\/wp-content\/uploads\/2024\/12\/4.1-FORESTAL.pdf\">4.1 FORESTAL<\/a><\/li>\n<li><a href=\"https:\/\/maatecalidadambiental.ambiente.gob.ec\/wp-content\/uploads\/2024\/12\/5.1-1-IMPLANTACION_CPF_PAD_A.pdf\">5.1-1 IMPLANTACION_CPF_PAD_A<\/a><\/li>\n<li><a href=\"https:\/\/maatecalidadambiental.ambiente.gob.ec\/wp-content\/uploads\/2024\/12\/5.1-1-IMPLANTACION_CPF_PAD_B.pdf\">5.1-1 IMPLANTACION_CPF_PAD_B<\/a><\/li>\n<li><a href=\"https:\/\/maatecalidadambiental.ambiente.gob.ec\/wp-content\/uploads\/2024\/12\/5.1-1-IMPLANTACION_CPF_PAD_D.pdf\">5.1-1 IMPLANTACION_CPF_PAD_D<\/a><\/li>\n<li><a href=\"https:\/\/maatecalidadambiental.ambiente.gob.ec\/wp-content\/uploads\/2024\/12\/5.1-1-IMPLANTACION_PAD_C.pdf\">5.1-1 IMPLANTACION_PAD_C<\/a><\/li>\n<li><a href=\"https:\/\/maatecalidadambiental.ambiente.gob.ec\/wp-content\/uploads\/2024\/12\/5.1-1-IMPLANTACION_PAD_E.pdf\">5.1-1 IMPLANTACION_PAD_E<\/a><\/li>\n<li><a href=\"https:\/\/maatecalidadambiental.ambiente.gob.ec\/wp-content\/uploads\/2024\/12\/5.1-1-IMPLANTACION_PAD_F.pdf\">5.1-1 IMPLANTACION_PAD_F<\/a><\/li>\n<li><a href=\"https:\/\/maatecalidadambiental.ambiente.gob.ec\/wp-content\/uploads\/2024\/12\/5.1-1-IMPLANTACION_PAD_G.pdf\">5.1-1 IMPLANTACION_PAD_G<\/a><\/li>\n<li><a href=\"https:\/\/maatecalidadambiental.ambiente.gob.ec\/wp-content\/uploads\/2024\/12\/5.1-2-IMPLANTACION_LINEA_FLUJO.pdf\">5.1-2 IMPLANTACION_LINEA_FLUJO<\/a><\/li>\n<li><a href=\"https:\/\/maatecalidadambiental.ambiente.gob.ec\/wp-content\/uploads\/2024\/12\/5.1-3-IMPLANTACION_OLEODUCTOS.pdf\">5.1-3 IMPLANTACION_OLEODUCTOS<\/a><\/li>\n<li><a href=\"https:\/\/maatecalidadambiental.ambiente.gob.ec\/wp-content\/uploads\/2024\/12\/5.1-4-IMPLANTACION-LINEAS-DE-TRANSMISION.pdf\">5.1-4 IMPLANTACION LINEAS DE TRANSMISION<\/a><\/li>\n<li><a href=\"https:\/\/maatecalidadambiental.ambiente.gob.ec\/wp-content\/uploads\/2024\/12\/5.1-5-CAPTACION.pdf\">5.1-5 CAPTACION<\/a><\/li>\n<li><a href=\"https:\/\/maatecalidadambiental.ambiente.gob.ec\/wp-content\/uploads\/2024\/12\/5.1-6-DERECHO-VIA.pdf\">5.1-6 DERECHO VIA<\/a><\/li>\n<li><a href=\"https:\/\/maatecalidadambiental.ambiente.gob.ec\/wp-content\/uploads\/2024\/12\/5.2-1-A-ALTERNATIVAS-OLEODUCTO-SECUNDARIO.pdf\">5.2-1-A ALTERNATIVAS OLEODUCTO SECUNDARIO<\/a><\/li>\n<li><a href=\"https:\/\/maatecalidadambiental.ambiente.gob.ec\/wp-content\/uploads\/2024\/12\/5.2-1-B-ALTERNATIVAS-LINEA-TRANSMISION.pdf\">5.2-1-B ALTERNATIVAS LINEA TRANSMISION<\/a><\/li>\n<li><a href=\"https:\/\/maatecalidadambiental.ambiente.gob.ec\/wp-content\/uploads\/2024\/12\/5.2-1-C-ALTERNATIVAS-LINEA-DE-FLUJO.pdf\">5.2-1-C ALTERNATIVAS LINEA DE FLUJO<\/a><\/li>\n<li><a href=\"https:\/\/maatecalidadambiental.ambiente.gob.ec\/wp-content\/uploads\/2024\/12\/6.1-1-A-AIDF-SUELO.pdf\">6.1-1-A AIDF SUELO<\/a><\/li>\n<li><a href=\"https:\/\/maatecalidadambiental.ambiente.gob.ec\/wp-content\/uploads\/2024\/12\/6.1-1-B-AIDF-AIRE.pdf\">6.1-1-B AIDF AIRE<\/a><\/li>\n<li><a href=\"https:\/\/maatecalidadambiental.ambiente.gob.ec\/wp-content\/uploads\/2024\/12\/6.1-1-C-AIDF-RUIDO.pdf\">6.1-1-C AIDF RUIDO<\/a><\/li>\n<li><a href=\"https:\/\/maatecalidadambiental.ambiente.gob.ec\/wp-content\/uploads\/2024\/12\/6.1-1-D-AIDF-HIDRICA.pdf\">6.1-1-D AIDF HIDRICA<\/a><\/li>\n<li><a href=\"https:\/\/maatecalidadambiental.ambiente.gob.ec\/wp-content\/uploads\/2024\/12\/6.1-1-E-AIDF-CAMPOS.pdf\">6.1-1-E AIDF CAMPOS<\/a><\/li>\n<li><a href=\"https:\/\/maatecalidadambiental.ambiente.gob.ec\/wp-content\/uploads\/2024\/12\/6.1-2-A-AIDB-FLORA_FTERRESTRE.pdf\">6.1-2-A AIDB FLORA_FTERRESTRE<\/a><\/li>\n<li><a href=\"https:\/\/maatecalidadambiental.ambiente.gob.ec\/wp-content\/uploads\/2024\/12\/6.1-2-B-AIDB-FAUNA-ACUATICA.pdf\">6.1-2-B AIDB FAUNA ACUATICA<\/a><\/li>\n<li><a href=\"https:\/\/maatecalidadambiental.ambiente.gob.ec\/wp-content\/uploads\/2024\/12\/6.1-3-A-AID-SOCIOECONOMICO_MISS-ECUADOR.pdf\">6.1-3-A AID SOCIOECONOMICO_MISS ECUADOR<\/a><\/li>\n<li><a href=\"https:\/\/maatecalidadambiental.ambiente.gob.ec\/wp-content\/uploads\/2024\/12\/6.1-3-B-AID-SOCIOECONOMICO_TAHUANTINSUYO.pdf\">6.1-3-B AID SOCIOECONOMICO_TAHUANTINSUYO<\/a><\/li>\n<li><a href=\"https:\/\/maatecalidadambiental.ambiente.gob.ec\/wp-content\/uploads\/2024\/12\/6.1-3-C-AID-SOCIOECONOMICO_ORAHUEAYA.pdf\">6.1-3-C AID SOCIOECONOMICO_ORAHUEAYA<\/a><\/li>\n<li><a href=\"https:\/\/maatecalidadambiental.ambiente.gob.ec\/wp-content\/uploads\/2024\/12\/6.1-3-D-AID-SOCIOECONOMICO_LA-PANTERA.pdf\">6.1-3-D AID SOCIOECONOMICO_LA PANTERA<\/a><\/li>\n<li><a href=\"https:\/\/maatecalidadambiental.ambiente.gob.ec\/wp-content\/uploads\/2024\/12\/6.1-3-E-AID-SOCIOECONOMICO_EL-ORO.pdf\">6.1-3-E AID SOCIOECONOMICO_EL ORO<\/a><\/li>\n<li><a href=\"https:\/\/maatecalidadambiental.ambiente.gob.ec\/wp-content\/uploads\/2024\/12\/6.1-3-F-AID-SOCIOECONOMICO_RIO-DOCH1.pdf\">6.1-3-F AID SOCIOECONOMICO_RIO DOCH1<\/a><\/li>\n<li><a href=\"https:\/\/maatecalidadambiental.ambiente.gob.ec\/wp-content\/uploads\/2024\/12\/6.1-3-G-AID-SOCIOECONOMICO_NUEVOS-HORIZONTES.pdf\">6.1-3-G AID SOCIOECONOMICO_NUEVOS HORIZONTES<\/a><\/li>\n<li><a href=\"https:\/\/maatecalidadambiental.ambiente.gob.ec\/wp-content\/uploads\/2024\/12\/6.1-3-H-AID-SOCIOECONOMICO_SSFD-URBANO_1.pdf\">6.1-3-H AID SOCIOECONOMICO_SSFD URBANO_1<\/a><\/li>\n<li><a href=\"https:\/\/maatecalidadambiental.ambiente.gob.ec\/wp-content\/uploads\/2024\/12\/6.1-3-H-AID-SOCIOECONOMICO_SSFD-URBANO_2.pdf\">6.1-3-H AID SOCIOECONOMICO_SSFD URBANO_2<\/a><\/li>\n<li><a href=\"https:\/\/maatecalidadambiental.ambiente.gob.ec\/wp-content\/uploads\/2024\/12\/6.1-3-I-AID-SOCIOECONOMICO_PALMERAS.pdf\">6.1-3-I AID SOCIOECONOMICO_PALMERAS<\/a><\/li>\n<li><a href=\"https:\/\/maatecalidadambiental.ambiente.gob.ec\/wp-content\/uploads\/2024\/12\/6.1-4-AID-TOTAL.pdf\">6.1-4 AID TOTAL<\/a><\/li>\n<li><a href=\"https:\/\/maatecalidadambiental.ambiente.gob.ec\/wp-content\/uploads\/2024\/12\/6.2-1-A-AIIF-RUIDO-AIRE.pdf\">6.2-1-A AIIF RUIDO AIRE<\/a><\/li>\n<li><a href=\"https:\/\/maatecalidadambiental.ambiente.gob.ec\/wp-content\/uploads\/2024\/12\/6.2-1-B-AIIF-HIDRICA.pdf\">6.2-1-B AIIF HIDRICA<\/a><\/li>\n<li><a href=\"https:\/\/maatecalidadambiental.ambiente.gob.ec\/wp-content\/uploads\/2024\/12\/6.2-2-A-AIIB_FLORA_FTERRESTRE.pdf\">6.2-2-A AIIB_FLORA_FTERRESTRE<\/a><\/li>\n<li><a href=\"https:\/\/maatecalidadambiental.ambiente.gob.ec\/wp-content\/uploads\/2024\/12\/6.2-2-B-AII_FACUATICA.pdf\">6.2-2-B AII_FACUATICA<\/a><\/li>\n<li><a href=\"https:\/\/maatecalidadambiental.ambiente.gob.ec\/wp-content\/uploads\/2024\/12\/6.2-3-AII-SOCIAL.pdf\">6.2-3 AII SOCIAL<\/a><\/li>\n<li><a href=\"https:\/\/maatecalidadambiental.ambiente.gob.ec\/wp-content\/uploads\/2024\/12\/6.2-4-AII-TOTAL.pdf\">6.2-4 AII TOTAL<\/a><\/li>\n<li><a href=\"https:\/\/maatecalidadambiental.ambiente.gob.ec\/wp-content\/uploads\/2024\/12\/6.3-1-A-SENSIBILIDAD_FISICA.pdf\">6.3-1-A SENSIBILIDAD_FISICA<\/a><\/li>\n<li><a href=\"https:\/\/maatecalidadambiental.ambiente.gob.ec\/wp-content\/uploads\/2024\/12\/6.3-1-B-SENSIBILIDAD-FISICA.pdf\">6.3-1-B SENSIBILIDAD FISICA<\/a><\/li>\n<li><a href=\"https:\/\/maatecalidadambiental.ambiente.gob.ec\/wp-content\/uploads\/2024\/12\/6.3-1-C-SENSIBILIDAD-FISICA.pdf\">6.3-1-C SENSIBILIDAD FISICA<\/a><\/li>\n<li><a href=\"https:\/\/maatecalidadambiental.ambiente.gob.ec\/wp-content\/uploads\/2024\/12\/6.3-1-D-SENSIBILIDAD-FISICA.pdf\">6.3-1-D SENSIBILIDAD FISICA<\/a><\/li>\n<li><a href=\"https:\/\/maatecalidadambiental.ambiente.gob.ec\/wp-content\/uploads\/2024\/12\/6.3-2-SENSIBILIDAD_BIOTICA.pdf\">6.3-2 SENSIBILIDAD_BIOTICA<\/a><\/li>\n<li><a href=\"https:\/\/maatecalidadambiental.ambiente.gob.ec\/wp-content\/uploads\/2024\/12\/6.3-3-SENSIBILIDAD-SOCIAL.pdf\">6.3-3 SENSIBILIDAD SOCIAL<\/a><\/li>\n<li><a href=\"https:\/\/maatecalidadambiental.ambiente.gob.ec\/wp-content\/uploads\/2024\/12\/6.3-4-A-PROXIMIDADES.pdf\">6.3-4-A PROXIMIDADES<\/a><\/li>\n<li><a href=\"https:\/\/maatecalidadambiental.ambiente.gob.ec\/wp-content\/uploads\/2024\/12\/6.3-4-B-PROXIMIDADES-VIVENDAS.pdf\">6.3-4-B PROXIMIDADES (VIVENDAS)<\/a><\/li>\n<li><a href=\"https:\/\/maatecalidadambiental.ambiente.gob.ec\/wp-content\/uploads\/2024\/12\/6.3-5-RECEPTORES-SENSIBLES.pdf\">6.3-5 RECEPTORES SENSIBLES<\/a><\/li>\n<li><a href=\"https:\/\/maatecalidadambiental.ambiente.gob.ec\/wp-content\/uploads\/2024\/12\/6.3-6-SENSIBILIDAD-ARQUEOLOGICA.pdf\">6.3-6 SENSIBILIDAD ARQUEOLOGICA<\/a><\/li>\n<li><a href=\"https:\/\/maatecalidadambiental.ambiente.gob.ec\/wp-content\/uploads\/2024\/12\/7.1-1-RIESGOS-AMBIENTE-FISICO.pdf\">7.1-1 RIESGOS AMBIENTE FISICO<\/a><\/li>\n<li><a href=\"https:\/\/maatecalidadambiental.ambiente.gob.ec\/wp-content\/uploads\/2024\/12\/7.1-2-RIESGOS-AMBIENTE-BIOTICO.pdf\">7.1-2 RIESGOS AMBIENTE BIOTICO<\/a><\/li>\n<li><a href=\"https:\/\/maatecalidadambiental.ambiente.gob.ec\/wp-content\/uploads\/2024\/12\/7.1-3-RIESGOS-AMBIENTE-SOCIAL.pdf\">7.1-3 RIESGOS AMBIENTE SOCIAL<\/a><\/li>\n<li><a href=\"https:\/\/maatecalidadambiental.ambiente.gob.ec\/wp-content\/uploads\/2024\/12\/7.2-1-RIESGOS-PROYECTO-FISICO.pdf\">7.2-1 RIESGOS PROYECTO FISICO<\/a><\/li>\n<li><a href=\"https:\/\/maatecalidadambiental.ambiente.gob.ec\/wp-content\/uploads\/2024\/12\/7.2-2-RIESGOS-PROYECTO-BIOTICO.pdf\">7.2-2 RIESGOS PROYECTO BIOTICO<\/a><\/li>\n<li><a href=\"https:\/\/maatecalidadambiental.ambiente.gob.ec\/wp-content\/uploads\/2024\/12\/7.2-3-RIESGO-PROYECTO-SOCIAL.pdf\">7.2-3 RIESGO PROYECTO SOCIAL<\/a><\/li>\n<li><a href=\"https:\/\/maatecalidadambiental.ambiente.gob.ec\/wp-content\/uploads\/2024\/12\/10.1-PUNTOS_CONTROL.pdf\">10.1 PUNTOS_CONTROL<\/a><\/li>\n<li><a href=\"https:\/\/maatecalidadambiental.ambiente.gob.ec\/wp-content\/uploads\/2024\/12\/10.2-MAPA-DE-MONITOREO-FISICO.pdf\">10.2 MAPA DE MONITOREO FISICO<\/a><\/li>\n<li><a href=\"https:\/\/maatecalidadambiental.ambiente.gob.ec\/wp-content\/uploads\/2024\/12\/10.3-A-MONITOREO_BIOTICA_FLORA.pdf\">10.3-A MONITOREO_BIOTICA_FLORA<\/a><\/li>\n<li><a href=\"https:\/\/maatecalidadambiental.ambiente.gob.ec\/wp-content\/uploads\/2024\/12\/10.3-B-MONITOREO_BIOTICA_AVIFAUNA.pdf\">10.3-B MONITOREO_BIOTICA_AVIFAUNA<\/a><\/li>\n<li><a href=\"https:\/\/maatecalidadambiental.ambiente.gob.ec\/wp-content\/uploads\/2024\/12\/10.3-C-MONITOREO_BIOTICO_MASTOFAUNA.pdf\">10.3-C MONITOREO_BIOTICO_MASTOFAUNA<\/a><\/li>\n<li><a href=\"https:\/\/maatecalidadambiental.ambiente.gob.ec\/wp-content\/uploads\/2024\/12\/10.3-D-MONITOREO_BIOTICO_HERPETOFAUNA.pdf\">10.3-D MONITOREO_BIOTICO_HERPETOFAUNA<\/a><\/li>\n<li><a href=\"https:\/\/maatecalidadambiental.ambiente.gob.ec\/wp-content\/uploads\/2024\/12\/10.3-E-MONITOREO_BIOTICO_ENTOMOFAUNA.pdf\">10.3-E MONITOREO_BIOTICO_ENTOMOFAUNA<\/a><\/li>\n<li><a href=\"https:\/\/maatecalidadambiental.ambiente.gob.ec\/wp-content\/uploads\/2024\/12\/10.3-F-MONITOREO_BIOTICO_FACUATICA.pdf\">10.3-F MONITOREO_BIOTICO_FACUATICA<\/a><\/li>\n<\/ul>\n","protected":false},"excerpt":{"rendered":"<p>Estudio de Impacto Ambiental y Plan de Manejo Ambiental para la fase de Explotaci\u00f3n del Bloque Espejo\u201d 01_Ficha T\u00e9cnica_VF 02_Introducci\u00f3n_VF 03.1_LB_F\u00edsica_VF 03.2_LB_Bi\u00f3tica_VF 03.3_LB_Social_VF 03.4 LB_Arqueolog\u00eda_VF 04_Forestal_VF 05.1_Descripci\u00f3n del Proyecto_VF 05.6_An\u00e1lisis de Alternativas_VF 06_AIyAS_VF 07_An\u00e1lisis de Riesgos_VF 08_Impactos_VF 09_PMA_VF 10. Glosario_VF 11_Bibliograf\u00eda_VF &nbsp; CARTOGRAFIA: 1.1-1 UBICACION 1.1-2 BASE 1.1-3 IMAGEN 1.1-4 AREAS NATURALES 1.1-5 MDT 1.1-6 [&hellip;]<\/p>\n","protected":false},"author":2,"featured_media":0,"comment_status":"open","ping_status":"open","sticky":false,"template":"","format":"standard","meta":{"footnotes":""},"categories":[7],"tags":[],"class_list":["post-1519","post","type-post","status-publish","format-standard","hentry","category-hidrocarburos"],"_links":{"self":[{"href":"https:\/\/maatecalidadambiental.ambiente.gob.ec\/index.php\/wp-json\/wp\/v2\/posts\/1519","targetHints":{"allow":["GET"]}}],"collection":[{"href":"https:\/\/maatecalidadambiental.ambiente.gob.ec\/index.php\/wp-json\/wp\/v2\/posts"}],"about":[{"href":"https:\/\/maatecalidadambiental.ambiente.gob.ec\/index.php\/wp-json\/wp\/v2\/types\/post"}],"author":[{"embeddable":true,"href":"https:\/\/maatecalidadambiental.ambiente.gob.ec\/index.php\/wp-json\/wp\/v2\/users\/2"}],"replies":[{"embeddable":true,"href":"https:\/\/maatecalidadambiental.ambiente.gob.ec\/index.php\/wp-json\/wp\/v2\/comments?post=1519"}],"version-history":[{"count":1,"href":"https:\/\/maatecalidadambiental.ambiente.gob.ec\/index.php\/wp-json\/wp\/v2\/posts\/1519\/revisions"}],"predecessor-version":[{"id":1657,"href":"https:\/\/maatecalidadambiental.ambiente.gob.ec\/index.php\/wp-json\/wp\/v2\/posts\/1519\/revisions\/1657"}],"wp:attachment":[{"href":"https:\/\/maatecalidadambiental.ambiente.gob.ec\/index.php\/wp-json\/wp\/v2\/media?parent=1519"}],"wp:term":[{"taxonomy":"category","embeddable":true,"href":"https:\/\/maatecalidadambiental.ambiente.gob.ec\/index.php\/wp-json\/wp\/v2\/categories?post=1519"},{"taxonomy":"post_tag","embeddable":true,"href":"https:\/\/maatecalidadambiental.ambiente.gob.ec\/index.php\/wp-json\/wp\/v2\/tags?post=1519"}],"curies":[{"name":"wp","href":"https:\/\/api.w.org\/{rel}","templated":true}]}}