{"id":1873,"date":"2025-04-08T08:38:16","date_gmt":"2025-04-08T13:38:16","guid":{"rendered":"https:\/\/maatecalidadambiental.ambiente.gob.ec\/?p=1873"},"modified":"2025-04-08T08:38:23","modified_gmt":"2025-04-08T13:38:23","slug":"estudio-de-impacto-ambiental-construccion-operacion-mantenimiento-y-retiro-de-la-agencia-paraiso-la-14-subestacion-23-subestacion-5-y-la-linea-de-subtransmision-a-69-kv-entre-la-subestacion-5-y","status":"publish","type":"post","link":"https:\/\/maatecalidadambiental.ambiente.gob.ec\/index.php\/2025\/04\/08\/estudio-de-impacto-ambiental-construccion-operacion-mantenimiento-y-retiro-de-la-agencia-paraiso-la-14-subestacion-23-subestacion-5-y-la-linea-de-subtransmision-a-69-kv-entre-la-subestacion-5-y\/","title":{"rendered":"ESTUDIO DE IMPACTO AMBIENTAL \u00abCONSTRUCCI\u00d3N, OPERACI\u00d3N, MANTENIMIENTO Y RETIRO DE LA AGENCIA PARA\u00cdSO LA 14, SUBESTACI\u00d3N 23; SUBESTACI\u00d3N 5 Y LA L\u00cdNEA DE SUBTRANSMISI\u00d3N A 69 kV, ENTRE LA SUBESTACI\u00d3N 5 Y LA SUBESTACI\u00d3N 23, PARA CNEL EP, UNIDAD DE NEGOCIO SANTO DOMINGO\u00bb"},"content":{"rendered":"<p><a href=\"https:\/\/maatecalidadambiental.ambiente.gob.ec\/wp-content\/uploads\/2025\/04\/VERSION-FINAL-EsIA-SE5-SE23_STD_-VFINALPDF.pdf\">El Estudio de Impacto Ambiental est\u00e1 disponible para su revisi\u00f3n y descarga en el siguiente enlace: <\/a><\/p>\n<p><a href=\"https:\/\/maatecalidadambiental.ambiente.gob.ec\/wp-content\/uploads\/2025\/04\/VERSION-FINAL-EsIA-SE5-SE23_STD_-VFINALPDF.pdf\">VERSI\u00d3N FINAL EsIA SE5-SE23_STD_ VFINALPDF<\/a><\/p>\n<p>&nbsp;<\/p>\n<p><strong>MAPAS:<\/strong><\/p>\n<p><a href=\"https:\/\/maatecalidadambiental.ambiente.gob.ec\/wp-content\/uploads\/2025\/04\/1.MAPA-POLITICO.pdf\">1.MAPA POLITICO<\/a> <a href=\"https:\/\/maatecalidadambiental.ambiente.gob.ec\/wp-content\/uploads\/2025\/04\/2.-ECOSISTEMAS.pdf\">2. ECOSISTEMAS<\/a> <a href=\"https:\/\/maatecalidadambiental.ambiente.gob.ec\/wp-content\/uploads\/2025\/04\/3.-ISOYETAS.pdf\">3. ISOYETAS<\/a> <a href=\"https:\/\/maatecalidadambiental.ambiente.gob.ec\/wp-content\/uploads\/2025\/04\/5.-RIESGOS-SISMICOS.pdf\">5. RIESGOS S\u00cdSMICOS<\/a> <a href=\"https:\/\/maatecalidadambiental.ambiente.gob.ec\/wp-content\/uploads\/2025\/04\/6.-RIESGOS-INUNDACIONES.pdf\">6. RIESGOS INUNDACIONES<\/a> <a href=\"https:\/\/maatecalidadambiental.ambiente.gob.ec\/wp-content\/uploads\/2025\/04\/13.-USO-Y-COBERTURA-DE-SUELO.pdf\">13. USO Y COBERTURA DE SUELO<\/a> <a href=\"https:\/\/maatecalidadambiental.ambiente.gob.ec\/wp-content\/uploads\/2025\/04\/14.-TOLAS.pdf\">14. TOLAS<\/a> <a href=\"https:\/\/maatecalidadambiental.ambiente.gob.ec\/wp-content\/uploads\/2025\/04\/15.-INSTALACIONES.pdf\">15. INSTALACIONES<\/a> <a href=\"https:\/\/maatecalidadambiental.ambiente.gob.ec\/wp-content\/uploads\/2025\/04\/16.-AID_FLORA.pdf\">16. AID_FLORA<\/a> <a href=\"https:\/\/maatecalidadambiental.ambiente.gob.ec\/wp-content\/uploads\/2025\/04\/17.-AID_AGUA.pdf\">17. AID_AGUA<\/a> <a href=\"https:\/\/maatecalidadambiental.ambiente.gob.ec\/wp-content\/uploads\/2025\/04\/18.AID_SUELO.pdf\">18.AID_SUELO<\/a> <a href=\"https:\/\/maatecalidadambiental.ambiente.gob.ec\/wp-content\/uploads\/2025\/04\/19.-AID_RUIDO.pdf\">19. AID_RUIDO<\/a> <a href=\"https:\/\/maatecalidadambiental.ambiente.gob.ec\/wp-content\/uploads\/2025\/04\/20.-MUESTREO-FLORA.pdf\">20. MUESTREO FLORA<\/a> <a href=\"https:\/\/maatecalidadambiental.ambiente.gob.ec\/wp-content\/uploads\/2025\/04\/21.-MUESTREO-SUELO.pdf\">21. MUESTREO SUELO<\/a> <a href=\"https:\/\/maatecalidadambiental.ambiente.gob.ec\/wp-content\/uploads\/2025\/04\/22.SUELOS.pdf\">22.SUELOS<\/a> <a href=\"https:\/\/maatecalidadambiental.ambiente.gob.ec\/wp-content\/uploads\/2025\/04\/23.-RUIDO-Y-RADIACION.pdf\">23. RUIDO Y RADIACION<\/a> <a href=\"https:\/\/maatecalidadambiental.ambiente.gob.ec\/wp-content\/uploads\/2025\/04\/24.-MUESTREO-DE-AIRE.pdf\">24. MUESTREO DE AIRE<\/a> <a href=\"https:\/\/maatecalidadambiental.ambiente.gob.ec\/wp-content\/uploads\/2025\/04\/25.-AID_AIRE.pdf\">25. AID_AIRE<\/a> <a href=\"https:\/\/maatecalidadambiental.ambiente.gob.ec\/wp-content\/uploads\/2025\/04\/26.-AII_AGUA.pdf\">26. AII_AGUA<\/a> <a href=\"https:\/\/maatecalidadambiental.ambiente.gob.ec\/wp-content\/uploads\/2025\/04\/27.AII_SUELO.pdf\">27.AII_SUELO<\/a> <a href=\"https:\/\/maatecalidadambiental.ambiente.gob.ec\/wp-content\/uploads\/2025\/04\/28.-LEVANTAMIENTO-SOCIAL.pdf\">28. LEVANTAMIENTO SOCIAL<\/a> <a href=\"https:\/\/maatecalidadambiental.ambiente.gob.ec\/wp-content\/uploads\/2025\/04\/29.-DISTANCIA-DE-ESTRUCTURAS-A-CUERPOS-DE-AGUA.pdf\">29. DISTANCIA DE ESTRUCTURAS A CUERPOS DE AGUA<\/a> <a href=\"https:\/\/maatecalidadambiental.ambiente.gob.ec\/wp-content\/uploads\/2025\/04\/30.-AII_RUIDO.pdf\">30. AII_RUIDO<\/a> <a href=\"https:\/\/maatecalidadambiental.ambiente.gob.ec\/wp-content\/uploads\/2025\/04\/31.-AII_AIRE.pdf\">31. AII_AIRE<\/a> <a href=\"https:\/\/maatecalidadambiental.ambiente.gob.ec\/wp-content\/uploads\/2025\/04\/32.-AFECTADOS.pdf\">32. AFECTADOS<\/a> <a href=\"https:\/\/maatecalidadambiental.ambiente.gob.ec\/wp-content\/uploads\/2025\/04\/33.-AID_ICTIOFAUNA.pdf\">33. AID_ICTIOFAUNA<\/a> <a href=\"https:\/\/maatecalidadambiental.ambiente.gob.ec\/wp-content\/uploads\/2025\/04\/34-INFRAESTRUCTURA-SOCIAL.pdf\">34 INFRAESTRUCTURA SOCIAL<\/a> <a href=\"https:\/\/maatecalidadambiental.ambiente.gob.ec\/wp-content\/uploads\/2025\/04\/35.-AID_MACROINVERTEBRADOS.pdf\">35. AID_MACROINVERTEBRADOS<\/a> <a href=\"https:\/\/maatecalidadambiental.ambiente.gob.ec\/wp-content\/uploads\/2025\/04\/36.PISO-BIOCLIMATICO.pdf\">36.PISO BIOCLIMATICO<\/a> <a href=\"https:\/\/maatecalidadambiental.ambiente.gob.ec\/wp-content\/uploads\/2025\/04\/37.AID_BIOTICA.pdf\">37.AID_BIOTICA<\/a> <a href=\"https:\/\/maatecalidadambiental.ambiente.gob.ec\/wp-content\/uploads\/2025\/04\/38.AII_BIOTICA.pdf\">38.AII_BIOTICA<\/a> <a href=\"https:\/\/maatecalidadambiental.ambiente.gob.ec\/wp-content\/uploads\/2025\/04\/39.-AII_FLORA.pdf\">39. AII_FLORA<\/a> <a href=\"https:\/\/maatecalidadambiental.ambiente.gob.ec\/wp-content\/uploads\/2025\/04\/40.-AII_FACUATICA.pdf\">40. AII_FACUATICA<\/a> <a href=\"https:\/\/maatecalidadambiental.ambiente.gob.ec\/wp-content\/uploads\/2025\/04\/41.-AII_SOCIAL.pdf\">41. AII_SOCIAL<\/a> <a href=\"https:\/\/maatecalidadambiental.ambiente.gob.ec\/wp-content\/uploads\/2025\/04\/42.-AID_SOCIAL.pdf\">42. AID_SOCIAL<\/a> <a href=\"https:\/\/maatecalidadambiental.ambiente.gob.ec\/wp-content\/uploads\/2025\/04\/43.-ALTERNATIVAS.pdf\">43. ALTERNATIVAS<\/a> <a href=\"https:\/\/maatecalidadambiental.ambiente.gob.ec\/wp-content\/uploads\/2025\/04\/44.-MUESTREO-AGUA.pdf\">44. MUESTREO AGUA<\/a> <a href=\"https:\/\/maatecalidadambiental.ambiente.gob.ec\/wp-content\/uploads\/2025\/04\/45.-AID_FISICA.pdf\">45. AID_FISICA<\/a> <a href=\"https:\/\/maatecalidadambiental.ambiente.gob.ec\/wp-content\/uploads\/2025\/04\/46.-AII_FISICA.pdf\">46. AII_FISICA<\/a> <a href=\"https:\/\/maatecalidadambiental.ambiente.gob.ec\/wp-content\/uploads\/2025\/04\/52.-SENSIBILIDAD_FISICA.pdf\">52. SENSIBILIDAD_FISICA<\/a> <a href=\"https:\/\/maatecalidadambiental.ambiente.gob.ec\/wp-content\/uploads\/2025\/04\/53.SENSIBILIDAD_SOCIAL.pdf\">53.SENSIBILIDAD_SOCIAL<\/a> <a href=\"https:\/\/maatecalidadambiental.ambiente.gob.ec\/wp-content\/uploads\/2025\/04\/54.-SENSIBILIDAD_FLORA.pdf\">54. SENSIBILIDAD_FLORA<\/a> <a href=\"https:\/\/maatecalidadambiental.ambiente.gob.ec\/wp-content\/uploads\/2025\/04\/55.-SENSIBILIDAD_FACUATICA.pdf\">55. SENSIBILIDAD_FACUATICA<\/a> <a href=\"https:\/\/maatecalidadambiental.ambiente.gob.ec\/wp-content\/uploads\/2025\/04\/56.-SENSIBILIDAD_FTERRESTRE.pdf\">56. SENSIBILIDAD_FTERRESTRE<\/a> <a href=\"https:\/\/maatecalidadambiental.ambiente.gob.ec\/wp-content\/uploads\/2025\/04\/57.-MONITOREO-HERPETOFAUNA.pdf\">57. MONITOREO HERPETOFAUNA<\/a> <a href=\"https:\/\/maatecalidadambiental.ambiente.gob.ec\/wp-content\/uploads\/2025\/04\/58.-MONITOREO-ORNITOFAUNA.pdf\">58. MONITOREO ORNITOFAUNA<\/a> <a href=\"https:\/\/maatecalidadambiental.ambiente.gob.ec\/wp-content\/uploads\/2025\/04\/59.-MONITOREO-MASTOFAUNA.pdf\">59. MONITOREO MASTOFAUNA<\/a> <a href=\"https:\/\/maatecalidadambiental.ambiente.gob.ec\/wp-content\/uploads\/2025\/04\/60.MUESTREO-MACROINVERTEBRADOS.pdf\">60.MUESTREO MACROINVERTEBRADOS<\/a> <a href=\"https:\/\/maatecalidadambiental.ambiente.gob.ec\/wp-content\/uploads\/2025\/04\/61.-MONITOREO-MACROINVERTREBRADOS.pdf\">61. MONITOREO MACROINVERTREBRADOS<\/a> <a href=\"https:\/\/maatecalidadambiental.ambiente.gob.ec\/wp-content\/uploads\/2025\/04\/62.-MONITOREO-ICTIOFAUNA.pdf\">62. MONITOREO ICTIOFAUNA<\/a> <a href=\"https:\/\/maatecalidadambiental.ambiente.gob.ec\/wp-content\/uploads\/2025\/04\/63.ESTACIONES-METEOROLOGICASpdf.pdf\">63.ESTACIONES METEOROLOGICASpdf<\/a> <a href=\"https:\/\/maatecalidadambiental.ambiente.gob.ec\/wp-content\/uploads\/2025\/04\/47.-MUESTREO-HERPETOFAUNA.pdf\">47. MUESTREO HERPETOFAUNA<\/a> <a href=\"https:\/\/maatecalidadambiental.ambiente.gob.ec\/wp-content\/uploads\/2025\/04\/48.-MUESTREO-ORNITOFAUNA.pdf\">48. MUESTREO ORNITOFAUNA<\/a> <a href=\"https:\/\/maatecalidadambiental.ambiente.gob.ec\/wp-content\/uploads\/2025\/04\/49.MUESTREO-MASTOFAUNA.pdf\">49.MUESTREO MASTOFAUNA<\/a> <a href=\"https:\/\/maatecalidadambiental.ambiente.gob.ec\/wp-content\/uploads\/2025\/04\/51.-MUESTREO-ICTIOFAUNA.pdf\">51. MUESTREO ICTIOFAUNA<\/a><\/p>\n<p>&nbsp;<\/p>\n<p><strong>ANEXOS:<\/strong><\/p>\n<p><a href=\"https:\/\/maatecalidadambiental.ambiente.gob.ec\/wp-content\/uploads\/2025\/04\/CERTIFICADO-DE-CONSULTOR-1.pdf\">CERTIFICADO DE CONSULTOR-1<\/a> <a href=\"https:\/\/maatecalidadambiental.ambiente.gob.ec\/wp-content\/uploads\/2025\/04\/Certificado_Interseccion_MAAE-2022-426719.pdf\">Certificado_Intersecci\u00f3n_MAAE-2022-426719<\/a> <a href=\"https:\/\/maatecalidadambiental.ambiente.gob.ec\/wp-content\/uploads\/2025\/04\/MAAE-2022-426719-CERTIFICADO-DE-INTERSECCION.pdf\">MAAE-2022-426719 CERTIFICADO DE INTERSECCI\u00d3N<\/a>\u00a0 <a href=\"https:\/\/maatecalidadambiental.ambiente.gob.ec\/wp-content\/uploads\/2025\/04\/Zimbra_-ELIMINACION-DEL-PROCESO-Nro.-MAAE-RA-2021-415785-2.pdf\">Zimbra_ ELIMINACI\u00d3N DEL PROCESO Nro. MAAE-RA-2021-415785-2<\/a> <a href=\"https:\/\/maatecalidadambiental.ambiente.gob.ec\/wp-content\/uploads\/2025\/04\/FICHA-TECNIC1-1.pdf\">FICHA T\u00c9CNIC1-1<\/a> <a href=\"https:\/\/maatecalidadambiental.ambiente.gob.ec\/wp-content\/uploads\/2025\/04\/1.-ENCUESTAS-SAN-VICENTE-DEL-NILA.pdf\">1. ENCUESTAS SAN VICENTE DEL NILA<\/a> <a href=\"https:\/\/maatecalidadambiental.ambiente.gob.ec\/wp-content\/uploads\/2025\/04\/10.-ACTORES-SOCIALES.pdf\">10. ACTORES SOCIALES<\/a> <a href=\"https:\/\/maatecalidadambiental.ambiente.gob.ec\/wp-content\/uploads\/2025\/04\/11.-Permisos-de-paso-LST-SE-5-_-SE-23.pdf\">11. Permisos de paso LST SE 5 _ SE 23<\/a> <a href=\"https:\/\/maatecalidadambiental.ambiente.gob.ec\/wp-content\/uploads\/2025\/04\/12.-APROBACIONES-INSTITUCIONES-PUBLICAS.pdf\">12. APROBACIONES INSTITUCIONES PUBLICAS<\/a> <a href=\"https:\/\/maatecalidadambiental.ambiente.gob.ec\/wp-content\/uploads\/2025\/04\/13.-Legalidad-Comunidades-Paraiso-La-14.pdf\">13. Legalidad Comunidades Paraiso La 14<\/a> <a href=\"https:\/\/maatecalidadambiental.ambiente.gob.ec\/wp-content\/uploads\/2025\/04\/14.-STD-LEGALIDAD-SAN-VICENTE-DEL-NILA.pdf\">14. STD-LEGALIDAD SAN VICENTE DEL NILA<\/a> <a href=\"https:\/\/maatecalidadambiental.ambiente.gob.ec\/wp-content\/uploads\/2025\/04\/15.-SOLICITUD-DE-LEGALIDADES-INGRESO-A-GAD-PARROQUIALES.pdf\">15. SOLICITUD DE LEGALIDADES INGRESO A GAD PARROQUIALES<\/a> <a href=\"https:\/\/maatecalidadambiental.ambiente.gob.ec\/wp-content\/uploads\/2025\/04\/16.-ANEXO-FOTOGRAFICO-INFRAESTRUCTURA-COMUNITARIA.pdf\">16. ANEXO FOTOGRAFICO INFRAESTRUCTURA COMUNITARIA<\/a> <a href=\"https:\/\/maatecalidadambiental.ambiente.gob.ec\/wp-content\/uploads\/2025\/04\/2.-ENCUESTAS-2-DE-AGOSTO.pdf\">2. ENCUESTAS 2 DE AGOSTO<\/a> <a href=\"https:\/\/maatecalidadambiental.ambiente.gob.ec\/wp-content\/uploads\/2025\/04\/3.-ENCUESTAS-LA-FLORIDA.pdf\">3. ENCUESTAS LA FLORIDA<\/a> <a href=\"https:\/\/maatecalidadambiental.ambiente.gob.ec\/wp-content\/uploads\/2025\/04\/4.-ENCUESTAS-La-60.pdf\">4. ENCUESTAS La 60<\/a> <a href=\"https:\/\/maatecalidadambiental.ambiente.gob.ec\/wp-content\/uploads\/2025\/04\/5.-ENCUESTAS-LA-30.pdf\">5. ENCUESTAS LA 30<\/a> <a href=\"https:\/\/maatecalidadambiental.ambiente.gob.ec\/wp-content\/uploads\/2025\/04\/6.-ENCUESTAS-LA-25.pdf\">6. ENCUESTAS LA 25<\/a> <a href=\"https:\/\/maatecalidadambiental.ambiente.gob.ec\/wp-content\/uploads\/2025\/04\/7.-ENCUESTAS-EL-DESCANSO.pdf\">7. ENCUESTAS EL DESCANSO<\/a> <a href=\"https:\/\/maatecalidadambiental.ambiente.gob.ec\/wp-content\/uploads\/2025\/04\/8.-ENCUESTAS-PARAISO-LA-14.pdf\">8. ENCUESTAS PARAISO LA 14<\/a> <a href=\"https:\/\/maatecalidadambiental.ambiente.gob.ec\/wp-content\/uploads\/2025\/04\/9.-DIRECTIVAS.pdf\">9. DIRECTIVAS<\/a> <a href=\"https:\/\/maatecalidadambiental.ambiente.gob.ec\/wp-content\/uploads\/2025\/04\/CADENA-DE-CUSTODIA.pdf\">CADENA DE CUSTODIA<\/a> <a href=\"https:\/\/maatecalidadambiental.ambiente.gob.ec\/wp-content\/uploads\/2025\/04\/CAL2021-1233-RADIACIONES-NO-IONIZANTES.pdf\">CAL2021-1233 RADIACIONES NO IONIZANTES<\/a> <a href=\"https:\/\/maatecalidadambiental.ambiente.gob.ec\/wp-content\/uploads\/2025\/04\/CAL23-051_01.01-CALIDAD-DE-AIRE.pdf\">CAL23-051_01.01 CALIDAD DE AIRE<\/a> <a href=\"https:\/\/maatecalidadambiental.ambiente.gob.ec\/wp-content\/uploads\/2025\/04\/CAL23-051_01.01-RUIDO-DIURNO-AMBIENTAL.pdf\">CAL23-051_01.01 RUIDO DIURNO AMBIENTAL<\/a> <a href=\"https:\/\/maatecalidadambiental.ambiente.gob.ec\/wp-content\/uploads\/2025\/04\/CAL23-051_03.01-EMISION-DE-RUIDO-AMBIENTAL-NOCTURNO-signed-v2.pdf\">CAL23-051_03.01 EMISION DE RUIDO AMBIENTAL NOCTURNO-signed -v2<\/a> <a href=\"https:\/\/maatecalidadambiental.ambiente.gob.ec\/wp-content\/uploads\/2025\/04\/CAL23-051_03.01-MONITOREO-CALIDAD-DEL-AGUA-signed-v2.pdf\">CAL23-051_03.01 MONITOREO CALIDAD DEL AGUA-signed v2<\/a> <a href=\"https:\/\/maatecalidadambiental.ambiente.gob.ec\/wp-content\/uploads\/2025\/04\/CAL23-051_03.01-MONITOREO-CALIDAD-DEL-SUELO-signed-1.pdf\">CAL23-051_03.01 MONITOREO CALIDAD DEL SUELO-signed-1<\/a> <a href=\"https:\/\/maatecalidadambiental.ambiente.gob.ec\/wp-content\/uploads\/2025\/04\/REGISTRO-FOTOGRAFICO-BIOTICO.pdf\">REGISTRO FOTOGR\u00c1FICO BI\u00d3TICO<\/a> <a href=\"https:\/\/maatecalidadambiental.ambiente.gob.ec\/wp-content\/uploads\/2025\/04\/Viabilidad_Favorable_MAAE-SUIA-DB-2022-010-O.pdf\">Viabilidad_Favorable_MAAE-SUIA-DB-2022-010-O<\/a> <a href=\"https:\/\/maatecalidadambiental.ambiente.gob.ec\/wp-content\/uploads\/2025\/04\/InformeRevisionForestal_MAAE-DB-2022-IO-010-1.pdf\">InformeRevisionForestal_MAAE-DB-2022-IO-010-1<\/a> <a href=\"https:\/\/maatecalidadambiental.ambiente.gob.ec\/wp-content\/uploads\/2025\/04\/PLAN-DE-MANEJO-DE-CHATARRA-EN-SUBESTACIONES.pdf\">PLAN DE MANEJO DE CHATARRA EN SUBESTACIONES<\/a> <a href=\"https:\/\/maatecalidadambiental.ambiente.gob.ec\/wp-content\/uploads\/2025\/04\/RGDP-MAE-CGZ4-DPAM-2015-2342.pdf\">RGDP &#8211; MAE-CGZ4-DPAM-2015-2342<\/a><\/p>\n<p>&nbsp;<\/p>\n","protected":false},"excerpt":{"rendered":"<p>El Estudio de Impacto Ambiental est\u00e1 disponible para su revisi\u00f3n y descarga en el siguiente enlace: VERSI\u00d3N FINAL EsIA SE5-SE23_STD_ VFINALPDF &nbsp; MAPAS: 1.MAPA POLITICO 2. ECOSISTEMAS 3. ISOYETAS 5. RIESGOS S\u00cdSMICOS 6. RIESGOS INUNDACIONES 13. USO Y COBERTURA DE SUELO 14. TOLAS 15. INSTALACIONES 16. AID_FLORA 17. AID_AGUA 18.AID_SUELO 19. AID_RUIDO 20. MUESTREO FLORA [&hellip;]<\/p>\n","protected":false},"author":3,"featured_media":0,"comment_status":"open","ping_status":"open","sticky":false,"template":"","format":"standard","meta":{"footnotes":""},"categories":[8,1],"tags":[],"class_list":["post-1873","post","type-post","status-publish","format-standard","hentry","category-electricos-y-otros-sectores","category-sin-categoria"],"_links":{"self":[{"href":"https:\/\/maatecalidadambiental.ambiente.gob.ec\/index.php\/wp-json\/wp\/v2\/posts\/1873","targetHints":{"allow":["GET"]}}],"collection":[{"href":"https:\/\/maatecalidadambiental.ambiente.gob.ec\/index.php\/wp-json\/wp\/v2\/posts"}],"about":[{"href":"https:\/\/maatecalidadambiental.ambiente.gob.ec\/index.php\/wp-json\/wp\/v2\/types\/post"}],"author":[{"embeddable":true,"href":"https:\/\/maatecalidadambiental.ambiente.gob.ec\/index.php\/wp-json\/wp\/v2\/users\/3"}],"replies":[{"embeddable":true,"href":"https:\/\/maatecalidadambiental.ambiente.gob.ec\/index.php\/wp-json\/wp\/v2\/comments?post=1873"}],"version-history":[{"count":1,"href":"https:\/\/maatecalidadambiental.ambiente.gob.ec\/index.php\/wp-json\/wp\/v2\/posts\/1873\/revisions"}],"predecessor-version":[{"id":1967,"href":"https:\/\/maatecalidadambiental.ambiente.gob.ec\/index.php\/wp-json\/wp\/v2\/posts\/1873\/revisions\/1967"}],"wp:attachment":[{"href":"https:\/\/maatecalidadambiental.ambiente.gob.ec\/index.php\/wp-json\/wp\/v2\/media?parent=1873"}],"wp:term":[{"taxonomy":"category","embeddable":true,"href":"https:\/\/maatecalidadambiental.ambiente.gob.ec\/index.php\/wp-json\/wp\/v2\/categories?post=1873"},{"taxonomy":"post_tag","embeddable":true,"href":"https:\/\/maatecalidadambiental.ambiente.gob.ec\/index.php\/wp-json\/wp\/v2\/tags?post=1873"}],"curies":[{"name":"wp","href":"https:\/\/api.w.org\/{rel}","templated":true}]}}