{"id":1974,"date":"2025-04-22T08:57:36","date_gmt":"2025-04-22T13:57:36","guid":{"rendered":"https:\/\/maatecalidadambiental.ambiente.gob.ec\/?p=1974"},"modified":"2025-04-22T08:57:37","modified_gmt":"2025-04-22T13:57:37","slug":"estudio-complementario-a-la-actualizacion-del-plan-de-manejoambiental-para-la-unificacion-de-licencias-ambientales-del-bloque-53-singue-para-la-construccion-de-la-plataforma-singue-norte-as","status":"publish","type":"post","link":"https:\/\/maatecalidadambiental.ambiente.gob.ec\/index.php\/2025\/04\/22\/estudio-complementario-a-la-actualizacion-del-plan-de-manejoambiental-para-la-unificacion-de-licencias-ambientales-del-bloque-53-singue-para-la-construccion-de-la-plataforma-singue-norte-as\/","title":{"rendered":"\u201cESTUDIO COMPLEMENTARIO A LA ACTUALIZACI\u00d3N DEL PLAN DE MANEJOAMBIENTAL PARA LA UNIFICACI\u00d3N DE LICENCIAS AMBIENTALES DEL BLOQUE 53 SINGUE, PARA LA CONSTRUCCI\u00d3N DE LA PLATAFORMA SINGUE NORTE, AS\u00cd COMO LA V\u00cdA DE ACCESO Y L\u00cdNEA DE FLUJO DE SINGUE NORTE A SINGUE B"},"content":{"rendered":"\n<div class=\"wp-block-group\"><div class=\"wp-block-group__inner-container is-layout-constrained wp-block-group-is-layout-constrained\">\n<div data-wp-interactive=\"core\/file\" class=\"wp-block-file\"><object data-wp-bind--hidden=\"!state.hasPdfPreview\" hidden class=\"wp-block-file__embed\" data=\"https:\/\/maatecalidadambiental.ambiente.gob.ec\/wp-content\/uploads\/2025\/04\/01_Ficha_Tecnica_V3_signed.pdf\" type=\"application\/pdf\" style=\"width:100%;height:600px\" aria-label=\"Incrustado de 01_Ficha_Tecnica_V3_signed.\"><\/object><a id=\"wp-block-file--media-f17b490f-587c-4d1c-ac45-c555f8c87873\" href=\"https:\/\/maatecalidadambiental.ambiente.gob.ec\/wp-content\/uploads\/2025\/04\/01_Ficha_Tecnica_V3_signed.pdf\">01_Ficha_Tecnica_V3_signed<\/a><a href=\"https:\/\/maatecalidadambiental.ambiente.gob.ec\/wp-content\/uploads\/2025\/04\/01_Ficha_Tecnica_V3_signed.pdf\" class=\"wp-block-file__button wp-element-button\" download aria-describedby=\"wp-block-file--media-f17b490f-587c-4d1c-ac45-c555f8c87873\">Descarga<\/a><\/div>\n<\/div><\/div>\n\n\n\n<div data-wp-interactive=\"core\/file\" class=\"wp-block-file\"><object data-wp-bind--hidden=\"!state.hasPdfPreview\" hidden class=\"wp-block-file__embed\" data=\"https:\/\/maatecalidadambiental.ambiente.gob.ec\/wp-content\/uploads\/2025\/04\/02_Introduccion_V3.pdf\" type=\"application\/pdf\" style=\"width:100%;height:600px\" aria-label=\"Incrustado de 02_Introducci\u00f3n_V3.\"><\/object><a id=\"wp-block-file--media-053698d1-4fd5-4105-943d-7fe71d073a68\" href=\"https:\/\/maatecalidadambiental.ambiente.gob.ec\/wp-content\/uploads\/2025\/04\/02_Introduccion_V3.pdf\">02_Introducci\u00f3n_V3<\/a><a href=\"https:\/\/maatecalidadambiental.ambiente.gob.ec\/wp-content\/uploads\/2025\/04\/02_Introduccion_V3.pdf\" class=\"wp-block-file__button wp-element-button\" download aria-describedby=\"wp-block-file--media-053698d1-4fd5-4105-943d-7fe71d073a68\">Descarga<\/a><\/div>\n\n\n\n<div data-wp-interactive=\"core\/file\" class=\"wp-block-file\"><object data-wp-bind--hidden=\"!state.hasPdfPreview\" hidden class=\"wp-block-file__embed\" data=\"https:\/\/maatecalidadambiental.ambiente.gob.ec\/wp-content\/uploads\/2025\/04\/03.1_Linea-Base-Fisica_V3.pdf\" type=\"application\/pdf\" style=\"width:100%;height:600px\" aria-label=\"Incrustado de 03.1_Linea Base F\u00edsica_V3.\"><\/object><a id=\"wp-block-file--media-e8bc3310-4588-4dc7-b37e-dbdcb54fe331\" href=\"https:\/\/maatecalidadambiental.ambiente.gob.ec\/wp-content\/uploads\/2025\/04\/03.1_Linea-Base-Fisica_V3.pdf\">03.1_Linea Base F\u00edsica_V3<\/a><a href=\"https:\/\/maatecalidadambiental.ambiente.gob.ec\/wp-content\/uploads\/2025\/04\/03.1_Linea-Base-Fisica_V3.pdf\" class=\"wp-block-file__button wp-element-button\" download aria-describedby=\"wp-block-file--media-e8bc3310-4588-4dc7-b37e-dbdcb54fe331\">Descarga<\/a><\/div>\n\n\n\n<div data-wp-interactive=\"core\/file\" class=\"wp-block-file\"><object data-wp-bind--hidden=\"!state.hasPdfPreview\" hidden class=\"wp-block-file__embed\" data=\"https:\/\/maatecalidadambiental.ambiente.gob.ec\/wp-content\/uploads\/2025\/04\/03.2_LB_Biotica_V3.pdf\" type=\"application\/pdf\" style=\"width:100%;height:600px\" aria-label=\"Incrustado de 03.2_LB_Biotica_V3.\"><\/object><a id=\"wp-block-file--media-35657360-b138-4f67-b50e-1851e645c492\" href=\"https:\/\/maatecalidadambiental.ambiente.gob.ec\/wp-content\/uploads\/2025\/04\/03.2_LB_Biotica_V3.pdf\">03.2_LB_Biotica_V3<\/a><a href=\"https:\/\/maatecalidadambiental.ambiente.gob.ec\/wp-content\/uploads\/2025\/04\/03.2_LB_Biotica_V3.pdf\" class=\"wp-block-file__button wp-element-button\" download aria-describedby=\"wp-block-file--media-35657360-b138-4f67-b50e-1851e645c492\">Descarga<\/a><\/div>\n\n\n\n<div data-wp-interactive=\"core\/file\" class=\"wp-block-file\"><object data-wp-bind--hidden=\"!state.hasPdfPreview\" hidden class=\"wp-block-file__embed\" data=\"https:\/\/maatecalidadambiental.ambiente.gob.ec\/wp-content\/uploads\/2025\/04\/03.3_LB_Social_V3.pdf\" type=\"application\/pdf\" style=\"width:100%;height:600px\" aria-label=\"Incrustado de 03.3_LB_Social_V3.\"><\/object><a id=\"wp-block-file--media-ab241bff-999b-43aa-a959-9b000ce72368\" href=\"https:\/\/maatecalidadambiental.ambiente.gob.ec\/wp-content\/uploads\/2025\/04\/03.3_LB_Social_V3.pdf\">03.3_LB_Social_V3<\/a><a href=\"https:\/\/maatecalidadambiental.ambiente.gob.ec\/wp-content\/uploads\/2025\/04\/03.3_LB_Social_V3.pdf\" class=\"wp-block-file__button wp-element-button\" download aria-describedby=\"wp-block-file--media-ab241bff-999b-43aa-a959-9b000ce72368\">Descarga<\/a><\/div>\n\n\n\n<div data-wp-interactive=\"core\/file\" class=\"wp-block-file\"><object data-wp-bind--hidden=\"!state.hasPdfPreview\" hidden class=\"wp-block-file__embed\" data=\"https:\/\/maatecalidadambiental.ambiente.gob.ec\/wp-content\/uploads\/2025\/04\/03.4_LB_Arqueologica_V3.pdf\" type=\"application\/pdf\" style=\"width:100%;height:600px\" aria-label=\"Incrustado de 03.4_LB_Arqueologica_V3.\"><\/object><a id=\"wp-block-file--media-0777763e-27f0-408c-87e2-92690fe21d21\" href=\"https:\/\/maatecalidadambiental.ambiente.gob.ec\/wp-content\/uploads\/2025\/04\/03.4_LB_Arqueologica_V3.pdf\">03.4_LB_Arqueologica_V3<\/a><a href=\"https:\/\/maatecalidadambiental.ambiente.gob.ec\/wp-content\/uploads\/2025\/04\/03.4_LB_Arqueologica_V3.pdf\" class=\"wp-block-file__button wp-element-button\" download aria-describedby=\"wp-block-file--media-0777763e-27f0-408c-87e2-92690fe21d21\">Descarga<\/a><\/div>\n\n\n\n<div data-wp-interactive=\"core\/file\" class=\"wp-block-file\"><object data-wp-bind--hidden=\"!state.hasPdfPreview\" hidden class=\"wp-block-file__embed\" data=\"https:\/\/maatecalidadambiental.ambiente.gob.ec\/wp-content\/uploads\/2025\/04\/04_Descripcion-Proyecto_V3.pdf\" type=\"application\/pdf\" style=\"width:100%;height:600px\" aria-label=\"Incrustado de 04_Descripci\u00f3n Proyecto_V3.\"><\/object><a id=\"wp-block-file--media-932767ec-c887-4801-835c-ded43d05f532\" href=\"https:\/\/maatecalidadambiental.ambiente.gob.ec\/wp-content\/uploads\/2025\/04\/04_Descripcion-Proyecto_V3.pdf\">04_Descripci\u00f3n Proyecto_V3<\/a><a href=\"https:\/\/maatecalidadambiental.ambiente.gob.ec\/wp-content\/uploads\/2025\/04\/04_Descripcion-Proyecto_V3.pdf\" class=\"wp-block-file__button wp-element-button\" download aria-describedby=\"wp-block-file--media-932767ec-c887-4801-835c-ded43d05f532\">Descarga<\/a><\/div>\n\n\n\n<div data-wp-interactive=\"core\/file\" class=\"wp-block-file\"><object data-wp-bind--hidden=\"!state.hasPdfPreview\" hidden class=\"wp-block-file__embed\" data=\"https:\/\/maatecalidadambiental.ambiente.gob.ec\/wp-content\/uploads\/2025\/04\/05_Analisis-de-Alternativas_V3.pdf\" type=\"application\/pdf\" style=\"width:100%;height:600px\" aria-label=\"Incrustado de 05_An\u00e1lisis de Alternativas_V3.\"><\/object><a id=\"wp-block-file--media-c4fe7a8c-bc04-4cde-9545-ef0d03bbed00\" href=\"https:\/\/maatecalidadambiental.ambiente.gob.ec\/wp-content\/uploads\/2025\/04\/05_Analisis-de-Alternativas_V3.pdf\">05_An\u00e1lisis de Alternativas_V3<\/a><a href=\"https:\/\/maatecalidadambiental.ambiente.gob.ec\/wp-content\/uploads\/2025\/04\/05_Analisis-de-Alternativas_V3.pdf\" class=\"wp-block-file__button wp-element-button\" download aria-describedby=\"wp-block-file--media-c4fe7a8c-bc04-4cde-9545-ef0d03bbed00\">Descarga<\/a><\/div>\n\n\n\n<div data-wp-interactive=\"core\/file\" class=\"wp-block-file\"><object data-wp-bind--hidden=\"!state.hasPdfPreview\" hidden class=\"wp-block-file__embed\" data=\"https:\/\/maatecalidadambiental.ambiente.gob.ec\/wp-content\/uploads\/2025\/04\/06_Areas_de_Influencia-y-Sensibilidad_V3.pdf\" type=\"application\/pdf\" style=\"width:100%;height:600px\" aria-label=\"Incrustado de 06_Areas_de_Influencia y Sensibilidad_V3.\"><\/object><a id=\"wp-block-file--media-9d362d0b-151c-4117-a271-8d7f6f7661f6\" href=\"https:\/\/maatecalidadambiental.ambiente.gob.ec\/wp-content\/uploads\/2025\/04\/06_Areas_de_Influencia-y-Sensibilidad_V3.pdf\">06_Areas_de_Influencia y Sensibilidad_V3<\/a><a href=\"https:\/\/maatecalidadambiental.ambiente.gob.ec\/wp-content\/uploads\/2025\/04\/06_Areas_de_Influencia-y-Sensibilidad_V3.pdf\" class=\"wp-block-file__button wp-element-button\" download aria-describedby=\"wp-block-file--media-9d362d0b-151c-4117-a271-8d7f6f7661f6\">Descarga<\/a><\/div>\n\n\n\n<div data-wp-interactive=\"core\/file\" class=\"wp-block-file\"><object data-wp-bind--hidden=\"!state.hasPdfPreview\" hidden class=\"wp-block-file__embed\" data=\"https:\/\/maatecalidadambiental.ambiente.gob.ec\/wp-content\/uploads\/2025\/04\/07_Riesgos_V3.pdf\" type=\"application\/pdf\" style=\"width:100%;height:600px\" aria-label=\"Incrustado de 07_Riesgos_V3.\"><\/object><a id=\"wp-block-file--media-62852657-e608-4f5e-9917-272c4a79e5e3\" href=\"https:\/\/maatecalidadambiental.ambiente.gob.ec\/wp-content\/uploads\/2025\/04\/07_Riesgos_V3.pdf\">07_Riesgos_V3<\/a><a href=\"https:\/\/maatecalidadambiental.ambiente.gob.ec\/wp-content\/uploads\/2025\/04\/07_Riesgos_V3.pdf\" class=\"wp-block-file__button wp-element-button\" download aria-describedby=\"wp-block-file--media-62852657-e608-4f5e-9917-272c4a79e5e3\">Descarga<\/a><\/div>\n\n\n\n<div data-wp-interactive=\"core\/file\" class=\"wp-block-file\"><object data-wp-bind--hidden=\"!state.hasPdfPreview\" hidden class=\"wp-block-file__embed\" data=\"https:\/\/maatecalidadambiental.ambiente.gob.ec\/wp-content\/uploads\/2025\/04\/08_Impactos_V3.pdf\" type=\"application\/pdf\" style=\"width:100%;height:600px\" aria-label=\"Incrustado de 08_Impactos_V3.\"><\/object><a id=\"wp-block-file--media-a34b8dca-e068-42fa-bdae-f11feed2ddf7\" href=\"https:\/\/maatecalidadambiental.ambiente.gob.ec\/wp-content\/uploads\/2025\/04\/08_Impactos_V3.pdf\">08_Impactos_V3<\/a><a href=\"https:\/\/maatecalidadambiental.ambiente.gob.ec\/wp-content\/uploads\/2025\/04\/08_Impactos_V3.pdf\" class=\"wp-block-file__button wp-element-button\" download aria-describedby=\"wp-block-file--media-a34b8dca-e068-42fa-bdae-f11feed2ddf7\">Descarga<\/a><\/div>\n\n\n\n<div data-wp-interactive=\"core\/file\" class=\"wp-block-file\"><object data-wp-bind--hidden=\"!state.hasPdfPreview\" hidden class=\"wp-block-file__embed\" data=\"https:\/\/maatecalidadambiental.ambiente.gob.ec\/wp-content\/uploads\/2025\/04\/09_PMA_V3.pdf\" type=\"application\/pdf\" style=\"width:100%;height:600px\" aria-label=\"Incrustado de 09_PMA_V3.\"><\/object><a id=\"wp-block-file--media-88dbc645-00ba-42cd-a2ec-8ed25e90157c\" href=\"https:\/\/maatecalidadambiental.ambiente.gob.ec\/wp-content\/uploads\/2025\/04\/09_PMA_V3.pdf\">09_PMA_V3<\/a><a href=\"https:\/\/maatecalidadambiental.ambiente.gob.ec\/wp-content\/uploads\/2025\/04\/09_PMA_V3.pdf\" class=\"wp-block-file__button wp-element-button\" download aria-describedby=\"wp-block-file--media-88dbc645-00ba-42cd-a2ec-8ed25e90157c\">Descarga<\/a><\/div>\n\n\n\n<div data-wp-interactive=\"core\/file\" class=\"wp-block-file\"><object data-wp-bind--hidden=\"!state.hasPdfPreview\" hidden class=\"wp-block-file__embed\" data=\"https:\/\/maatecalidadambiental.ambiente.gob.ec\/wp-content\/uploads\/2025\/04\/10_IF-y-VET_V3.pdf\" type=\"application\/pdf\" style=\"width:100%;height:600px\" aria-label=\"Incrustado de 10_IF y VET_V3.\"><\/object><a id=\"wp-block-file--media-f772d5a1-2b41-4de6-9c31-80a1f7564293\" href=\"https:\/\/maatecalidadambiental.ambiente.gob.ec\/wp-content\/uploads\/2025\/04\/10_IF-y-VET_V3.pdf\">10_IF y VET_V3<\/a><a href=\"https:\/\/maatecalidadambiental.ambiente.gob.ec\/wp-content\/uploads\/2025\/04\/10_IF-y-VET_V3.pdf\" class=\"wp-block-file__button wp-element-button\" download aria-describedby=\"wp-block-file--media-f772d5a1-2b41-4de6-9c31-80a1f7564293\">Descarga<\/a><\/div>\n\n\n\n<div data-wp-interactive=\"core\/file\" class=\"wp-block-file\"><object data-wp-bind--hidden=\"!state.hasPdfPreview\" hidden class=\"wp-block-file__embed\" data=\"https:\/\/maatecalidadambiental.ambiente.gob.ec\/wp-content\/uploads\/2025\/04\/11_Bibliografia_V3.pdf\" type=\"application\/pdf\" style=\"width:100%;height:600px\" aria-label=\"Incrustado de 11_Bibliogr\u00e1fia_V3.\"><\/object><a id=\"wp-block-file--media-ae44cb94-d1f9-49a8-8d23-857e0f06f366\" href=\"https:\/\/maatecalidadambiental.ambiente.gob.ec\/wp-content\/uploads\/2025\/04\/11_Bibliografia_V3.pdf\">11_Bibliogr\u00e1fia_V3<\/a><a href=\"https:\/\/maatecalidadambiental.ambiente.gob.ec\/wp-content\/uploads\/2025\/04\/11_Bibliografia_V3.pdf\" class=\"wp-block-file__button wp-element-button\" download aria-describedby=\"wp-block-file--media-ae44cb94-d1f9-49a8-8d23-857e0f06f366\">Descarga<\/a><\/div>\n\n\n\n<p><strong>ANEXO CARTOGRAFICO<\/strong><\/p>\n\n\n\n<div data-wp-interactive=\"core\/file\" class=\"wp-block-file\"><object data-wp-bind--hidden=\"!state.hasPdfPreview\" hidden class=\"wp-block-file__embed\" data=\"https:\/\/maatecalidadambiental.ambiente.gob.ec\/wp-content\/uploads\/2025\/04\/1.1-1-UBICACION.pdf\" type=\"application\/pdf\" style=\"width:100%;height:600px\" aria-label=\"Incrustado de 1.1-1 UBICACION.\"><\/object><a id=\"wp-block-file--media-2d3340f7-d25f-469e-9da0-5132bd627673\" href=\"https:\/\/maatecalidadambiental.ambiente.gob.ec\/wp-content\/uploads\/2025\/04\/1.1-1-UBICACION.pdf\">1.1-1 UBICACION<\/a><a href=\"https:\/\/maatecalidadambiental.ambiente.gob.ec\/wp-content\/uploads\/2025\/04\/1.1-1-UBICACION.pdf\" class=\"wp-block-file__button wp-element-button\" download aria-describedby=\"wp-block-file--media-2d3340f7-d25f-469e-9da0-5132bd627673\">Descarga<\/a><\/div>\n\n\n\n<div data-wp-interactive=\"core\/file\" class=\"wp-block-file\"><object data-wp-bind--hidden=\"!state.hasPdfPreview\" hidden class=\"wp-block-file__embed\" data=\"https:\/\/maatecalidadambiental.ambiente.gob.ec\/wp-content\/uploads\/2025\/04\/1.1-2-BASE.pdf\" type=\"application\/pdf\" style=\"width:100%;height:600px\" aria-label=\"Incrustado de 1.1-2 BASE.\"><\/object><a id=\"wp-block-file--media-0abcd08a-5192-4627-8d76-e21791000196\" href=\"https:\/\/maatecalidadambiental.ambiente.gob.ec\/wp-content\/uploads\/2025\/04\/1.1-2-BASE.pdf\">1.1-2 BASE<\/a><a href=\"https:\/\/maatecalidadambiental.ambiente.gob.ec\/wp-content\/uploads\/2025\/04\/1.1-2-BASE.pdf\" class=\"wp-block-file__button wp-element-button\" download aria-describedby=\"wp-block-file--media-0abcd08a-5192-4627-8d76-e21791000196\">Descarga<\/a><\/div>\n\n\n\n<div data-wp-interactive=\"core\/file\" class=\"wp-block-file\"><object data-wp-bind--hidden=\"!state.hasPdfPreview\" hidden class=\"wp-block-file__embed\" data=\"https:\/\/maatecalidadambiental.ambiente.gob.ec\/wp-content\/uploads\/2025\/04\/1.1-3-IMAGEN.pdf\" type=\"application\/pdf\" style=\"width:100%;height:600px\" aria-label=\"Incrustado de 1.1-3 IMAGEN.\"><\/object><a id=\"wp-block-file--media-c77d0813-5a66-4d47-a237-81797d92de8b\" href=\"https:\/\/maatecalidadambiental.ambiente.gob.ec\/wp-content\/uploads\/2025\/04\/1.1-3-IMAGEN.pdf\">1.1-3 IMAGEN<\/a><a href=\"https:\/\/maatecalidadambiental.ambiente.gob.ec\/wp-content\/uploads\/2025\/04\/1.1-3-IMAGEN.pdf\" class=\"wp-block-file__button wp-element-button\" download aria-describedby=\"wp-block-file--media-c77d0813-5a66-4d47-a237-81797d92de8b\">Descarga<\/a><\/div>\n\n\n\n<div data-wp-interactive=\"core\/file\" class=\"wp-block-file\"><object data-wp-bind--hidden=\"!state.hasPdfPreview\" hidden class=\"wp-block-file__embed\" data=\"https:\/\/maatecalidadambiental.ambiente.gob.ec\/wp-content\/uploads\/2025\/04\/1.1-4-AREAS_NATURALES.pdf\" type=\"application\/pdf\" style=\"width:100%;height:600px\" aria-label=\"Incrustado de 1.1-4 AREAS_NATURALES.\"><\/object><a id=\"wp-block-file--media-a825b4c6-5bf7-4c37-8051-71cf20065268\" href=\"https:\/\/maatecalidadambiental.ambiente.gob.ec\/wp-content\/uploads\/2025\/04\/1.1-4-AREAS_NATURALES.pdf\">1.1-4 AREAS_NATURALES<\/a><a href=\"https:\/\/maatecalidadambiental.ambiente.gob.ec\/wp-content\/uploads\/2025\/04\/1.1-4-AREAS_NATURALES.pdf\" class=\"wp-block-file__button wp-element-button\" download aria-describedby=\"wp-block-file--media-a825b4c6-5bf7-4c37-8051-71cf20065268\">Descarga<\/a><\/div>\n\n\n\n<div data-wp-interactive=\"core\/file\" class=\"wp-block-file\"><object data-wp-bind--hidden=\"!state.hasPdfPreview\" hidden class=\"wp-block-file__embed\" data=\"https:\/\/maatecalidadambiental.ambiente.gob.ec\/wp-content\/uploads\/2025\/04\/1.1-5-MDT.pdf\" type=\"application\/pdf\" style=\"width:100%;height:600px\" aria-label=\"Incrustado de 1.1-5 MDT.\"><\/object><a id=\"wp-block-file--media-0a852431-bcb0-4540-884a-607194051836\" href=\"https:\/\/maatecalidadambiental.ambiente.gob.ec\/wp-content\/uploads\/2025\/04\/1.1-5-MDT.pdf\">1.1-5 MDT<\/a><a href=\"https:\/\/maatecalidadambiental.ambiente.gob.ec\/wp-content\/uploads\/2025\/04\/1.1-5-MDT.pdf\" class=\"wp-block-file__button wp-element-button\" download aria-describedby=\"wp-block-file--media-0a852431-bcb0-4540-884a-607194051836\">Descarga<\/a><\/div>\n\n\n\n<div data-wp-interactive=\"core\/file\" class=\"wp-block-file\"><object data-wp-bind--hidden=\"!state.hasPdfPreview\" hidden class=\"wp-block-file__embed\" data=\"https:\/\/maatecalidadambiental.ambiente.gob.ec\/wp-content\/uploads\/2025\/04\/3.1-1-CLIMA.pdf\" type=\"application\/pdf\" style=\"width:100%;height:600px\" aria-label=\"Incrustado de 3.1-1 CLIMA.\"><\/object><a id=\"wp-block-file--media-1f4ae406-b154-4c39-9025-1311861b17ed\" href=\"https:\/\/maatecalidadambiental.ambiente.gob.ec\/wp-content\/uploads\/2025\/04\/3.1-1-CLIMA.pdf\">3.1-1 CLIMA<\/a><a href=\"https:\/\/maatecalidadambiental.ambiente.gob.ec\/wp-content\/uploads\/2025\/04\/3.1-1-CLIMA.pdf\" class=\"wp-block-file__button wp-element-button\" download aria-describedby=\"wp-block-file--media-1f4ae406-b154-4c39-9025-1311861b17ed\">Descarga<\/a><\/div>\n\n\n\n<div data-wp-interactive=\"core\/file\" class=\"wp-block-file\"><object data-wp-bind--hidden=\"!state.hasPdfPreview\" hidden class=\"wp-block-file__embed\" data=\"https:\/\/maatecalidadambiental.ambiente.gob.ec\/wp-content\/uploads\/2025\/04\/3.1-2-ISOTERMAS.pdf\" type=\"application\/pdf\" style=\"width:100%;height:600px\" aria-label=\"Incrustado de 3.1-2 ISOTERMAS.\"><\/object><a id=\"wp-block-file--media-fca9e933-53fb-4690-9e55-b3601fe426ba\" href=\"https:\/\/maatecalidadambiental.ambiente.gob.ec\/wp-content\/uploads\/2025\/04\/3.1-2-ISOTERMAS.pdf\">3.1-2 ISOTERMAS<\/a><a href=\"https:\/\/maatecalidadambiental.ambiente.gob.ec\/wp-content\/uploads\/2025\/04\/3.1-2-ISOTERMAS.pdf\" class=\"wp-block-file__button wp-element-button\" download aria-describedby=\"wp-block-file--media-fca9e933-53fb-4690-9e55-b3601fe426ba\">Descarga<\/a><\/div>\n\n\n\n<div data-wp-interactive=\"core\/file\" class=\"wp-block-file\"><object data-wp-bind--hidden=\"!state.hasPdfPreview\" hidden class=\"wp-block-file__embed\" data=\"https:\/\/maatecalidadambiental.ambiente.gob.ec\/wp-content\/uploads\/2025\/04\/3.1-3-ISOYETAS.pdf\" type=\"application\/pdf\" style=\"width:100%;height:600px\" aria-label=\"Incrustado de 3.1-3 ISOYETAS.\"><\/object><a id=\"wp-block-file--media-695d5ed6-3ccf-4e3d-81ab-628454ed010c\" href=\"https:\/\/maatecalidadambiental.ambiente.gob.ec\/wp-content\/uploads\/2025\/04\/3.1-3-ISOYETAS.pdf\">3.1-3 ISOYETAS<\/a><a href=\"https:\/\/maatecalidadambiental.ambiente.gob.ec\/wp-content\/uploads\/2025\/04\/3.1-3-ISOYETAS.pdf\" class=\"wp-block-file__button wp-element-button\" download aria-describedby=\"wp-block-file--media-695d5ed6-3ccf-4e3d-81ab-628454ed010c\">Descarga<\/a><\/div>\n\n\n\n<div data-wp-interactive=\"core\/file\" class=\"wp-block-file\"><object data-wp-bind--hidden=\"!state.hasPdfPreview\" hidden class=\"wp-block-file__embed\" data=\"https:\/\/maatecalidadambiental.ambiente.gob.ec\/wp-content\/uploads\/2025\/04\/3.1-4-DEFICIT_HIDRICO.pdf\" type=\"application\/pdf\" style=\"width:100%;height:600px\" aria-label=\"Incrustado de 3.1-4 DEFICIT_HIDRICO.\"><\/object><a id=\"wp-block-file--media-d3d7157d-3e23-4e96-94d2-7f782ebba044\" href=\"https:\/\/maatecalidadambiental.ambiente.gob.ec\/wp-content\/uploads\/2025\/04\/3.1-4-DEFICIT_HIDRICO.pdf\">3.1-4 DEFICIT_HIDRICO<\/a><a href=\"https:\/\/maatecalidadambiental.ambiente.gob.ec\/wp-content\/uploads\/2025\/04\/3.1-4-DEFICIT_HIDRICO.pdf\" class=\"wp-block-file__button wp-element-button\" download aria-describedby=\"wp-block-file--media-d3d7157d-3e23-4e96-94d2-7f782ebba044\">Descarga<\/a><\/div>\n\n\n\n<div data-wp-interactive=\"core\/file\" class=\"wp-block-file\"><object data-wp-bind--hidden=\"!state.hasPdfPreview\" hidden class=\"wp-block-file__embed\" data=\"https:\/\/maatecalidadambiental.ambiente.gob.ec\/wp-content\/uploads\/2025\/04\/3.1-5-BIOCLIMAS.pdf\" type=\"application\/pdf\" style=\"width:100%;height:600px\" aria-label=\"Incrustado de 3.1-5 BIOCLIMAS.\"><\/object><a id=\"wp-block-file--media-4382b33a-d8e7-4f5d-b089-67feee4c20d3\" href=\"https:\/\/maatecalidadambiental.ambiente.gob.ec\/wp-content\/uploads\/2025\/04\/3.1-5-BIOCLIMAS.pdf\">3.1-5 BIOCLIMAS<\/a><a href=\"https:\/\/maatecalidadambiental.ambiente.gob.ec\/wp-content\/uploads\/2025\/04\/3.1-5-BIOCLIMAS.pdf\" class=\"wp-block-file__button wp-element-button\" download aria-describedby=\"wp-block-file--media-4382b33a-d8e7-4f5d-b089-67feee4c20d3\">Descarga<\/a><\/div>\n\n\n\n<div data-wp-interactive=\"core\/file\" class=\"wp-block-file\"><object data-wp-bind--hidden=\"!state.hasPdfPreview\" hidden class=\"wp-block-file__embed\" data=\"https:\/\/maatecalidadambiental.ambiente.gob.ec\/wp-content\/uploads\/2025\/04\/3.1-6-GEOLOGIA.pdf\" type=\"application\/pdf\" style=\"width:100%;height:600px\" aria-label=\"Incrustado de 3.1-6 GEOLOGIA.\"><\/object><a id=\"wp-block-file--media-4aa478cc-61ac-400e-a9ee-e780bea53e10\" href=\"https:\/\/maatecalidadambiental.ambiente.gob.ec\/wp-content\/uploads\/2025\/04\/3.1-6-GEOLOGIA.pdf\">3.1-6 GEOLOGIA<\/a><a href=\"https:\/\/maatecalidadambiental.ambiente.gob.ec\/wp-content\/uploads\/2025\/04\/3.1-6-GEOLOGIA.pdf\" class=\"wp-block-file__button wp-element-button\" download aria-describedby=\"wp-block-file--media-4aa478cc-61ac-400e-a9ee-e780bea53e10\">Descarga<\/a><\/div>\n\n\n\n<div data-wp-interactive=\"core\/file\" class=\"wp-block-file\"><object data-wp-bind--hidden=\"!state.hasPdfPreview\" hidden class=\"wp-block-file__embed\" data=\"https:\/\/maatecalidadambiental.ambiente.gob.ec\/wp-content\/uploads\/2025\/04\/3.1-7-GEOTECNIA.pdf\" type=\"application\/pdf\" style=\"width:100%;height:600px\" aria-label=\"Incrustado de 3.1-7 GEOTECNIA.\"><\/object><a id=\"wp-block-file--media-26bbb0df-8606-4c3b-83d3-e04fd701ee04\" href=\"https:\/\/maatecalidadambiental.ambiente.gob.ec\/wp-content\/uploads\/2025\/04\/3.1-7-GEOTECNIA.pdf\">3.1-7 GEOTECNIA<\/a><a href=\"https:\/\/maatecalidadambiental.ambiente.gob.ec\/wp-content\/uploads\/2025\/04\/3.1-7-GEOTECNIA.pdf\" class=\"wp-block-file__button wp-element-button\" download aria-describedby=\"wp-block-file--media-26bbb0df-8606-4c3b-83d3-e04fd701ee04\">Descarga<\/a><\/div>\n\n\n\n<div data-wp-interactive=\"core\/file\" class=\"wp-block-file\"><object data-wp-bind--hidden=\"!state.hasPdfPreview\" hidden class=\"wp-block-file__embed\" data=\"https:\/\/maatecalidadambiental.ambiente.gob.ec\/wp-content\/uploads\/2025\/04\/3.1-8-SISMICO.pdf\" type=\"application\/pdf\" style=\"width:100%;height:600px\" aria-label=\"Incrustado de 3.1-8 SISMICO.\"><\/object><a id=\"wp-block-file--media-67bf7737-a437-4056-ab56-fb38df0e2196\" href=\"https:\/\/maatecalidadambiental.ambiente.gob.ec\/wp-content\/uploads\/2025\/04\/3.1-8-SISMICO.pdf\">3.1-8 SISMICO<\/a><a href=\"https:\/\/maatecalidadambiental.ambiente.gob.ec\/wp-content\/uploads\/2025\/04\/3.1-8-SISMICO.pdf\" class=\"wp-block-file__button wp-element-button\" download aria-describedby=\"wp-block-file--media-67bf7737-a437-4056-ab56-fb38df0e2196\">Descarga<\/a><\/div>\n\n\n\n<div data-wp-interactive=\"core\/file\" class=\"wp-block-file\"><object data-wp-bind--hidden=\"!state.hasPdfPreview\" hidden class=\"wp-block-file__embed\" data=\"https:\/\/maatecalidadambiental.ambiente.gob.ec\/wp-content\/uploads\/2025\/04\/3.1-9-ESTABILIDAD.pdf\" type=\"application\/pdf\" style=\"width:100%;height:600px\" aria-label=\"Incrustado de 3.1-9 ESTABILIDAD.\"><\/object><a id=\"wp-block-file--media-96e6c089-2b2f-42ad-9a1d-a21b7e4828d3\" href=\"https:\/\/maatecalidadambiental.ambiente.gob.ec\/wp-content\/uploads\/2025\/04\/3.1-9-ESTABILIDAD.pdf\">3.1-9 ESTABILIDAD<\/a><a href=\"https:\/\/maatecalidadambiental.ambiente.gob.ec\/wp-content\/uploads\/2025\/04\/3.1-9-ESTABILIDAD.pdf\" class=\"wp-block-file__button wp-element-button\" download aria-describedby=\"wp-block-file--media-96e6c089-2b2f-42ad-9a1d-a21b7e4828d3\">Descarga<\/a><\/div>\n\n\n\n<div data-wp-interactive=\"core\/file\" class=\"wp-block-file\"><object data-wp-bind--hidden=\"!state.hasPdfPreview\" hidden class=\"wp-block-file__embed\" data=\"https:\/\/maatecalidadambiental.ambiente.gob.ec\/wp-content\/uploads\/2025\/04\/3.1-10-GEOMORFOLOGIA.pdf\" type=\"application\/pdf\" style=\"width:100%;height:600px\" aria-label=\"Incrustado de 3.1-10 GEOMORFOLOGIA.\"><\/object><a id=\"wp-block-file--media-0b785217-b14d-4dfc-b8f7-76ef03ba1ef7\" href=\"https:\/\/maatecalidadambiental.ambiente.gob.ec\/wp-content\/uploads\/2025\/04\/3.1-10-GEOMORFOLOGIA.pdf\">3.1-10 GEOMORFOLOGIA<\/a><a href=\"https:\/\/maatecalidadambiental.ambiente.gob.ec\/wp-content\/uploads\/2025\/04\/3.1-10-GEOMORFOLOGIA.pdf\" class=\"wp-block-file__button wp-element-button\" download aria-describedby=\"wp-block-file--media-0b785217-b14d-4dfc-b8f7-76ef03ba1ef7\">Descarga<\/a><\/div>\n\n\n\n<div data-wp-interactive=\"core\/file\" class=\"wp-block-file\"><object data-wp-bind--hidden=\"!state.hasPdfPreview\" hidden class=\"wp-block-file__embed\" data=\"https:\/\/maatecalidadambiental.ambiente.gob.ec\/wp-content\/uploads\/2025\/04\/3.1-11-SUELOS.pdf\" type=\"application\/pdf\" style=\"width:100%;height:600px\" aria-label=\"Incrustado de 3.1-11 SUELOS.\"><\/object><a id=\"wp-block-file--media-14778030-52f5-40a8-bdd0-429612941362\" href=\"https:\/\/maatecalidadambiental.ambiente.gob.ec\/wp-content\/uploads\/2025\/04\/3.1-11-SUELOS.pdf\">3.1-11 SUELOS<\/a><a href=\"https:\/\/maatecalidadambiental.ambiente.gob.ec\/wp-content\/uploads\/2025\/04\/3.1-11-SUELOS.pdf\" class=\"wp-block-file__button wp-element-button\" download aria-describedby=\"wp-block-file--media-14778030-52f5-40a8-bdd0-429612941362\">Descarga<\/a><\/div>\n\n\n\n<div data-wp-interactive=\"core\/file\" class=\"wp-block-file\"><object data-wp-bind--hidden=\"!state.hasPdfPreview\" hidden class=\"wp-block-file__embed\" data=\"https:\/\/maatecalidadambiental.ambiente.gob.ec\/wp-content\/uploads\/2025\/04\/3.1-12-CAPACIDAD.pdf\" type=\"application\/pdf\" style=\"width:100%;height:600px\" aria-label=\"Incrustado de 3.1-12 CAPACIDAD.\"><\/object><a id=\"wp-block-file--media-1c50c9af-e5ad-4e53-8285-5911a5aa2320\" href=\"https:\/\/maatecalidadambiental.ambiente.gob.ec\/wp-content\/uploads\/2025\/04\/3.1-12-CAPACIDAD.pdf\">3.1-12 CAPACIDAD<\/a><a href=\"https:\/\/maatecalidadambiental.ambiente.gob.ec\/wp-content\/uploads\/2025\/04\/3.1-12-CAPACIDAD.pdf\" class=\"wp-block-file__button wp-element-button\" download aria-describedby=\"wp-block-file--media-1c50c9af-e5ad-4e53-8285-5911a5aa2320\">Descarga<\/a><\/div>\n\n\n\n<div data-wp-interactive=\"core\/file\" class=\"wp-block-file\"><object data-wp-bind--hidden=\"!state.hasPdfPreview\" hidden class=\"wp-block-file__embed\" data=\"https:\/\/maatecalidadambiental.ambiente.gob.ec\/wp-content\/uploads\/2025\/04\/3.1-13-COBERTURA.pdf\" type=\"application\/pdf\" style=\"width:100%;height:600px\" aria-label=\"Incrustado de 3.1-13 COBERTURA.\"><\/object><a id=\"wp-block-file--media-766f67ce-dcbe-4875-ae58-98daf8626358\" href=\"https:\/\/maatecalidadambiental.ambiente.gob.ec\/wp-content\/uploads\/2025\/04\/3.1-13-COBERTURA.pdf\">3.1-13 COBERTURA<\/a><a href=\"https:\/\/maatecalidadambiental.ambiente.gob.ec\/wp-content\/uploads\/2025\/04\/3.1-13-COBERTURA.pdf\" class=\"wp-block-file__button wp-element-button\" download aria-describedby=\"wp-block-file--media-766f67ce-dcbe-4875-ae58-98daf8626358\">Descarga<\/a><\/div>\n\n\n\n<div data-wp-interactive=\"core\/file\" class=\"wp-block-file\"><object data-wp-bind--hidden=\"!state.hasPdfPreview\" hidden class=\"wp-block-file__embed\" data=\"https:\/\/maatecalidadambiental.ambiente.gob.ec\/wp-content\/uploads\/2025\/04\/3.1-14-CONFLICTOS.pdf\" type=\"application\/pdf\" style=\"width:100%;height:600px\" aria-label=\"Incrustado de 3.1-14 CONFLICTOS.\"><\/object><a id=\"wp-block-file--media-355cdf78-8b10-4f67-9022-59bd0896dc8e\" href=\"https:\/\/maatecalidadambiental.ambiente.gob.ec\/wp-content\/uploads\/2025\/04\/3.1-14-CONFLICTOS.pdf\">3.1-14 CONFLICTOS<\/a><a href=\"https:\/\/maatecalidadambiental.ambiente.gob.ec\/wp-content\/uploads\/2025\/04\/3.1-14-CONFLICTOS.pdf\" class=\"wp-block-file__button wp-element-button\" download aria-describedby=\"wp-block-file--media-355cdf78-8b10-4f67-9022-59bd0896dc8e\">Descarga<\/a><\/div>\n\n\n\n<div data-wp-interactive=\"core\/file\" class=\"wp-block-file\"><object data-wp-bind--hidden=\"!state.hasPdfPreview\" hidden class=\"wp-block-file__embed\" data=\"https:\/\/maatecalidadambiental.ambiente.gob.ec\/wp-content\/uploads\/2025\/04\/3.1-15-HIDROGEOLOGICO.pdf\" type=\"application\/pdf\" style=\"width:100%;height:600px\" aria-label=\"Incrustado de 3.1-15 HIDROGEOL\u00d3GICO.\"><\/object><a id=\"wp-block-file--media-2f3d2770-ebac-41ce-a35d-568b73723109\" href=\"https:\/\/maatecalidadambiental.ambiente.gob.ec\/wp-content\/uploads\/2025\/04\/3.1-15-HIDROGEOLOGICO.pdf\">3.1-15 HIDROGEOL\u00d3GICO<\/a><a href=\"https:\/\/maatecalidadambiental.ambiente.gob.ec\/wp-content\/uploads\/2025\/04\/3.1-15-HIDROGEOLOGICO.pdf\" class=\"wp-block-file__button wp-element-button\" download aria-describedby=\"wp-block-file--media-2f3d2770-ebac-41ce-a35d-568b73723109\">Descarga<\/a><\/div>\n\n\n\n<div data-wp-interactive=\"core\/file\" class=\"wp-block-file\"><object data-wp-bind--hidden=\"!state.hasPdfPreview\" hidden class=\"wp-block-file__embed\" data=\"https:\/\/maatecalidadambiental.ambiente.gob.ec\/wp-content\/uploads\/2025\/04\/3.1-16-HIDROLOGIA.pdf\" type=\"application\/pdf\" style=\"width:100%;height:600px\" aria-label=\"Incrustado de 3.1-16 HIDROLOG\u00cdA.\"><\/object><a id=\"wp-block-file--media-e9416ba0-8ed3-4bf1-95c0-89014c599f8a\" href=\"https:\/\/maatecalidadambiental.ambiente.gob.ec\/wp-content\/uploads\/2025\/04\/3.1-16-HIDROLOGIA.pdf\">3.1-16 HIDROLOG\u00cdA<\/a><a href=\"https:\/\/maatecalidadambiental.ambiente.gob.ec\/wp-content\/uploads\/2025\/04\/3.1-16-HIDROLOGIA.pdf\" class=\"wp-block-file__button wp-element-button\" download aria-describedby=\"wp-block-file--media-e9416ba0-8ed3-4bf1-95c0-89014c599f8a\">Descarga<\/a><\/div>\n\n\n\n<div data-wp-interactive=\"core\/file\" class=\"wp-block-file\"><object data-wp-bind--hidden=\"!state.hasPdfPreview\" hidden class=\"wp-block-file__embed\" data=\"https:\/\/maatecalidadambiental.ambiente.gob.ec\/wp-content\/uploads\/2025\/04\/3.1-17-RUIDO.pdf\" type=\"application\/pdf\" style=\"width:100%;height:600px\" aria-label=\"Incrustado de 3.1-17 RUIDO.\"><\/object><a id=\"wp-block-file--media-ad31ec0d-d948-4403-9a74-f589a52177ca\" href=\"https:\/\/maatecalidadambiental.ambiente.gob.ec\/wp-content\/uploads\/2025\/04\/3.1-17-RUIDO.pdf\">3.1-17 RUIDO<\/a><a href=\"https:\/\/maatecalidadambiental.ambiente.gob.ec\/wp-content\/uploads\/2025\/04\/3.1-17-RUIDO.pdf\" class=\"wp-block-file__button wp-element-button\" download aria-describedby=\"wp-block-file--media-ad31ec0d-d948-4403-9a74-f589a52177ca\">Descarga<\/a><\/div>\n\n\n\n<div data-wp-interactive=\"core\/file\" class=\"wp-block-file\"><object data-wp-bind--hidden=\"!state.hasPdfPreview\" hidden class=\"wp-block-file__embed\" data=\"https:\/\/maatecalidadambiental.ambiente.gob.ec\/wp-content\/uploads\/2025\/04\/3.1-18-AIRE.pdf\" type=\"application\/pdf\" style=\"width:100%;height:600px\" aria-label=\"Incrustado de 3.1-18 AIRE.\"><\/object><a id=\"wp-block-file--media-9156289a-407c-4eae-b1d2-132ca430e299\" href=\"https:\/\/maatecalidadambiental.ambiente.gob.ec\/wp-content\/uploads\/2025\/04\/3.1-18-AIRE.pdf\">3.1-18 AIRE<\/a><a href=\"https:\/\/maatecalidadambiental.ambiente.gob.ec\/wp-content\/uploads\/2025\/04\/3.1-18-AIRE.pdf\" class=\"wp-block-file__button wp-element-button\" download aria-describedby=\"wp-block-file--media-9156289a-407c-4eae-b1d2-132ca430e299\">Descarga<\/a><\/div>\n\n\n\n<div data-wp-interactive=\"core\/file\" class=\"wp-block-file\"><object data-wp-bind--hidden=\"!state.hasPdfPreview\" hidden class=\"wp-block-file__embed\" data=\"https:\/\/maatecalidadambiental.ambiente.gob.ec\/wp-content\/uploads\/2025\/04\/3.1-19-FUENTES-CONTAMINACION.pdf\" type=\"application\/pdf\" style=\"width:100%;height:600px\" aria-label=\"Incrustado de 3.1-19 FUENTES CONTAMINACION.\"><\/object><a id=\"wp-block-file--media-3519ffb3-9237-4a7b-b4db-0f58a875b1d8\" href=\"https:\/\/maatecalidadambiental.ambiente.gob.ec\/wp-content\/uploads\/2025\/04\/3.1-19-FUENTES-CONTAMINACION.pdf\">3.1-19 FUENTES CONTAMINACION<\/a><a href=\"https:\/\/maatecalidadambiental.ambiente.gob.ec\/wp-content\/uploads\/2025\/04\/3.1-19-FUENTES-CONTAMINACION.pdf\" class=\"wp-block-file__button wp-element-button\" download aria-describedby=\"wp-block-file--media-3519ffb3-9237-4a7b-b4db-0f58a875b1d8\">Descarga<\/a><\/div>\n\n\n\n<div data-wp-interactive=\"core\/file\" class=\"wp-block-file\"><object data-wp-bind--hidden=\"!state.hasPdfPreview\" hidden class=\"wp-block-file__embed\" data=\"https:\/\/maatecalidadambiental.ambiente.gob.ec\/wp-content\/uploads\/2025\/04\/3.2-1-ECOSISTEMAS.pdf\" type=\"application\/pdf\" style=\"width:100%;height:600px\" aria-label=\"Incrustado de 3.2-1 ECOSISTEMAS.\"><\/object><a id=\"wp-block-file--media-afbda587-71de-4359-8712-6f14ae4acdd9\" href=\"https:\/\/maatecalidadambiental.ambiente.gob.ec\/wp-content\/uploads\/2025\/04\/3.2-1-ECOSISTEMAS.pdf\">3.2-1 ECOSISTEMAS<\/a><a href=\"https:\/\/maatecalidadambiental.ambiente.gob.ec\/wp-content\/uploads\/2025\/04\/3.2-1-ECOSISTEMAS.pdf\" class=\"wp-block-file__button wp-element-button\" download aria-describedby=\"wp-block-file--media-afbda587-71de-4359-8712-6f14ae4acdd9\">Descarga<\/a><\/div>\n\n\n\n<div data-wp-interactive=\"core\/file\" class=\"wp-block-file\"><object data-wp-bind--hidden=\"!state.hasPdfPreview\" hidden class=\"wp-block-file__embed\" data=\"https:\/\/maatecalidadambiental.ambiente.gob.ec\/wp-content\/uploads\/2025\/04\/3.2-2-FLORA.pdf\" type=\"application\/pdf\" style=\"width:100%;height:600px\" aria-label=\"Incrustado de 3.2-2 FLORA.\"><\/object><a id=\"wp-block-file--media-16b640cb-4947-4c40-b356-237f5c29d41a\" href=\"https:\/\/maatecalidadambiental.ambiente.gob.ec\/wp-content\/uploads\/2025\/04\/3.2-2-FLORA.pdf\">3.2-2 FLORA<\/a><a href=\"https:\/\/maatecalidadambiental.ambiente.gob.ec\/wp-content\/uploads\/2025\/04\/3.2-2-FLORA.pdf\" class=\"wp-block-file__button wp-element-button\" download aria-describedby=\"wp-block-file--media-16b640cb-4947-4c40-b356-237f5c29d41a\">Descarga<\/a><\/div>\n\n\n\n<div data-wp-interactive=\"core\/file\" class=\"wp-block-file\"><object data-wp-bind--hidden=\"!state.hasPdfPreview\" hidden class=\"wp-block-file__embed\" data=\"https:\/\/maatecalidadambiental.ambiente.gob.ec\/wp-content\/uploads\/2025\/04\/3.2-3-AVIFAUNA.pdf\" type=\"application\/pdf\" style=\"width:100%;height:600px\" aria-label=\"Incrustado de 3.2-3 AVIFAUNA.\"><\/object><a id=\"wp-block-file--media-d01e885e-1f79-433a-9486-663ae883fc1a\" href=\"https:\/\/maatecalidadambiental.ambiente.gob.ec\/wp-content\/uploads\/2025\/04\/3.2-3-AVIFAUNA.pdf\">3.2-3 AVIFAUNA<\/a><a href=\"https:\/\/maatecalidadambiental.ambiente.gob.ec\/wp-content\/uploads\/2025\/04\/3.2-3-AVIFAUNA.pdf\" class=\"wp-block-file__button wp-element-button\" download aria-describedby=\"wp-block-file--media-d01e885e-1f79-433a-9486-663ae883fc1a\">Descarga<\/a><\/div>\n\n\n\n<div data-wp-interactive=\"core\/file\" class=\"wp-block-file\"><object data-wp-bind--hidden=\"!state.hasPdfPreview\" hidden class=\"wp-block-file__embed\" data=\"https:\/\/maatecalidadambiental.ambiente.gob.ec\/wp-content\/uploads\/2025\/04\/3.2-4-MASTOFAUNA.pdf\" type=\"application\/pdf\" style=\"width:100%;height:600px\" aria-label=\"Incrustado de 3.2-4 MASTOFAUNA.\"><\/object><a id=\"wp-block-file--media-d3910a95-9b6a-4e34-9667-1e7bab87220d\" href=\"https:\/\/maatecalidadambiental.ambiente.gob.ec\/wp-content\/uploads\/2025\/04\/3.2-4-MASTOFAUNA.pdf\">3.2-4 MASTOFAUNA<\/a><a href=\"https:\/\/maatecalidadambiental.ambiente.gob.ec\/wp-content\/uploads\/2025\/04\/3.2-4-MASTOFAUNA.pdf\" class=\"wp-block-file__button wp-element-button\" download aria-describedby=\"wp-block-file--media-d3910a95-9b6a-4e34-9667-1e7bab87220d\">Descarga<\/a><\/div>\n\n\n\n<div data-wp-interactive=\"core\/file\" class=\"wp-block-file\"><object data-wp-bind--hidden=\"!state.hasPdfPreview\" hidden class=\"wp-block-file__embed\" data=\"https:\/\/maatecalidadambiental.ambiente.gob.ec\/wp-content\/uploads\/2025\/04\/3.2-5-HERPETOFAUNA.pdf\" type=\"application\/pdf\" style=\"width:100%;height:600px\" aria-label=\"Incrustado de 3.2-5 HERPETOFAUNA.\"><\/object><a id=\"wp-block-file--media-10f5be68-0d2b-47a7-960b-2e6cce7a5b75\" href=\"https:\/\/maatecalidadambiental.ambiente.gob.ec\/wp-content\/uploads\/2025\/04\/3.2-5-HERPETOFAUNA.pdf\">3.2-5 HERPETOFAUNA<\/a><a href=\"https:\/\/maatecalidadambiental.ambiente.gob.ec\/wp-content\/uploads\/2025\/04\/3.2-5-HERPETOFAUNA.pdf\" class=\"wp-block-file__button wp-element-button\" download aria-describedby=\"wp-block-file--media-10f5be68-0d2b-47a7-960b-2e6cce7a5b75\">Descarga<\/a><\/div>\n\n\n\n<div data-wp-interactive=\"core\/file\" class=\"wp-block-file\"><object data-wp-bind--hidden=\"!state.hasPdfPreview\" hidden class=\"wp-block-file__embed\" data=\"https:\/\/maatecalidadambiental.ambiente.gob.ec\/wp-content\/uploads\/2025\/04\/3.2-6-ENTOMOFAUNA.pdf\" type=\"application\/pdf\" style=\"width:100%;height:600px\" aria-label=\"Incrustado de 3.2-6 ENTOMOFAUNA.\"><\/object><a id=\"wp-block-file--media-7a0ad79e-a88b-4d7c-9775-a50e9982f610\" href=\"https:\/\/maatecalidadambiental.ambiente.gob.ec\/wp-content\/uploads\/2025\/04\/3.2-6-ENTOMOFAUNA.pdf\">3.2-6 ENTOMOFAUNA<\/a><a href=\"https:\/\/maatecalidadambiental.ambiente.gob.ec\/wp-content\/uploads\/2025\/04\/3.2-6-ENTOMOFAUNA.pdf\" class=\"wp-block-file__button wp-element-button\" download aria-describedby=\"wp-block-file--media-7a0ad79e-a88b-4d7c-9775-a50e9982f610\">Descarga<\/a><\/div>\n\n\n\n<div data-wp-interactive=\"core\/file\" class=\"wp-block-file\"><object data-wp-bind--hidden=\"!state.hasPdfPreview\" hidden class=\"wp-block-file__embed\" data=\"https:\/\/maatecalidadambiental.ambiente.gob.ec\/wp-content\/uploads\/2025\/04\/3.2-7-ICTIOFAUNA.pdf\" type=\"application\/pdf\" style=\"width:100%;height:600px\" aria-label=\"Incrustado de 3.2-7 ICTIOFAUNA.\"><\/object><a id=\"wp-block-file--media-3674547f-1ac6-4660-bfec-45ea419e8b21\" href=\"https:\/\/maatecalidadambiental.ambiente.gob.ec\/wp-content\/uploads\/2025\/04\/3.2-7-ICTIOFAUNA.pdf\">3.2-7 ICTIOFAUNA<\/a><a href=\"https:\/\/maatecalidadambiental.ambiente.gob.ec\/wp-content\/uploads\/2025\/04\/3.2-7-ICTIOFAUNA.pdf\" class=\"wp-block-file__button wp-element-button\" download aria-describedby=\"wp-block-file--media-3674547f-1ac6-4660-bfec-45ea419e8b21\">Descarga<\/a><\/div>\n\n\n\n<div data-wp-interactive=\"core\/file\" class=\"wp-block-file\"><object data-wp-bind--hidden=\"!state.hasPdfPreview\" hidden class=\"wp-block-file__embed\" data=\"https:\/\/maatecalidadambiental.ambiente.gob.ec\/wp-content\/uploads\/2025\/04\/3.2-8-MACROINVERTEBRADOS.pdf\" type=\"application\/pdf\" style=\"width:100%;height:600px\" aria-label=\"Incrustado de 3.2-8 MACROINVERTEBRADOS.\"><\/object><a id=\"wp-block-file--media-c99b7ac1-7bac-4ae9-8aeb-0e650f09387f\" href=\"https:\/\/maatecalidadambiental.ambiente.gob.ec\/wp-content\/uploads\/2025\/04\/3.2-8-MACROINVERTEBRADOS.pdf\">3.2-8 MACROINVERTEBRADOS<\/a><a href=\"https:\/\/maatecalidadambiental.ambiente.gob.ec\/wp-content\/uploads\/2025\/04\/3.2-8-MACROINVERTEBRADOS.pdf\" class=\"wp-block-file__button wp-element-button\" download aria-describedby=\"wp-block-file--media-c99b7ac1-7bac-4ae9-8aeb-0e650f09387f\">Descarga<\/a><\/div>\n\n\n\n<div data-wp-interactive=\"core\/file\" class=\"wp-block-file\"><object data-wp-bind--hidden=\"!state.hasPdfPreview\" hidden class=\"wp-block-file__embed\" data=\"https:\/\/maatecalidadambiental.ambiente.gob.ec\/wp-content\/uploads\/2025\/04\/3.3-1-LOCALICADES.pdf\" type=\"application\/pdf\" style=\"width:100%;height:600px\" aria-label=\"Incrustado de 3.3-1 LOCALICADES.\"><\/object><a id=\"wp-block-file--media-34b29a11-4776-465a-8f5e-4d0e91fea1ed\" href=\"https:\/\/maatecalidadambiental.ambiente.gob.ec\/wp-content\/uploads\/2025\/04\/3.3-1-LOCALICADES.pdf\">3.3-1 LOCALICADES<\/a><a href=\"https:\/\/maatecalidadambiental.ambiente.gob.ec\/wp-content\/uploads\/2025\/04\/3.3-1-LOCALICADES.pdf\" class=\"wp-block-file__button wp-element-button\" download aria-describedby=\"wp-block-file--media-34b29a11-4776-465a-8f5e-4d0e91fea1ed\">Descarga<\/a><\/div>\n\n\n\n<div data-wp-interactive=\"core\/file\" class=\"wp-block-file\"><object data-wp-bind--hidden=\"!state.hasPdfPreview\" hidden class=\"wp-block-file__embed\" data=\"https:\/\/maatecalidadambiental.ambiente.gob.ec\/wp-content\/uploads\/2025\/04\/3.3-2-PREDIOS.pdf\" type=\"application\/pdf\" style=\"width:100%;height:600px\" aria-label=\"Incrustado de 3.3-2 PREDIOS.\"><\/object><a id=\"wp-block-file--media-ec281618-4925-4205-84fd-a238414c7613\" href=\"https:\/\/maatecalidadambiental.ambiente.gob.ec\/wp-content\/uploads\/2025\/04\/3.3-2-PREDIOS.pdf\">3.3-2 PREDIOS<\/a><a href=\"https:\/\/maatecalidadambiental.ambiente.gob.ec\/wp-content\/uploads\/2025\/04\/3.3-2-PREDIOS.pdf\" class=\"wp-block-file__button wp-element-button\" download aria-describedby=\"wp-block-file--media-ec281618-4925-4205-84fd-a238414c7613\">Descarga<\/a><\/div>\n\n\n\n<div data-wp-interactive=\"core\/file\" class=\"wp-block-file\"><object data-wp-bind--hidden=\"!state.hasPdfPreview\" hidden class=\"wp-block-file__embed\" data=\"https:\/\/maatecalidadambiental.ambiente.gob.ec\/wp-content\/uploads\/2025\/04\/3.3-3-INFRAESTRUCTURA-COMUNITARIA.pdf\" type=\"application\/pdf\" style=\"width:100%;height:600px\" aria-label=\"Incrustado de 3.3-3 INFRAESTRUCTURA COMUNITARIA.\"><\/object><a id=\"wp-block-file--media-84f36da3-8d75-4dc5-93dd-ed7337f33830\" href=\"https:\/\/maatecalidadambiental.ambiente.gob.ec\/wp-content\/uploads\/2025\/04\/3.3-3-INFRAESTRUCTURA-COMUNITARIA.pdf\">3.3-3 INFRAESTRUCTURA COMUNITARIA<\/a><a href=\"https:\/\/maatecalidadambiental.ambiente.gob.ec\/wp-content\/uploads\/2025\/04\/3.3-3-INFRAESTRUCTURA-COMUNITARIA.pdf\" class=\"wp-block-file__button wp-element-button\" download aria-describedby=\"wp-block-file--media-84f36da3-8d75-4dc5-93dd-ed7337f33830\">Descarga<\/a><\/div>\n\n\n\n<div data-wp-interactive=\"core\/file\" class=\"wp-block-file\"><object data-wp-bind--hidden=\"!state.hasPdfPreview\" hidden class=\"wp-block-file__embed\" data=\"https:\/\/maatecalidadambiental.ambiente.gob.ec\/wp-content\/uploads\/2025\/04\/3.3-4-VIVIENDAS.pdf\" type=\"application\/pdf\" style=\"width:100%;height:600px\" aria-label=\"Incrustado de 3.3-4 VIVIENDAS.\"><\/object><a id=\"wp-block-file--media-1a66d967-9f5a-4ab0-9742-b09823431ab6\" href=\"https:\/\/maatecalidadambiental.ambiente.gob.ec\/wp-content\/uploads\/2025\/04\/3.3-4-VIVIENDAS.pdf\">3.3-4 VIVIENDAS<\/a><a href=\"https:\/\/maatecalidadambiental.ambiente.gob.ec\/wp-content\/uploads\/2025\/04\/3.3-4-VIVIENDAS.pdf\" class=\"wp-block-file__button wp-element-button\" download aria-describedby=\"wp-block-file--media-1a66d967-9f5a-4ab0-9742-b09823431ab6\">Descarga<\/a><\/div>\n\n\n\n<div data-wp-interactive=\"core\/file\" class=\"wp-block-file\"><object data-wp-bind--hidden=\"!state.hasPdfPreview\" hidden class=\"wp-block-file__embed\" data=\"https:\/\/maatecalidadambiental.ambiente.gob.ec\/wp-content\/uploads\/2025\/04\/3.4-1-ARQUEOLOGIA.pdf\" type=\"application\/pdf\" style=\"width:100%;height:600px\" aria-label=\"Incrustado de 3.4-1 ARQUEOLOG\u00cdA.\"><\/object><a id=\"wp-block-file--media-52338cef-de6f-49f0-8f6e-ec14176edbfa\" href=\"https:\/\/maatecalidadambiental.ambiente.gob.ec\/wp-content\/uploads\/2025\/04\/3.4-1-ARQUEOLOGIA.pdf\">3.4-1 ARQUEOLOG\u00cdA<\/a><a href=\"https:\/\/maatecalidadambiental.ambiente.gob.ec\/wp-content\/uploads\/2025\/04\/3.4-1-ARQUEOLOGIA.pdf\" class=\"wp-block-file__button wp-element-button\" download aria-describedby=\"wp-block-file--media-52338cef-de6f-49f0-8f6e-ec14176edbfa\">Descarga<\/a><\/div>\n\n\n\n<div data-wp-interactive=\"core\/file\" class=\"wp-block-file\"><object data-wp-bind--hidden=\"!state.hasPdfPreview\" hidden class=\"wp-block-file__embed\" data=\"https:\/\/maatecalidadambiental.ambiente.gob.ec\/wp-content\/uploads\/2025\/04\/4.1-1-IMPLANTACION.pdf\" type=\"application\/pdf\" style=\"width:100%;height:600px\" aria-label=\"Incrustado de 4.1-1 IMPLANTACION.\"><\/object><a id=\"wp-block-file--media-507d2d60-84d7-4790-a29e-29601d65be9a\" href=\"https:\/\/maatecalidadambiental.ambiente.gob.ec\/wp-content\/uploads\/2025\/04\/4.1-1-IMPLANTACION.pdf\">4.1-1 IMPLANTACION<\/a><a href=\"https:\/\/maatecalidadambiental.ambiente.gob.ec\/wp-content\/uploads\/2025\/04\/4.1-1-IMPLANTACION.pdf\" class=\"wp-block-file__button wp-element-button\" download aria-describedby=\"wp-block-file--media-507d2d60-84d7-4790-a29e-29601d65be9a\">Descarga<\/a><\/div>\n\n\n\n<div data-wp-interactive=\"core\/file\" class=\"wp-block-file\"><object data-wp-bind--hidden=\"!state.hasPdfPreview\" hidden class=\"wp-block-file__embed\" data=\"https:\/\/maatecalidadambiental.ambiente.gob.ec\/wp-content\/uploads\/2025\/04\/4.1-2-ALTERNATIVAS.pdf\" type=\"application\/pdf\" style=\"width:100%;height:600px\" aria-label=\"Incrustado de 4.1-2 ALTERNATIVAS.\"><\/object><a id=\"wp-block-file--media-47185352-4a6e-411f-a3e1-44459ca012a3\" href=\"https:\/\/maatecalidadambiental.ambiente.gob.ec\/wp-content\/uploads\/2025\/04\/4.1-2-ALTERNATIVAS.pdf\">4.1-2 ALTERNATIVAS<\/a><a href=\"https:\/\/maatecalidadambiental.ambiente.gob.ec\/wp-content\/uploads\/2025\/04\/4.1-2-ALTERNATIVAS.pdf\" class=\"wp-block-file__button wp-element-button\" download aria-describedby=\"wp-block-file--media-47185352-4a6e-411f-a3e1-44459ca012a3\">Descarga<\/a><\/div>\n\n\n\n<div data-wp-interactive=\"core\/file\" class=\"wp-block-file\"><object data-wp-bind--hidden=\"!state.hasPdfPreview\" hidden class=\"wp-block-file__embed\" data=\"https:\/\/maatecalidadambiental.ambiente.gob.ec\/wp-content\/uploads\/2025\/04\/6.1-1-A-AIDF-AIRE.pdf\" type=\"application\/pdf\" style=\"width:100%;height:600px\" aria-label=\"Incrustado de 6.1-1-A AIDF AIRE.\"><\/object><a id=\"wp-block-file--media-8ecbe751-4705-4b7d-8bbc-075db17ab101\" href=\"https:\/\/maatecalidadambiental.ambiente.gob.ec\/wp-content\/uploads\/2025\/04\/6.1-1-A-AIDF-AIRE.pdf\">6.1-1-A AIDF AIRE<\/a><a href=\"https:\/\/maatecalidadambiental.ambiente.gob.ec\/wp-content\/uploads\/2025\/04\/6.1-1-A-AIDF-AIRE.pdf\" class=\"wp-block-file__button wp-element-button\" download aria-describedby=\"wp-block-file--media-8ecbe751-4705-4b7d-8bbc-075db17ab101\">Descarga<\/a><\/div>\n\n\n\n<div data-wp-interactive=\"core\/file\" class=\"wp-block-file\"><object data-wp-bind--hidden=\"!state.hasPdfPreview\" hidden class=\"wp-block-file__embed\" data=\"https:\/\/maatecalidadambiental.ambiente.gob.ec\/wp-content\/uploads\/2025\/04\/6.1-1-B-AIDF-SUELO.pdf\" type=\"application\/pdf\" style=\"width:100%;height:600px\" aria-label=\"Incrustado de 6.1-1-B AIDF SUELO.\"><\/object><a id=\"wp-block-file--media-7417db3e-4ab3-447a-b6d3-6e78782a472b\" href=\"https:\/\/maatecalidadambiental.ambiente.gob.ec\/wp-content\/uploads\/2025\/04\/6.1-1-B-AIDF-SUELO.pdf\">6.1-1-B AIDF SUELO<\/a><a href=\"https:\/\/maatecalidadambiental.ambiente.gob.ec\/wp-content\/uploads\/2025\/04\/6.1-1-B-AIDF-SUELO.pdf\" class=\"wp-block-file__button wp-element-button\" download aria-describedby=\"wp-block-file--media-7417db3e-4ab3-447a-b6d3-6e78782a472b\">Descarga<\/a><\/div>\n\n\n\n<div data-wp-interactive=\"core\/file\" class=\"wp-block-file\"><object data-wp-bind--hidden=\"!state.hasPdfPreview\" hidden class=\"wp-block-file__embed\" data=\"https:\/\/maatecalidadambiental.ambiente.gob.ec\/wp-content\/uploads\/2025\/04\/6.1-1-C-AIDF-RUIDO.pdf\" type=\"application\/pdf\" style=\"width:100%;height:600px\" aria-label=\"Incrustado de 6.1-1-C AIDF RUIDO.\"><\/object><a id=\"wp-block-file--media-536bc9b6-2c3b-40e8-9760-f470f581afa6\" href=\"https:\/\/maatecalidadambiental.ambiente.gob.ec\/wp-content\/uploads\/2025\/04\/6.1-1-C-AIDF-RUIDO.pdf\">6.1-1-C AIDF RUIDO<\/a><a href=\"https:\/\/maatecalidadambiental.ambiente.gob.ec\/wp-content\/uploads\/2025\/04\/6.1-1-C-AIDF-RUIDO.pdf\" class=\"wp-block-file__button wp-element-button\" download aria-describedby=\"wp-block-file--media-536bc9b6-2c3b-40e8-9760-f470f581afa6\">Descarga<\/a><\/div>\n\n\n\n<div data-wp-interactive=\"core\/file\" class=\"wp-block-file\"><object data-wp-bind--hidden=\"!state.hasPdfPreview\" hidden class=\"wp-block-file__embed\" data=\"https:\/\/maatecalidadambiental.ambiente.gob.ec\/wp-content\/uploads\/2025\/04\/6.1-1-D-AIDF-HIDRICA.pdf\" type=\"application\/pdf\" style=\"width:100%;height:600px\" aria-label=\"Incrustado de 6.1-1-D AIDF HIDRICA.\"><\/object><a id=\"wp-block-file--media-c05eae2b-b8cd-42d7-9fd2-8d28c23f7f9c\" href=\"https:\/\/maatecalidadambiental.ambiente.gob.ec\/wp-content\/uploads\/2025\/04\/6.1-1-D-AIDF-HIDRICA.pdf\">6.1-1-D AIDF HIDRICA<\/a><a href=\"https:\/\/maatecalidadambiental.ambiente.gob.ec\/wp-content\/uploads\/2025\/04\/6.1-1-D-AIDF-HIDRICA.pdf\" class=\"wp-block-file__button wp-element-button\" download aria-describedby=\"wp-block-file--media-c05eae2b-b8cd-42d7-9fd2-8d28c23f7f9c\">Descarga<\/a><\/div>\n\n\n\n<div data-wp-interactive=\"core\/file\" class=\"wp-block-file\"><object data-wp-bind--hidden=\"!state.hasPdfPreview\" hidden class=\"wp-block-file__embed\" data=\"https:\/\/maatecalidadambiental.ambiente.gob.ec\/wp-content\/uploads\/2025\/04\/6.1-2-A-AIDB-FLORA.pdf\" type=\"application\/pdf\" style=\"width:100%;height:600px\" aria-label=\"Incrustado de 6.1-2-A AIDB FLORA.\"><\/object><a id=\"wp-block-file--media-f9202207-f5a7-4a96-8ffc-efa7dae905fc\" href=\"https:\/\/maatecalidadambiental.ambiente.gob.ec\/wp-content\/uploads\/2025\/04\/6.1-2-A-AIDB-FLORA.pdf\">6.1-2-A AIDB FLORA<\/a><a href=\"https:\/\/maatecalidadambiental.ambiente.gob.ec\/wp-content\/uploads\/2025\/04\/6.1-2-A-AIDB-FLORA.pdf\" class=\"wp-block-file__button wp-element-button\" download aria-describedby=\"wp-block-file--media-f9202207-f5a7-4a96-8ffc-efa7dae905fc\">Descarga<\/a><\/div>\n\n\n\n<div data-wp-interactive=\"core\/file\" class=\"wp-block-file\"><object data-wp-bind--hidden=\"!state.hasPdfPreview\" hidden class=\"wp-block-file__embed\" data=\"https:\/\/maatecalidadambiental.ambiente.gob.ec\/wp-content\/uploads\/2025\/04\/6.1-2-B-AIDB-FTERRESTRE.pdf\" type=\"application\/pdf\" style=\"width:100%;height:600px\" aria-label=\"Incrustado de 6.1-2-B AIDB FTERRESTRE.\"><\/object><a id=\"wp-block-file--media-5032c159-5194-46d0-8f44-070856694777\" href=\"https:\/\/maatecalidadambiental.ambiente.gob.ec\/wp-content\/uploads\/2025\/04\/6.1-2-B-AIDB-FTERRESTRE.pdf\">6.1-2-B AIDB FTERRESTRE<\/a><a href=\"https:\/\/maatecalidadambiental.ambiente.gob.ec\/wp-content\/uploads\/2025\/04\/6.1-2-B-AIDB-FTERRESTRE.pdf\" class=\"wp-block-file__button wp-element-button\" download aria-describedby=\"wp-block-file--media-5032c159-5194-46d0-8f44-070856694777\">Descarga<\/a><\/div>\n\n\n\n<div data-wp-interactive=\"core\/file\" class=\"wp-block-file\"><object data-wp-bind--hidden=\"!state.hasPdfPreview\" hidden class=\"wp-block-file__embed\" data=\"https:\/\/maatecalidadambiental.ambiente.gob.ec\/wp-content\/uploads\/2025\/04\/6.1-2-C-AIDB-FACUATICA.pdf\" type=\"application\/pdf\" style=\"width:100%;height:600px\" aria-label=\"Incrustado de 6.1-2-C AIDB FACUATICA.\"><\/object><a id=\"wp-block-file--media-2995f8e6-fbc6-415d-be8b-b2483dde8086\" href=\"https:\/\/maatecalidadambiental.ambiente.gob.ec\/wp-content\/uploads\/2025\/04\/6.1-2-C-AIDB-FACUATICA.pdf\">6.1-2-C AIDB FACUATICA<\/a><a href=\"https:\/\/maatecalidadambiental.ambiente.gob.ec\/wp-content\/uploads\/2025\/04\/6.1-2-C-AIDB-FACUATICA.pdf\" class=\"wp-block-file__button wp-element-button\" download aria-describedby=\"wp-block-file--media-2995f8e6-fbc6-415d-be8b-b2483dde8086\">Descarga<\/a><\/div>\n\n\n\n<div data-wp-interactive=\"core\/file\" class=\"wp-block-file\"><object data-wp-bind--hidden=\"!state.hasPdfPreview\" hidden class=\"wp-block-file__embed\" data=\"https:\/\/maatecalidadambiental.ambiente.gob.ec\/wp-content\/uploads\/2025\/04\/6.1-3-A-AIDS-LOCALIDADES.pdf\" type=\"application\/pdf\" style=\"width:100%;height:600px\" aria-label=\"Incrustado de 6.1-3-A AIDS LOCALIDADES.\"><\/object><a id=\"wp-block-file--media-2fd126e4-b5d8-4a06-b227-089b718f4b3a\" href=\"https:\/\/maatecalidadambiental.ambiente.gob.ec\/wp-content\/uploads\/2025\/04\/6.1-3-A-AIDS-LOCALIDADES.pdf\">6.1-3-A AIDS LOCALIDADES<\/a><a href=\"https:\/\/maatecalidadambiental.ambiente.gob.ec\/wp-content\/uploads\/2025\/04\/6.1-3-A-AIDS-LOCALIDADES.pdf\" class=\"wp-block-file__button wp-element-button\" download aria-describedby=\"wp-block-file--media-2fd126e4-b5d8-4a06-b227-089b718f4b3a\">Descarga<\/a><\/div>\n\n\n\n<div data-wp-interactive=\"core\/file\" class=\"wp-block-file\"><object data-wp-bind--hidden=\"!state.hasPdfPreview\" hidden class=\"wp-block-file__embed\" data=\"https:\/\/maatecalidadambiental.ambiente.gob.ec\/wp-content\/uploads\/2025\/04\/6.1-3-B-AIDS-PREDIOS.pdf\" type=\"application\/pdf\" style=\"width:100%;height:600px\" aria-label=\"Incrustado de 6.1-3-B AIDS PREDIOS.\"><\/object><a id=\"wp-block-file--media-5b96b9b6-3c22-4f6c-b356-b1cb64f1680a\" href=\"https:\/\/maatecalidadambiental.ambiente.gob.ec\/wp-content\/uploads\/2025\/04\/6.1-3-B-AIDS-PREDIOS.pdf\">6.1-3-B AIDS PREDIOS<\/a><a href=\"https:\/\/maatecalidadambiental.ambiente.gob.ec\/wp-content\/uploads\/2025\/04\/6.1-3-B-AIDS-PREDIOS.pdf\" class=\"wp-block-file__button wp-element-button\" download aria-describedby=\"wp-block-file--media-5b96b9b6-3c22-4f6c-b356-b1cb64f1680a\">Descarga<\/a><\/div>\n\n\n\n<div data-wp-interactive=\"core\/file\" class=\"wp-block-file\"><object data-wp-bind--hidden=\"!state.hasPdfPreview\" hidden class=\"wp-block-file__embed\" data=\"https:\/\/maatecalidadambiental.ambiente.gob.ec\/wp-content\/uploads\/2025\/04\/6.2-1-A-AIIF-AIRE.pdf\" type=\"application\/pdf\" style=\"width:100%;height:600px\" aria-label=\"Incrustado de 6.2-1-A AIIF AIRE.\"><\/object><a id=\"wp-block-file--media-dfb6956f-f505-4b96-9369-848580c83c7f\" href=\"https:\/\/maatecalidadambiental.ambiente.gob.ec\/wp-content\/uploads\/2025\/04\/6.2-1-A-AIIF-AIRE.pdf\">6.2-1-A AIIF AIRE<\/a><a href=\"https:\/\/maatecalidadambiental.ambiente.gob.ec\/wp-content\/uploads\/2025\/04\/6.2-1-A-AIIF-AIRE.pdf\" class=\"wp-block-file__button wp-element-button\" download aria-describedby=\"wp-block-file--media-dfb6956f-f505-4b96-9369-848580c83c7f\">Descarga<\/a><\/div>\n\n\n\n<div data-wp-interactive=\"core\/file\" class=\"wp-block-file\"><object data-wp-bind--hidden=\"!state.hasPdfPreview\" hidden class=\"wp-block-file__embed\" data=\"https:\/\/maatecalidadambiental.ambiente.gob.ec\/wp-content\/uploads\/2025\/04\/6.2-1-B-AIIF-HIDRICA.pdf\" type=\"application\/pdf\" style=\"width:100%;height:600px\" aria-label=\"Incrustado de 6.2-1-B AIIF HIDRICA.\"><\/object><a id=\"wp-block-file--media-8aa18db0-ce51-44d9-b30d-6fc1bcdbe9c9\" href=\"https:\/\/maatecalidadambiental.ambiente.gob.ec\/wp-content\/uploads\/2025\/04\/6.2-1-B-AIIF-HIDRICA.pdf\">6.2-1-B AIIF HIDRICA<\/a><a href=\"https:\/\/maatecalidadambiental.ambiente.gob.ec\/wp-content\/uploads\/2025\/04\/6.2-1-B-AIIF-HIDRICA.pdf\" class=\"wp-block-file__button wp-element-button\" download aria-describedby=\"wp-block-file--media-8aa18db0-ce51-44d9-b30d-6fc1bcdbe9c9\">Descarga<\/a><\/div>\n\n\n\n<div data-wp-interactive=\"core\/file\" class=\"wp-block-file\"><object data-wp-bind--hidden=\"!state.hasPdfPreview\" hidden class=\"wp-block-file__embed\" data=\"https:\/\/maatecalidadambiental.ambiente.gob.ec\/wp-content\/uploads\/2025\/04\/6.2-2-A-AIIB-FLORA.pdf\" type=\"application\/pdf\" style=\"width:100%;height:600px\" aria-label=\"Incrustado de 6.2-2-A AIIB FLORA.\"><\/object><a id=\"wp-block-file--media-416aa135-c709-4b22-ab4d-c093601e417d\" href=\"https:\/\/maatecalidadambiental.ambiente.gob.ec\/wp-content\/uploads\/2025\/04\/6.2-2-A-AIIB-FLORA.pdf\">6.2-2-A AIIB FLORA<\/a><a href=\"https:\/\/maatecalidadambiental.ambiente.gob.ec\/wp-content\/uploads\/2025\/04\/6.2-2-A-AIIB-FLORA.pdf\" class=\"wp-block-file__button wp-element-button\" download aria-describedby=\"wp-block-file--media-416aa135-c709-4b22-ab4d-c093601e417d\">Descarga<\/a><\/div>\n\n\n\n<div data-wp-interactive=\"core\/file\" class=\"wp-block-file\"><object data-wp-bind--hidden=\"!state.hasPdfPreview\" hidden class=\"wp-block-file__embed\" data=\"https:\/\/maatecalidadambiental.ambiente.gob.ec\/wp-content\/uploads\/2025\/04\/6.2-2-B-AIIB-FTERRESTRE.pdf\" type=\"application\/pdf\" style=\"width:100%;height:600px\" aria-label=\"Incrustado de 6.2-2-B AIIB FTERRESTRE.\"><\/object><a id=\"wp-block-file--media-c740cd6a-52af-4b08-a537-81f7c4a889c3\" href=\"https:\/\/maatecalidadambiental.ambiente.gob.ec\/wp-content\/uploads\/2025\/04\/6.2-2-B-AIIB-FTERRESTRE.pdf\">6.2-2-B AIIB FTERRESTRE<\/a><a href=\"https:\/\/maatecalidadambiental.ambiente.gob.ec\/wp-content\/uploads\/2025\/04\/6.2-2-B-AIIB-FTERRESTRE.pdf\" class=\"wp-block-file__button wp-element-button\" download aria-describedby=\"wp-block-file--media-c740cd6a-52af-4b08-a537-81f7c4a889c3\">Descarga<\/a><\/div>\n\n\n\n<div data-wp-interactive=\"core\/file\" class=\"wp-block-file\"><object data-wp-bind--hidden=\"!state.hasPdfPreview\" hidden class=\"wp-block-file__embed\" data=\"https:\/\/maatecalidadambiental.ambiente.gob.ec\/wp-content\/uploads\/2025\/04\/6.2-2-C-AIIB-FACUATICA.pdf\" type=\"application\/pdf\" style=\"width:100%;height:600px\" aria-label=\"Incrustado de 6.2-2-C AIIB FACUATICA.\"><\/object><a id=\"wp-block-file--media-6166fdde-0389-42b8-9a9c-53b6eaca2919\" href=\"https:\/\/maatecalidadambiental.ambiente.gob.ec\/wp-content\/uploads\/2025\/04\/6.2-2-C-AIIB-FACUATICA.pdf\">6.2-2-C AIIB FACUATICA<\/a><a href=\"https:\/\/maatecalidadambiental.ambiente.gob.ec\/wp-content\/uploads\/2025\/04\/6.2-2-C-AIIB-FACUATICA.pdf\" class=\"wp-block-file__button wp-element-button\" download aria-describedby=\"wp-block-file--media-6166fdde-0389-42b8-9a9c-53b6eaca2919\">Descarga<\/a><\/div>\n\n\n\n<div data-wp-interactive=\"core\/file\" class=\"wp-block-file\"><object data-wp-bind--hidden=\"!state.hasPdfPreview\" hidden class=\"wp-block-file__embed\" data=\"https:\/\/maatecalidadambiental.ambiente.gob.ec\/wp-content\/uploads\/2025\/04\/6.2-2-D-AIIB-TOTAL.pdf\" type=\"application\/pdf\" style=\"width:100%;height:600px\" aria-label=\"Incrustado de 6.2-2-D AIIB TOTAL.\"><\/object><a id=\"wp-block-file--media-003236a5-c48d-49ca-a3c1-bd757cfc636e\" href=\"https:\/\/maatecalidadambiental.ambiente.gob.ec\/wp-content\/uploads\/2025\/04\/6.2-2-D-AIIB-TOTAL.pdf\">6.2-2-D AIIB TOTAL<\/a><a href=\"https:\/\/maatecalidadambiental.ambiente.gob.ec\/wp-content\/uploads\/2025\/04\/6.2-2-D-AIIB-TOTAL.pdf\" class=\"wp-block-file__button wp-element-button\" download aria-describedby=\"wp-block-file--media-003236a5-c48d-49ca-a3c1-bd757cfc636e\">Descarga<\/a><\/div>\n\n\n\n<div data-wp-interactive=\"core\/file\" class=\"wp-block-file\"><object data-wp-bind--hidden=\"!state.hasPdfPreview\" hidden class=\"wp-block-file__embed\" data=\"https:\/\/maatecalidadambiental.ambiente.gob.ec\/wp-content\/uploads\/2025\/04\/6.2-3-AII-SOCIAL.pdf\" type=\"application\/pdf\" style=\"width:100%;height:600px\" aria-label=\"Incrustado de 6.2-3 AII SOCIAL.\"><\/object><a id=\"wp-block-file--media-1b0d9c34-0193-481d-a16f-fda76e57d898\" href=\"https:\/\/maatecalidadambiental.ambiente.gob.ec\/wp-content\/uploads\/2025\/04\/6.2-3-AII-SOCIAL.pdf\">6.2-3 AII SOCIAL<\/a><a href=\"https:\/\/maatecalidadambiental.ambiente.gob.ec\/wp-content\/uploads\/2025\/04\/6.2-3-AII-SOCIAL.pdf\" class=\"wp-block-file__button wp-element-button\" download aria-describedby=\"wp-block-file--media-1b0d9c34-0193-481d-a16f-fda76e57d898\">Descarga<\/a><\/div>\n\n\n\n<div data-wp-interactive=\"core\/file\" class=\"wp-block-file\"><object data-wp-bind--hidden=\"!state.hasPdfPreview\" hidden class=\"wp-block-file__embed\" data=\"https:\/\/maatecalidadambiental.ambiente.gob.ec\/wp-content\/uploads\/2025\/04\/6.2-4-AII-TOTAL.pdf\" type=\"application\/pdf\" style=\"width:100%;height:600px\" aria-label=\"Incrustado de 6.2-4 AII TOTAL.\"><\/object><a id=\"wp-block-file--media-44f309a9-0955-4513-94ae-bbeae0df048b\" href=\"https:\/\/maatecalidadambiental.ambiente.gob.ec\/wp-content\/uploads\/2025\/04\/6.2-4-AII-TOTAL.pdf\">6.2-4 AII TOTAL<\/a><a href=\"https:\/\/maatecalidadambiental.ambiente.gob.ec\/wp-content\/uploads\/2025\/04\/6.2-4-AII-TOTAL.pdf\" class=\"wp-block-file__button wp-element-button\" download aria-describedby=\"wp-block-file--media-44f309a9-0955-4513-94ae-bbeae0df048b\">Descarga<\/a><\/div>\n\n\n\n<div data-wp-interactive=\"core\/file\" class=\"wp-block-file\"><object data-wp-bind--hidden=\"!state.hasPdfPreview\" hidden class=\"wp-block-file__embed\" data=\"https:\/\/maatecalidadambiental.ambiente.gob.ec\/wp-content\/uploads\/2025\/04\/6.3-1-A-SENSIBILIDAD-FISICA-SUELO.pdf\" type=\"application\/pdf\" style=\"width:100%;height:600px\" aria-label=\"Incrustado de 6.3-1-A SENSIBILIDAD FISICA SUELO.\"><\/object><a id=\"wp-block-file--media-35f9fad4-d2b8-41cb-9399-0ed7b7858561\" href=\"https:\/\/maatecalidadambiental.ambiente.gob.ec\/wp-content\/uploads\/2025\/04\/6.3-1-A-SENSIBILIDAD-FISICA-SUELO.pdf\">6.3-1-A SENSIBILIDAD FISICA SUELO<\/a><a href=\"https:\/\/maatecalidadambiental.ambiente.gob.ec\/wp-content\/uploads\/2025\/04\/6.3-1-A-SENSIBILIDAD-FISICA-SUELO.pdf\" class=\"wp-block-file__button wp-element-button\" download aria-describedby=\"wp-block-file--media-35f9fad4-d2b8-41cb-9399-0ed7b7858561\">Descarga<\/a><\/div>\n\n\n\n<div data-wp-interactive=\"core\/file\" class=\"wp-block-file\"><object data-wp-bind--hidden=\"!state.hasPdfPreview\" hidden class=\"wp-block-file__embed\" data=\"https:\/\/maatecalidadambiental.ambiente.gob.ec\/wp-content\/uploads\/2025\/04\/6.3-1-B-SENSIBILIDAD-FISICA-HIDRICO.pdf\" type=\"application\/pdf\" style=\"width:100%;height:600px\" aria-label=\"Incrustado de 6.3-1-B SENSIBILIDAD FISICA HIDRICO.\"><\/object><a id=\"wp-block-file--media-a2538422-1042-4223-98f6-a9c38bc7b01a\" href=\"https:\/\/maatecalidadambiental.ambiente.gob.ec\/wp-content\/uploads\/2025\/04\/6.3-1-B-SENSIBILIDAD-FISICA-HIDRICO.pdf\">6.3-1-B SENSIBILIDAD FISICA HIDRICO<\/a><a href=\"https:\/\/maatecalidadambiental.ambiente.gob.ec\/wp-content\/uploads\/2025\/04\/6.3-1-B-SENSIBILIDAD-FISICA-HIDRICO.pdf\" class=\"wp-block-file__button wp-element-button\" download aria-describedby=\"wp-block-file--media-a2538422-1042-4223-98f6-a9c38bc7b01a\">Descarga<\/a><\/div>\n\n\n\n<div data-wp-interactive=\"core\/file\" class=\"wp-block-file\"><object data-wp-bind--hidden=\"!state.hasPdfPreview\" hidden class=\"wp-block-file__embed\" data=\"https:\/\/maatecalidadambiental.ambiente.gob.ec\/wp-content\/uploads\/2025\/04\/6.3-1-C-SENSIBILIDAD-FISICA-GEOMORFOLOGIA.pdf\" type=\"application\/pdf\" style=\"width:100%;height:600px\" aria-label=\"Incrustado de 6.3-1-C SENSIBILIDAD FISICA GEOMORFOLOGIA.\"><\/object><a id=\"wp-block-file--media-29699924-07d1-4406-bf04-feeac0d6d096\" href=\"https:\/\/maatecalidadambiental.ambiente.gob.ec\/wp-content\/uploads\/2025\/04\/6.3-1-C-SENSIBILIDAD-FISICA-GEOMORFOLOGIA.pdf\">6.3-1-C SENSIBILIDAD FISICA GEOMORFOLOGIA<\/a><a href=\"https:\/\/maatecalidadambiental.ambiente.gob.ec\/wp-content\/uploads\/2025\/04\/6.3-1-C-SENSIBILIDAD-FISICA-GEOMORFOLOGIA.pdf\" class=\"wp-block-file__button wp-element-button\" download aria-describedby=\"wp-block-file--media-29699924-07d1-4406-bf04-feeac0d6d096\">Descarga<\/a><\/div>\n\n\n\n<div data-wp-interactive=\"core\/file\" class=\"wp-block-file\"><object data-wp-bind--hidden=\"!state.hasPdfPreview\" hidden class=\"wp-block-file__embed\" data=\"https:\/\/maatecalidadambiental.ambiente.gob.ec\/wp-content\/uploads\/2025\/04\/6.3-1-D-SENSIBILIDAD-FISICA-HIDROGEOLOGIA.pdf\" type=\"application\/pdf\" style=\"width:100%;height:600px\" aria-label=\"Incrustado de 6.3-1-D SENSIBILIDAD FISICA HIDROGEOLOGIA.\"><\/object><a id=\"wp-block-file--media-aff6f0df-45fa-4b66-b9bb-0d03fe585ddd\" href=\"https:\/\/maatecalidadambiental.ambiente.gob.ec\/wp-content\/uploads\/2025\/04\/6.3-1-D-SENSIBILIDAD-FISICA-HIDROGEOLOGIA.pdf\">6.3-1-D SENSIBILIDAD FISICA HIDROGEOLOGIA<\/a><a href=\"https:\/\/maatecalidadambiental.ambiente.gob.ec\/wp-content\/uploads\/2025\/04\/6.3-1-D-SENSIBILIDAD-FISICA-HIDROGEOLOGIA.pdf\" class=\"wp-block-file__button wp-element-button\" download aria-describedby=\"wp-block-file--media-aff6f0df-45fa-4b66-b9bb-0d03fe585ddd\">Descarga<\/a><\/div>\n\n\n\n<div data-wp-interactive=\"core\/file\" class=\"wp-block-file\"><object data-wp-bind--hidden=\"!state.hasPdfPreview\" hidden class=\"wp-block-file__embed\" data=\"https:\/\/maatecalidadambiental.ambiente.gob.ec\/wp-content\/uploads\/2025\/04\/6.3-2-A-SENSIBILIDAD_BIOTICA.pdf\" type=\"application\/pdf\" style=\"width:100%;height:600px\" aria-label=\"Incrustado de 6.3-2-A SENSIBILIDAD_BIOTICA.\"><\/object><a id=\"wp-block-file--media-8b179b2a-d7cb-45d2-b9ae-3ff5babf99f5\" href=\"https:\/\/maatecalidadambiental.ambiente.gob.ec\/wp-content\/uploads\/2025\/04\/6.3-2-A-SENSIBILIDAD_BIOTICA.pdf\">6.3-2-A SENSIBILIDAD_BIOTICA<\/a><a href=\"https:\/\/maatecalidadambiental.ambiente.gob.ec\/wp-content\/uploads\/2025\/04\/6.3-2-A-SENSIBILIDAD_BIOTICA.pdf\" class=\"wp-block-file__button wp-element-button\" download aria-describedby=\"wp-block-file--media-8b179b2a-d7cb-45d2-b9ae-3ff5babf99f5\">Descarga<\/a><\/div>\n\n\n\n<div data-wp-interactive=\"core\/file\" class=\"wp-block-file\"><object data-wp-bind--hidden=\"!state.hasPdfPreview\" hidden class=\"wp-block-file__embed\" data=\"https:\/\/maatecalidadambiental.ambiente.gob.ec\/wp-content\/uploads\/2025\/04\/6.3-2-B-SENSIBILIDAD_BIOTICA.pdf\" type=\"application\/pdf\" style=\"width:100%;height:600px\" aria-label=\"Incrustado de 6.3-2-B SENSIBILIDAD_BIOTICA.\"><\/object><a id=\"wp-block-file--media-bce78db2-fbb3-4661-9106-2a4dadd1759f\" href=\"https:\/\/maatecalidadambiental.ambiente.gob.ec\/wp-content\/uploads\/2025\/04\/6.3-2-B-SENSIBILIDAD_BIOTICA.pdf\">6.3-2-B SENSIBILIDAD_BIOTICA<\/a><a href=\"https:\/\/maatecalidadambiental.ambiente.gob.ec\/wp-content\/uploads\/2025\/04\/6.3-2-B-SENSIBILIDAD_BIOTICA.pdf\" class=\"wp-block-file__button wp-element-button\" download aria-describedby=\"wp-block-file--media-bce78db2-fbb3-4661-9106-2a4dadd1759f\">Descarga<\/a><\/div>\n\n\n\n<div data-wp-interactive=\"core\/file\" class=\"wp-block-file\"><object data-wp-bind--hidden=\"!state.hasPdfPreview\" hidden class=\"wp-block-file__embed\" data=\"https:\/\/maatecalidadambiental.ambiente.gob.ec\/wp-content\/uploads\/2025\/04\/6.3-3-SENSIBILIDAD_SOCIAL.pdf\" type=\"application\/pdf\" style=\"width:100%;height:600px\" aria-label=\"Incrustado de 6.3-3 SENSIBILIDAD_SOCIAL.\"><\/object><a id=\"wp-block-file--media-d2bf328d-6b4e-42c3-9c65-ec6e1e6fe665\" href=\"https:\/\/maatecalidadambiental.ambiente.gob.ec\/wp-content\/uploads\/2025\/04\/6.3-3-SENSIBILIDAD_SOCIAL.pdf\">6.3-3 SENSIBILIDAD_SOCIAL<\/a><a href=\"https:\/\/maatecalidadambiental.ambiente.gob.ec\/wp-content\/uploads\/2025\/04\/6.3-3-SENSIBILIDAD_SOCIAL.pdf\" class=\"wp-block-file__button wp-element-button\" download aria-describedby=\"wp-block-file--media-d2bf328d-6b4e-42c3-9c65-ec6e1e6fe665\">Descarga<\/a><\/div>\n\n\n\n<div data-wp-interactive=\"core\/file\" class=\"wp-block-file\"><object data-wp-bind--hidden=\"!state.hasPdfPreview\" hidden class=\"wp-block-file__embed\" data=\"https:\/\/maatecalidadambiental.ambiente.gob.ec\/wp-content\/uploads\/2025\/04\/6.3-4-PROXIMIDADES.pdf\" type=\"application\/pdf\" style=\"width:100%;height:600px\" aria-label=\"Incrustado de 6.3-4 PROXIMIDADES.\"><\/object><a id=\"wp-block-file--media-a487114f-269b-4703-96cb-8d52733625c4\" href=\"https:\/\/maatecalidadambiental.ambiente.gob.ec\/wp-content\/uploads\/2025\/04\/6.3-4-PROXIMIDADES.pdf\">6.3-4 PROXIMIDADES<\/a><a href=\"https:\/\/maatecalidadambiental.ambiente.gob.ec\/wp-content\/uploads\/2025\/04\/6.3-4-PROXIMIDADES.pdf\" class=\"wp-block-file__button wp-element-button\" download aria-describedby=\"wp-block-file--media-a487114f-269b-4703-96cb-8d52733625c4\">Descarga<\/a><\/div>\n\n\n\n<div data-wp-interactive=\"core\/file\" class=\"wp-block-file\"><object data-wp-bind--hidden=\"!state.hasPdfPreview\" hidden class=\"wp-block-file__embed\" data=\"https:\/\/maatecalidadambiental.ambiente.gob.ec\/wp-content\/uploads\/2025\/04\/6.3-4-SENSIBILIDAD-ARQUEOLOGICA.pdf\" type=\"application\/pdf\" style=\"width:100%;height:600px\" aria-label=\"Incrustado de 6.3-4 SENSIBILIDAD ARQUEOLOGICA.\"><\/object><a id=\"wp-block-file--media-bf7c72d4-295a-4e23-8084-42e3ec3f303d\" href=\"https:\/\/maatecalidadambiental.ambiente.gob.ec\/wp-content\/uploads\/2025\/04\/6.3-4-SENSIBILIDAD-ARQUEOLOGICA.pdf\">6.3-4 SENSIBILIDAD ARQUEOLOGICA<\/a><a href=\"https:\/\/maatecalidadambiental.ambiente.gob.ec\/wp-content\/uploads\/2025\/04\/6.3-4-SENSIBILIDAD-ARQUEOLOGICA.pdf\" class=\"wp-block-file__button wp-element-button\" download aria-describedby=\"wp-block-file--media-bf7c72d4-295a-4e23-8084-42e3ec3f303d\">Descarga<\/a><\/div>\n\n\n\n<div data-wp-interactive=\"core\/file\" class=\"wp-block-file\"><object data-wp-bind--hidden=\"!state.hasPdfPreview\" hidden class=\"wp-block-file__embed\" data=\"https:\/\/maatecalidadambiental.ambiente.gob.ec\/wp-content\/uploads\/2025\/04\/7.1-1-RIESGO-AP-FISICO.pdf\" type=\"application\/pdf\" style=\"width:100%;height:600px\" aria-label=\"Incrustado de 7.1-1 RIESGO AP FISICO.\"><\/object><a id=\"wp-block-file--media-074d19a2-45dc-4e6f-a65e-8ce89bb8cdcd\" href=\"https:\/\/maatecalidadambiental.ambiente.gob.ec\/wp-content\/uploads\/2025\/04\/7.1-1-RIESGO-AP-FISICO.pdf\">7.1-1 RIESGO AP FISICO<\/a><a href=\"https:\/\/maatecalidadambiental.ambiente.gob.ec\/wp-content\/uploads\/2025\/04\/7.1-1-RIESGO-AP-FISICO.pdf\" class=\"wp-block-file__button wp-element-button\" download aria-describedby=\"wp-block-file--media-074d19a2-45dc-4e6f-a65e-8ce89bb8cdcd\">Descarga<\/a><\/div>\n\n\n\n<div data-wp-interactive=\"core\/file\" class=\"wp-block-file\"><object data-wp-bind--hidden=\"!state.hasPdfPreview\" hidden class=\"wp-block-file__embed\" data=\"https:\/\/maatecalidadambiental.ambiente.gob.ec\/wp-content\/uploads\/2025\/04\/7.1-2-RIESGO-AP-BIOTICO.pdf\" type=\"application\/pdf\" style=\"width:100%;height:600px\" aria-label=\"Incrustado de 7.1-2 RIESGO AP BIOTICO.\"><\/object><a id=\"wp-block-file--media-c39a326f-adac-4abe-9e68-7f5ab9bcd8c2\" href=\"https:\/\/maatecalidadambiental.ambiente.gob.ec\/wp-content\/uploads\/2025\/04\/7.1-2-RIESGO-AP-BIOTICO.pdf\">7.1-2 RIESGO AP BIOTICO<\/a><a href=\"https:\/\/maatecalidadambiental.ambiente.gob.ec\/wp-content\/uploads\/2025\/04\/7.1-2-RIESGO-AP-BIOTICO.pdf\" class=\"wp-block-file__button wp-element-button\" download aria-describedby=\"wp-block-file--media-c39a326f-adac-4abe-9e68-7f5ab9bcd8c2\">Descarga<\/a><\/div>\n\n\n\n<div data-wp-interactive=\"core\/file\" class=\"wp-block-file\"><object data-wp-bind--hidden=\"!state.hasPdfPreview\" hidden class=\"wp-block-file__embed\" data=\"https:\/\/maatecalidadambiental.ambiente.gob.ec\/wp-content\/uploads\/2025\/04\/7.1-3-RIESGO-AP-SOCIAL.pdf\" type=\"application\/pdf\" style=\"width:100%;height:600px\" aria-label=\"Incrustado de 7.1-3 RIESGO AP SOCIAL.\"><\/object><a id=\"wp-block-file--media-d5419dd0-c074-4b43-b10d-d90730640ba7\" href=\"https:\/\/maatecalidadambiental.ambiente.gob.ec\/wp-content\/uploads\/2025\/04\/7.1-3-RIESGO-AP-SOCIAL.pdf\">7.1-3 RIESGO AP SOCIAL<\/a><a href=\"https:\/\/maatecalidadambiental.ambiente.gob.ec\/wp-content\/uploads\/2025\/04\/7.1-3-RIESGO-AP-SOCIAL.pdf\" class=\"wp-block-file__button wp-element-button\" download aria-describedby=\"wp-block-file--media-d5419dd0-c074-4b43-b10d-d90730640ba7\">Descarga<\/a><\/div>\n\n\n\n<div data-wp-interactive=\"core\/file\" class=\"wp-block-file\"><object data-wp-bind--hidden=\"!state.hasPdfPreview\" hidden class=\"wp-block-file__embed\" data=\"https:\/\/maatecalidadambiental.ambiente.gob.ec\/wp-content\/uploads\/2025\/04\/7.1-4-RIESGO-PA-FISICO.pdf\" type=\"application\/pdf\" style=\"width:100%;height:600px\" aria-label=\"Incrustado de 7.1-4 RIESGO PA FISICO.\"><\/object><a id=\"wp-block-file--media-5813fdb2-ed8b-4b81-a9b9-515ef093cbea\" href=\"https:\/\/maatecalidadambiental.ambiente.gob.ec\/wp-content\/uploads\/2025\/04\/7.1-4-RIESGO-PA-FISICO.pdf\">7.1-4 RIESGO PA FISICO<\/a><a href=\"https:\/\/maatecalidadambiental.ambiente.gob.ec\/wp-content\/uploads\/2025\/04\/7.1-4-RIESGO-PA-FISICO.pdf\" class=\"wp-block-file__button wp-element-button\" download aria-describedby=\"wp-block-file--media-5813fdb2-ed8b-4b81-a9b9-515ef093cbea\">Descarga<\/a><\/div>\n\n\n\n<div data-wp-interactive=\"core\/file\" class=\"wp-block-file\"><object data-wp-bind--hidden=\"!state.hasPdfPreview\" hidden class=\"wp-block-file__embed\" data=\"https:\/\/maatecalidadambiental.ambiente.gob.ec\/wp-content\/uploads\/2025\/04\/7.1-5-RIESGO-PA-BIOTICO.pdf\" type=\"application\/pdf\" style=\"width:100%;height:600px\" aria-label=\"Incrustado de 7.1-5 RIESGO PA BIOTICO.\"><\/object><a id=\"wp-block-file--media-cb2d4c0a-aac4-4138-9f39-f7b8dae85ecc\" href=\"https:\/\/maatecalidadambiental.ambiente.gob.ec\/wp-content\/uploads\/2025\/04\/7.1-5-RIESGO-PA-BIOTICO.pdf\">7.1-5 RIESGO PA BIOTICO<\/a><a href=\"https:\/\/maatecalidadambiental.ambiente.gob.ec\/wp-content\/uploads\/2025\/04\/7.1-5-RIESGO-PA-BIOTICO.pdf\" class=\"wp-block-file__button wp-element-button\" download aria-describedby=\"wp-block-file--media-cb2d4c0a-aac4-4138-9f39-f7b8dae85ecc\">Descarga<\/a><\/div>\n\n\n\n<div data-wp-interactive=\"core\/file\" class=\"wp-block-file\"><object data-wp-bind--hidden=\"!state.hasPdfPreview\" hidden class=\"wp-block-file__embed\" data=\"https:\/\/maatecalidadambiental.ambiente.gob.ec\/wp-content\/uploads\/2025\/04\/7.1-6-RIESGO-PA-SOCIAL.pdf\" type=\"application\/pdf\" style=\"width:100%;height:600px\" aria-label=\"Incrustado de 7.1-6 RIESGO PA SOCIAL.\"><\/object><a id=\"wp-block-file--media-e10e51a3-988f-46e8-8144-e1e6c32a17da\" href=\"https:\/\/maatecalidadambiental.ambiente.gob.ec\/wp-content\/uploads\/2025\/04\/7.1-6-RIESGO-PA-SOCIAL.pdf\">7.1-6 RIESGO PA SOCIAL<\/a><a href=\"https:\/\/maatecalidadambiental.ambiente.gob.ec\/wp-content\/uploads\/2025\/04\/7.1-6-RIESGO-PA-SOCIAL.pdf\" class=\"wp-block-file__button wp-element-button\" download aria-describedby=\"wp-block-file--media-e10e51a3-988f-46e8-8144-e1e6c32a17da\">Descarga<\/a><\/div>\n\n\n\n<div data-wp-interactive=\"core\/file\" class=\"wp-block-file\"><object data-wp-bind--hidden=\"!state.hasPdfPreview\" hidden class=\"wp-block-file__embed\" data=\"https:\/\/maatecalidadambiental.ambiente.gob.ec\/wp-content\/uploads\/2025\/04\/9.1-PUNTO-CONTROL.pdf\" type=\"application\/pdf\" style=\"width:100%;height:600px\" aria-label=\"Incrustado de 9.1 PUNTO CONTROL.\"><\/object><a id=\"wp-block-file--media-79b5166d-e63f-4ea1-946d-a0941c056408\" href=\"https:\/\/maatecalidadambiental.ambiente.gob.ec\/wp-content\/uploads\/2025\/04\/9.1-PUNTO-CONTROL.pdf\">9.1 PUNTO CONTROL<\/a><a href=\"https:\/\/maatecalidadambiental.ambiente.gob.ec\/wp-content\/uploads\/2025\/04\/9.1-PUNTO-CONTROL.pdf\" class=\"wp-block-file__button wp-element-button\" download aria-describedby=\"wp-block-file--media-79b5166d-e63f-4ea1-946d-a0941c056408\">Descarga<\/a><\/div>\n\n\n\n<div data-wp-interactive=\"core\/file\" class=\"wp-block-file\"><object data-wp-bind--hidden=\"!state.hasPdfPreview\" hidden class=\"wp-block-file__embed\" data=\"https:\/\/maatecalidadambiental.ambiente.gob.ec\/wp-content\/uploads\/2025\/04\/9.2-MONITOREO-FISICO.pdf\" type=\"application\/pdf\" style=\"width:100%;height:600px\" aria-label=\"Incrustado de 9.2 MONITOREO FISICO.\"><\/object><a id=\"wp-block-file--media-766f9472-b2c6-45b4-bcdb-6ac72ab92df5\" href=\"https:\/\/maatecalidadambiental.ambiente.gob.ec\/wp-content\/uploads\/2025\/04\/9.2-MONITOREO-FISICO.pdf\">9.2 MONITOREO FISICO<\/a><a href=\"https:\/\/maatecalidadambiental.ambiente.gob.ec\/wp-content\/uploads\/2025\/04\/9.2-MONITOREO-FISICO.pdf\" class=\"wp-block-file__button wp-element-button\" download aria-describedby=\"wp-block-file--media-766f9472-b2c6-45b4-bcdb-6ac72ab92df5\">Descarga<\/a><\/div>\n\n\n\n<div data-wp-interactive=\"core\/file\" class=\"wp-block-file\"><object data-wp-bind--hidden=\"!state.hasPdfPreview\" hidden class=\"wp-block-file__embed\" data=\"https:\/\/maatecalidadambiental.ambiente.gob.ec\/wp-content\/uploads\/2025\/04\/9.3-1-MONITOREO-BIOTICA-FLORA.pdf\" type=\"application\/pdf\" style=\"width:100%;height:600px\" aria-label=\"Incrustado de 9.3-1 MONITOREO BIOTICA FLORA.\"><\/object><a id=\"wp-block-file--media-f406545c-70e6-4b26-9294-7ede69c67885\" href=\"https:\/\/maatecalidadambiental.ambiente.gob.ec\/wp-content\/uploads\/2025\/04\/9.3-1-MONITOREO-BIOTICA-FLORA.pdf\">9.3-1 MONITOREO BIOTICA FLORA<\/a><a href=\"https:\/\/maatecalidadambiental.ambiente.gob.ec\/wp-content\/uploads\/2025\/04\/9.3-1-MONITOREO-BIOTICA-FLORA.pdf\" class=\"wp-block-file__button wp-element-button\" download aria-describedby=\"wp-block-file--media-f406545c-70e6-4b26-9294-7ede69c67885\">Descarga<\/a><\/div>\n\n\n\n<div data-wp-interactive=\"core\/file\" class=\"wp-block-file\"><object data-wp-bind--hidden=\"!state.hasPdfPreview\" hidden class=\"wp-block-file__embed\" data=\"https:\/\/maatecalidadambiental.ambiente.gob.ec\/wp-content\/uploads\/2025\/04\/9.3-2-MONITOREO-BIOTICO-AVIFAUNA.pdf\" type=\"application\/pdf\" style=\"width:100%;height:600px\" aria-label=\"Incrustado de 9.3-2 MONITOREO BIOTICO AVIFAUNA.\"><\/object><a id=\"wp-block-file--media-59112d3a-4e80-4116-b1b3-7e370699d416\" href=\"https:\/\/maatecalidadambiental.ambiente.gob.ec\/wp-content\/uploads\/2025\/04\/9.3-2-MONITOREO-BIOTICO-AVIFAUNA.pdf\">9.3-2 MONITOREO BIOTICO AVIFAUNA<\/a><a href=\"https:\/\/maatecalidadambiental.ambiente.gob.ec\/wp-content\/uploads\/2025\/04\/9.3-2-MONITOREO-BIOTICO-AVIFAUNA.pdf\" class=\"wp-block-file__button wp-element-button\" download aria-describedby=\"wp-block-file--media-59112d3a-4e80-4116-b1b3-7e370699d416\">Descarga<\/a><\/div>\n\n\n\n<div data-wp-interactive=\"core\/file\" class=\"wp-block-file\"><object data-wp-bind--hidden=\"!state.hasPdfPreview\" hidden class=\"wp-block-file__embed\" data=\"https:\/\/maatecalidadambiental.ambiente.gob.ec\/wp-content\/uploads\/2025\/04\/9.3-3-MONITOREO-BIOTICA-MASTOFAUNA.pdf\" type=\"application\/pdf\" style=\"width:100%;height:600px\" aria-label=\"Incrustado de 9.3-3 MONITOREO BIOTICA MASTOFAUNA.\"><\/object><a id=\"wp-block-file--media-d5f23d28-508f-4a37-9f81-0033caf18dd2\" href=\"https:\/\/maatecalidadambiental.ambiente.gob.ec\/wp-content\/uploads\/2025\/04\/9.3-3-MONITOREO-BIOTICA-MASTOFAUNA.pdf\">9.3-3 MONITOREO BIOTICA MASTOFAUNA<\/a><a href=\"https:\/\/maatecalidadambiental.ambiente.gob.ec\/wp-content\/uploads\/2025\/04\/9.3-3-MONITOREO-BIOTICA-MASTOFAUNA.pdf\" class=\"wp-block-file__button wp-element-button\" download aria-describedby=\"wp-block-file--media-d5f23d28-508f-4a37-9f81-0033caf18dd2\">Descarga<\/a><\/div>\n\n\n\n<div data-wp-interactive=\"core\/file\" class=\"wp-block-file\"><object data-wp-bind--hidden=\"!state.hasPdfPreview\" hidden class=\"wp-block-file__embed\" data=\"https:\/\/maatecalidadambiental.ambiente.gob.ec\/wp-content\/uploads\/2025\/04\/9.3-4-MONITOREO-BIOTICA-HERPETOFAUNA.pdf\" type=\"application\/pdf\" style=\"width:100%;height:600px\" aria-label=\"Incrustado de 9.3-4 MONITOREO BIOTICA HERPETOFAUNA.\"><\/object><a id=\"wp-block-file--media-00e868c6-8b25-41d6-a22d-ac54eb73c6fa\" href=\"https:\/\/maatecalidadambiental.ambiente.gob.ec\/wp-content\/uploads\/2025\/04\/9.3-4-MONITOREO-BIOTICA-HERPETOFAUNA.pdf\">9.3-4 MONITOREO BIOTICA HERPETOFAUNA<\/a><a href=\"https:\/\/maatecalidadambiental.ambiente.gob.ec\/wp-content\/uploads\/2025\/04\/9.3-4-MONITOREO-BIOTICA-HERPETOFAUNA.pdf\" class=\"wp-block-file__button wp-element-button\" download aria-describedby=\"wp-block-file--media-00e868c6-8b25-41d6-a22d-ac54eb73c6fa\">Descarga<\/a><\/div>\n\n\n\n<div data-wp-interactive=\"core\/file\" class=\"wp-block-file\"><object data-wp-bind--hidden=\"!state.hasPdfPreview\" hidden class=\"wp-block-file__embed\" data=\"https:\/\/maatecalidadambiental.ambiente.gob.ec\/wp-content\/uploads\/2025\/04\/9.3-5-MONITOREO-BIOTICO-ENTOMOFAUNA.pdf\" type=\"application\/pdf\" style=\"width:100%;height:600px\" aria-label=\"Incrustado de 9.3-5 MONITOREO BIOTICO ENTOMOFAUNA.\"><\/object><a id=\"wp-block-file--media-77dfb5b2-6577-4507-b256-38938e01236f\" href=\"https:\/\/maatecalidadambiental.ambiente.gob.ec\/wp-content\/uploads\/2025\/04\/9.3-5-MONITOREO-BIOTICO-ENTOMOFAUNA.pdf\">9.3-5 MONITOREO BIOTICO ENTOMOFAUNA<\/a><a href=\"https:\/\/maatecalidadambiental.ambiente.gob.ec\/wp-content\/uploads\/2025\/04\/9.3-5-MONITOREO-BIOTICO-ENTOMOFAUNA.pdf\" class=\"wp-block-file__button wp-element-button\" download aria-describedby=\"wp-block-file--media-77dfb5b2-6577-4507-b256-38938e01236f\">Descarga<\/a><\/div>\n\n\n\n<div data-wp-interactive=\"core\/file\" class=\"wp-block-file\"><object data-wp-bind--hidden=\"!state.hasPdfPreview\" hidden class=\"wp-block-file__embed\" data=\"https:\/\/maatecalidadambiental.ambiente.gob.ec\/wp-content\/uploads\/2025\/04\/9.3-6-MONITOREO-BIOTICO-ICTIOFAUNA.pdf\" type=\"application\/pdf\" style=\"width:100%;height:600px\" aria-label=\"Incrustado de 9.3-6 MONITOREO BIOTICO ICTIOFAUNA.\"><\/object><a id=\"wp-block-file--media-11c056e4-d0a4-430c-8615-8a822e796e21\" href=\"https:\/\/maatecalidadambiental.ambiente.gob.ec\/wp-content\/uploads\/2025\/04\/9.3-6-MONITOREO-BIOTICO-ICTIOFAUNA.pdf\">9.3-6 MONITOREO BIOTICO ICTIOFAUNA<\/a><a href=\"https:\/\/maatecalidadambiental.ambiente.gob.ec\/wp-content\/uploads\/2025\/04\/9.3-6-MONITOREO-BIOTICO-ICTIOFAUNA.pdf\" class=\"wp-block-file__button wp-element-button\" download aria-describedby=\"wp-block-file--media-11c056e4-d0a4-430c-8615-8a822e796e21\">Descarga<\/a><\/div>\n\n\n\n<div data-wp-interactive=\"core\/file\" class=\"wp-block-file\"><object data-wp-bind--hidden=\"!state.hasPdfPreview\" hidden class=\"wp-block-file__embed\" data=\"https:\/\/maatecalidadambiental.ambiente.gob.ec\/wp-content\/uploads\/2025\/04\/9.3-7-MONITOREO-BIOTICO-MACROINVERTEBRADOS.pdf\" type=\"application\/pdf\" style=\"width:100%;height:600px\" aria-label=\"Incrustado de 9.3-7 MONITOREO BIOTICO MACROINVERTEBRADOS.\"><\/object><a id=\"wp-block-file--media-713497aa-c9ef-4154-9b60-50bb648845d9\" href=\"https:\/\/maatecalidadambiental.ambiente.gob.ec\/wp-content\/uploads\/2025\/04\/9.3-7-MONITOREO-BIOTICO-MACROINVERTEBRADOS.pdf\">9.3-7 MONITOREO BIOTICO MACROINVERTEBRADOS<\/a><a href=\"https:\/\/maatecalidadambiental.ambiente.gob.ec\/wp-content\/uploads\/2025\/04\/9.3-7-MONITOREO-BIOTICO-MACROINVERTEBRADOS.pdf\" class=\"wp-block-file__button wp-element-button\" download aria-describedby=\"wp-block-file--media-713497aa-c9ef-4154-9b60-50bb648845d9\">Descarga<\/a><\/div>\n\n\n\n<div data-wp-interactive=\"core\/file\" class=\"wp-block-file\"><object data-wp-bind--hidden=\"!state.hasPdfPreview\" hidden class=\"wp-block-file__embed\" data=\"https:\/\/maatecalidadambiental.ambiente.gob.ec\/wp-content\/uploads\/2025\/04\/10.1-FORESTAL.pdf\" type=\"application\/pdf\" style=\"width:100%;height:600px\" aria-label=\"Incrustado de 10.1 FORESTAL.\"><\/object><a id=\"wp-block-file--media-85bc93cf-71cd-4e58-ad82-006da49e29c2\" href=\"https:\/\/maatecalidadambiental.ambiente.gob.ec\/wp-content\/uploads\/2025\/04\/10.1-FORESTAL.pdf\">10.1 FORESTAL<\/a><a href=\"https:\/\/maatecalidadambiental.ambiente.gob.ec\/wp-content\/uploads\/2025\/04\/10.1-FORESTAL.pdf\" class=\"wp-block-file__button wp-element-button\" download aria-describedby=\"wp-block-file--media-85bc93cf-71cd-4e58-ad82-006da49e29c2\">Descarga<\/a><\/div>\n","protected":false},"excerpt":{"rendered":"<p>ANEXO CARTOGRAFICO<\/p>\n","protected":false},"author":2,"featured_media":0,"comment_status":"open","ping_status":"open","sticky":false,"template":"","format":"standard","meta":{"footnotes":""},"categories":[7,1,12],"tags":[],"class_list":["post-1974","post","type-post","status-publish","format-standard","hentry","category-hidrocarburos","category-sin-categoria","category-regularizacion"],"_links":{"self":[{"href":"https:\/\/maatecalidadambiental.ambiente.gob.ec\/index.php\/wp-json\/wp\/v2\/posts\/1974","targetHints":{"allow":["GET"]}}],"collection":[{"href":"https:\/\/maatecalidadambiental.ambiente.gob.ec\/index.php\/wp-json\/wp\/v2\/posts"}],"about":[{"href":"https:\/\/maatecalidadambiental.ambiente.gob.ec\/index.php\/wp-json\/wp\/v2\/types\/post"}],"author":[{"embeddable":true,"href":"https:\/\/maatecalidadambiental.ambiente.gob.ec\/index.php\/wp-json\/wp\/v2\/users\/2"}],"replies":[{"embeddable":true,"href":"https:\/\/maatecalidadambiental.ambiente.gob.ec\/index.php\/wp-json\/wp\/v2\/comments?post=1974"}],"version-history":[{"count":1,"href":"https:\/\/maatecalidadambiental.ambiente.gob.ec\/index.php\/wp-json\/wp\/v2\/posts\/1974\/revisions"}],"predecessor-version":[{"id":2070,"href":"https:\/\/maatecalidadambiental.ambiente.gob.ec\/index.php\/wp-json\/wp\/v2\/posts\/1974\/revisions\/2070"}],"wp:attachment":[{"href":"https:\/\/maatecalidadambiental.ambiente.gob.ec\/index.php\/wp-json\/wp\/v2\/media?parent=1974"}],"wp:term":[{"taxonomy":"category","embeddable":true,"href":"https:\/\/maatecalidadambiental.ambiente.gob.ec\/index.php\/wp-json\/wp\/v2\/categories?post=1974"},{"taxonomy":"post_tag","embeddable":true,"href":"https:\/\/maatecalidadambiental.ambiente.gob.ec\/index.php\/wp-json\/wp\/v2\/tags?post=1974"}],"curies":[{"name":"wp","href":"https:\/\/api.w.org\/{rel}","templated":true}]}}