{"id":2086,"date":"2025-06-02T08:45:39","date_gmt":"2025-06-02T13:45:39","guid":{"rendered":"https:\/\/maatecalidadambiental.ambiente.gob.ec\/?p=2086"},"modified":"2025-06-02T08:45:39","modified_gmt":"2025-06-02T13:45:39","slug":"estudio-de-impacto-ambiental-y-plan-de-manejo-ambiental-para-la-extraccion-de-piedra-caliza-para-la-utilizacion-en-la-fabricacion-de-cal-papayo-codigo-minero-2157-1","status":"publish","type":"post","link":"https:\/\/maatecalidadambiental.ambiente.gob.ec\/index.php\/2025\/06\/02\/estudio-de-impacto-ambiental-y-plan-de-manejo-ambiental-para-la-extraccion-de-piedra-caliza-para-la-utilizacion-en-la-fabricacion-de-cal-papayo-codigo-minero-2157-1\/","title":{"rendered":"\u201cESTUDIO DE IMPACTO AMBIENTAL Y PLAN DE MANEJO AMBIENTAL PARA LA EXTRACCI\u00d3N DE PIEDRA CALIZA PARA LA UTILIZACI\u00d3N EN LA FABRICACI\u00d3N DE CAL \u2013 PAPAYO (C\u00d3DIGO MINERO 2157.1)\u201d"},"content":{"rendered":"<p><a href=\"https:\/\/maatecalidadambiental.ambiente.gob.ec\/wp-content\/uploads\/2025\/06\/EIA-PAPAYO_compressed.pdf\">\u201cESTUDIO DE IMPACTO AMBIENTAL Y PLAN DE MANEJO AMBIENTAL PARA LA EXTRACCI\u00d3N DE PIEDRA CALIZA PARA LA UTILIZACI\u00d3N EN LA FABRICACI\u00d3N DE CAL \u2013 PAPAYO (C\u00d3DIGO MINERO 2157.1)\u201d<\/a><\/p>\n","protected":false},"excerpt":{"rendered":"<p>\u201cESTUDIO DE IMPACTO AMBIENTAL Y PLAN DE MANEJO AMBIENTAL PARA LA EXTRACCI\u00d3N DE PIEDRA CALIZA PARA LA UTILIZACI\u00d3N EN LA FABRICACI\u00d3N DE CAL \u2013 PAPAYO (C\u00d3DIGO MINERO 2157.1)\u201d<\/p>\n","protected":false},"author":8,"featured_media":0,"comment_status":"open","ping_status":"open","sticky":false,"template":"","format":"standard","meta":{"footnotes":""},"categories":[6,12],"tags":[],"class_list":["post-2086","post","type-post","status-publish","format-standard","hentry","category-mineria","category-regularizacion"],"_links":{"self":[{"href":"https:\/\/maatecalidadambiental.ambiente.gob.ec\/index.php\/wp-json\/wp\/v2\/posts\/2086","targetHints":{"allow":["GET"]}}],"collection":[{"href":"https:\/\/maatecalidadambiental.ambiente.gob.ec\/index.php\/wp-json\/wp\/v2\/posts"}],"about":[{"href":"https:\/\/maatecalidadambiental.ambiente.gob.ec\/index.php\/wp-json\/wp\/v2\/types\/post"}],"author":[{"embeddable":true,"href":"https:\/\/maatecalidadambiental.ambiente.gob.ec\/index.php\/wp-json\/wp\/v2\/users\/8"}],"replies":[{"embeddable":true,"href":"https:\/\/maatecalidadambiental.ambiente.gob.ec\/index.php\/wp-json\/wp\/v2\/comments?post=2086"}],"version-history":[{"count":1,"href":"https:\/\/maatecalidadambiental.ambiente.gob.ec\/index.php\/wp-json\/wp\/v2\/posts\/2086\/revisions"}],"predecessor-version":[{"id":2088,"href":"https:\/\/maatecalidadambiental.ambiente.gob.ec\/index.php\/wp-json\/wp\/v2\/posts\/2086\/revisions\/2088"}],"wp:attachment":[{"href":"https:\/\/maatecalidadambiental.ambiente.gob.ec\/index.php\/wp-json\/wp\/v2\/media?parent=2086"}],"wp:term":[{"taxonomy":"category","embeddable":true,"href":"https:\/\/maatecalidadambiental.ambiente.gob.ec\/index.php\/wp-json\/wp\/v2\/categories?post=2086"},{"taxonomy":"post_tag","embeddable":true,"href":"https:\/\/maatecalidadambiental.ambiente.gob.ec\/index.php\/wp-json\/wp\/v2\/tags?post=2086"}],"curies":[{"name":"wp","href":"https:\/\/api.w.org\/{rel}","templated":true}]}}