{"id":2093,"date":"2025-06-03T08:58:33","date_gmt":"2025-06-03T13:58:33","guid":{"rendered":"https:\/\/maatecalidadambiental.ambiente.gob.ec\/?p=2093"},"modified":"2025-06-03T08:58:33","modified_gmt":"2025-06-03T13:58:33","slug":"estudio-de-impacto-ambiental-y-plan-de-manejo-ambiental-para-la-construccion-y-operacion-de-la-central-fotovoltaica-y-su-sistema-de-transmision-incluye-lineas-y-o-subestaciones-del-proy","status":"publish","type":"post","link":"https:\/\/maatecalidadambiental.ambiente.gob.ec\/index.php\/2025\/06\/03\/estudio-de-impacto-ambiental-y-plan-de-manejo-ambiental-para-la-construccion-y-operacion-de-la-central-fotovoltaica-y-su-sistema-de-transmision-incluye-lineas-y-o-subestaciones-del-proy\/","title":{"rendered":"\u201cESTUDIO DE IMPACTO AMBIENTAL Y PLAN DE  MANEJO AMBIENTAL PARA LA CONSTRUCCI\u00d3N Y  OPERACI\u00d3N DE LA CENTRAL FOTOVOLTAICA Y SU  SISTEMA DE TRANSMISI\u00d3N (INCLUYE L\u00cdNEAS Y\/O  SUBESTACIONES) DEL PROYECTO ALPHA\u201d"},"content":{"rendered":"<p><a href=\"https:\/\/maatecalidadambiental.ambiente.gob.ec\/wp-content\/uploads\/2025\/06\/EIA-compilado_V2.pdf\">EIA compilado_V2<\/a><\/p>\n","protected":false},"excerpt":{"rendered":"<p>EIA compilado_V2<\/p>\n","protected":false},"author":4,"featured_media":0,"comment_status":"open","ping_status":"open","sticky":false,"template":"","format":"standard","meta":{"footnotes":""},"categories":[8,1,12],"tags":[],"class_list":["post-2093","post","type-post","status-publish","format-standard","hentry","category-electricos-y-otros-sectores","category-sin-categoria","category-regularizacion"],"_links":{"self":[{"href":"https:\/\/maatecalidadambiental.ambiente.gob.ec\/index.php\/wp-json\/wp\/v2\/posts\/2093","targetHints":{"allow":["GET"]}}],"collection":[{"href":"https:\/\/maatecalidadambiental.ambiente.gob.ec\/index.php\/wp-json\/wp\/v2\/posts"}],"about":[{"href":"https:\/\/maatecalidadambiental.ambiente.gob.ec\/index.php\/wp-json\/wp\/v2\/types\/post"}],"author":[{"embeddable":true,"href":"https:\/\/maatecalidadambiental.ambiente.gob.ec\/index.php\/wp-json\/wp\/v2\/users\/4"}],"replies":[{"embeddable":true,"href":"https:\/\/maatecalidadambiental.ambiente.gob.ec\/index.php\/wp-json\/wp\/v2\/comments?post=2093"}],"version-history":[{"count":1,"href":"https:\/\/maatecalidadambiental.ambiente.gob.ec\/index.php\/wp-json\/wp\/v2\/posts\/2093\/revisions"}],"predecessor-version":[{"id":2095,"href":"https:\/\/maatecalidadambiental.ambiente.gob.ec\/index.php\/wp-json\/wp\/v2\/posts\/2093\/revisions\/2095"}],"wp:attachment":[{"href":"https:\/\/maatecalidadambiental.ambiente.gob.ec\/index.php\/wp-json\/wp\/v2\/media?parent=2093"}],"wp:term":[{"taxonomy":"category","embeddable":true,"href":"https:\/\/maatecalidadambiental.ambiente.gob.ec\/index.php\/wp-json\/wp\/v2\/categories?post=2093"},{"taxonomy":"post_tag","embeddable":true,"href":"https:\/\/maatecalidadambiental.ambiente.gob.ec\/index.php\/wp-json\/wp\/v2\/tags?post=2093"}],"curies":[{"name":"wp","href":"https:\/\/api.w.org\/{rel}","templated":true}]}}