{"id":2099,"date":"2025-06-17T11:33:12","date_gmt":"2025-06-17T16:33:12","guid":{"rendered":"https:\/\/maatecalidadambiental.ambiente.gob.ec\/?p=2099"},"modified":"2025-06-17T12:01:01","modified_gmt":"2025-06-17T17:01:01","slug":"estudio-de-impacto-ambiental-expost-y-plan-de-manejo-ambiental-para-las-fases-de-exploracion-y-explotacion-simultanea-de-minerales-no-metalicos-bajo-el-regimen-de-pequena-mineria-de-las-concesiones-m","status":"publish","type":"post","link":"https:\/\/maatecalidadambiental.ambiente.gob.ec\/index.php\/2025\/06\/17\/estudio-de-impacto-ambiental-expost-y-plan-de-manejo-ambiental-para-las-fases-de-exploracion-y-explotacion-simultanea-de-minerales-no-metalicos-bajo-el-regimen-de-pequena-mineria-de-las-concesiones-m\/","title":{"rendered":"Estudio de impacto ambiental expost y plan de manejo ambiental para las fases de exploraci\u00f3n y explotaci\u00f3n simult\u00e1nea de minerales no met\u00e1licos, bajo el r\u00e9gimen de peque\u00f1a miner\u00eda de las concesiones mineras ARZA (c\u00f3digo 501416) y CRISTINAS (c\u00f3digo 50001251)"},"content":{"rendered":"<p><a href=\"https:\/\/maatecalidadambiental.ambiente.gob.ec\/wp-content\/uploads\/2025\/06\/1.-RESUMEN-EJECUTIVO.pdf\">1. RESUMEN EJECUTIVO<\/a> <a href=\"https:\/\/maatecalidadambiental.ambiente.gob.ec\/wp-content\/uploads\/2025\/06\/2.-FICHA-TECNICA.pdf\">2. FICHA T\u00c9CNICA<\/a> <a href=\"https:\/\/maatecalidadambiental.ambiente.gob.ec\/wp-content\/uploads\/2025\/06\/3.-INTRODUCCION.pdf\">3. INTRODUCCI\u00d3N<\/a> <a href=\"https:\/\/maatecalidadambiental.ambiente.gob.ec\/wp-content\/uploads\/2025\/06\/4.-MARCO-LEGAL-E-INSTITUCIONAL.pdf\">4. MARCO LEGAL E INSTITUCIONAL<\/a> <a href=\"https:\/\/maatecalidadambiental.ambiente.gob.ec\/wp-content\/uploads\/2025\/06\/5.-LINEA-BASE.pdf\">5. LINEA BASE<\/a> <a href=\"https:\/\/maatecalidadambiental.ambiente.gob.ec\/wp-content\/uploads\/2025\/06\/6.-DESCRIPCION-DEL-PROYECTO.pdf\">6. DESCRIPCI\u00d3N DEL PROYECTO<\/a> <a href=\"https:\/\/maatecalidadambiental.ambiente.gob.ec\/wp-content\/uploads\/2025\/06\/7.-DETERMINACION-DE-AREAS-DE-INFLUENCIA-Y-SENSIBLES.pdf\">7. DETERMINACI\u00d3N DE \u00c1REAS DE INFLUENCIA Y SENSIBLES<\/a> <a href=\"https:\/\/maatecalidadambiental.ambiente.gob.ec\/wp-content\/uploads\/2025\/06\/8.-IDENTIFICACION-EVALUACION-Y-VALORACION-DE-IMPACTOS-AMBIENTALES.pdf\">8. IDENTIFICACI\u00d3N, EVALUACI\u00d3N Y VALORACI\u00d3N DE IMPACTOS AMBIENTALES<\/a> <a href=\"https:\/\/maatecalidadambiental.ambiente.gob.ec\/wp-content\/uploads\/2025\/06\/9.-IDENTIFICACION-DE-HALLAZGOS-Y-PLAN-DE-ACCION-VF.pdf\">9. IDENTIFICACI\u00d3N DE HALLAZGOS Y PLAN DE ACCI\u00d3N VF<\/a> <a href=\"https:\/\/maatecalidadambiental.ambiente.gob.ec\/wp-content\/uploads\/2025\/06\/10.-ANALISIS-DE-RIESGOS.pdf\">10. AN\u00c1LISIS DE RIESGOS<\/a> <a href=\"https:\/\/maatecalidadambiental.ambiente.gob.ec\/wp-content\/uploads\/2025\/06\/11.-PLAN-DE-MANEJO-AMBIENTAL.pdf\">11. PLAN DE MANEJO AMBIENTAL<\/a> <a href=\"https:\/\/maatecalidadambiental.ambiente.gob.ec\/wp-content\/uploads\/2025\/06\/12.-INVENTARIO-FORESTAL-VF.pdf\">12. INVENTARIO FORESTAL VF<\/a> <a href=\"https:\/\/maatecalidadambiental.ambiente.gob.ec\/wp-content\/uploads\/2025\/06\/13.-REFERENCIAS-BIBLIOGRAFICAS.pdf\">13. REFERENCIAS BIBLIOGR\u00c1FICAS<\/a> <a href=\"https:\/\/maatecalidadambiental.ambiente.gob.ec\/wp-content\/uploads\/2025\/06\/GLOSARIO-DE-TERMINOS.pdf\">GLOSARIO DE TERMINOS<\/a>\u00a0<a href=\"https:\/\/maatecalidadambiental.ambiente.gob.ec\/wp-content\/uploads\/2025\/06\/SIGLAS-Y-ABREVIATURAS.pdf\">SIGLAS Y ABREVIATURAS<\/a><\/p>\n","protected":false},"excerpt":{"rendered":"<p>1. RESUMEN EJECUTIVO 2. FICHA T\u00c9CNICA 3. INTRODUCCI\u00d3N 4. MARCO LEGAL E INSTITUCIONAL 5. LINEA BASE 6. DESCRIPCI\u00d3N DEL PROYECTO 7. DETERMINACI\u00d3N DE \u00c1REAS DE INFLUENCIA Y SENSIBLES 8. IDENTIFICACI\u00d3N, EVALUACI\u00d3N Y VALORACI\u00d3N DE IMPACTOS AMBIENTALES 9. IDENTIFICACI\u00d3N DE HALLAZGOS Y PLAN DE ACCI\u00d3N VF 10. AN\u00c1LISIS DE RIESGOS 11. PLAN DE MANEJO AMBIENTAL 12. [&hellip;]<\/p>\n","protected":false},"author":13,"featured_media":0,"comment_status":"open","ping_status":"open","sticky":false,"template":"","format":"standard","meta":{"footnotes":""},"categories":[6,12],"tags":[],"class_list":["post-2099","post","type-post","status-publish","format-standard","hentry","category-mineria","category-regularizacion"],"_links":{"self":[{"href":"https:\/\/maatecalidadambiental.ambiente.gob.ec\/index.php\/wp-json\/wp\/v2\/posts\/2099","targetHints":{"allow":["GET"]}}],"collection":[{"href":"https:\/\/maatecalidadambiental.ambiente.gob.ec\/index.php\/wp-json\/wp\/v2\/posts"}],"about":[{"href":"https:\/\/maatecalidadambiental.ambiente.gob.ec\/index.php\/wp-json\/wp\/v2\/types\/post"}],"author":[{"embeddable":true,"href":"https:\/\/maatecalidadambiental.ambiente.gob.ec\/index.php\/wp-json\/wp\/v2\/users\/13"}],"replies":[{"embeddable":true,"href":"https:\/\/maatecalidadambiental.ambiente.gob.ec\/index.php\/wp-json\/wp\/v2\/comments?post=2099"}],"version-history":[{"count":2,"href":"https:\/\/maatecalidadambiental.ambiente.gob.ec\/index.php\/wp-json\/wp\/v2\/posts\/2099\/revisions"}],"predecessor-version":[{"id":2117,"href":"https:\/\/maatecalidadambiental.ambiente.gob.ec\/index.php\/wp-json\/wp\/v2\/posts\/2099\/revisions\/2117"}],"wp:attachment":[{"href":"https:\/\/maatecalidadambiental.ambiente.gob.ec\/index.php\/wp-json\/wp\/v2\/media?parent=2099"}],"wp:term":[{"taxonomy":"category","embeddable":true,"href":"https:\/\/maatecalidadambiental.ambiente.gob.ec\/index.php\/wp-json\/wp\/v2\/categories?post=2099"},{"taxonomy":"post_tag","embeddable":true,"href":"https:\/\/maatecalidadambiental.ambiente.gob.ec\/index.php\/wp-json\/wp\/v2\/tags?post=2099"}],"curies":[{"name":"wp","href":"https:\/\/api.w.org\/{rel}","templated":true}]}}