{"id":2121,"date":"2025-08-19T09:18:24","date_gmt":"2025-08-19T14:18:24","guid":{"rendered":"https:\/\/maatecalidadambiental.ambiente.gob.ec\/?p=2121"},"modified":"2025-08-19T09:18:24","modified_gmt":"2025-08-19T14:18:24","slug":"perico-explotacion","status":"publish","type":"post","link":"https:\/\/maatecalidadambiental.ambiente.gob.ec\/index.php\/2025\/08\/19\/perico-explotacion\/","title":{"rendered":"ESTUDIO DE IMPACTO AMBIENTAL PARA LA FASE DE EXPLOTACI\u00d3N DEL BLOQUE 88 PERICO, PARA LA CONSTRUCCI\u00d3N DE 2 PLATAFORMAS, PERFORACI\u00d3N DE POZOS DE EXPLOTACI\u00d3N; AMPLIACI\u00d3N DE LA PLATAFORMA PERICO 1 PARA LA INSTALACI\u00d3N DE FACILIDADES DE PRODUCCI\u00d3N Y REINYECCI\u00d3N; CONSTRUCCI\u00d3N DE V\u00cdAS DE ACCESO, L\u00cdNEA DE FLUJO Y CONEXI\u00d3N DE PERICO 1 A LA RED NACIONAL EL\u00c9CTRICA"},"content":{"rendered":"<p>ESTUDIO DE IMPACTO AMBIENTAL PARA LA FASE DE EXPLOTACI\u00d3N DEL BLOQUE 88 PERICO, PARA LA CONSTRUCCI\u00d3N DE 2 PLATAFORMAS, PERFORACI\u00d3N DE POZOS DE EXPLOTACI\u00d3N; AMPLIACI\u00d3N DE LA PLATAFORMA PERICO 1 PARA LA INSTALACI\u00d3N DE FACILIDADES DE PRODUCCI\u00d3N Y REINYECCI\u00d3N; CONSTRUCCI\u00d3N DE V\u00cdAS DE ACCESO, L\u00cdNEA DE FLUJO Y CONEXI\u00d3N DE PERICO 1 A LA RED NACIONAL EL\u00c9CTRICA<\/p>\n<p><a href=\"https:\/\/maatecalidadambiental.ambiente.gob.ec\/wp-content\/uploads\/2025\/08\/01_Alcance-ciclo-de-vida-y-descripcion-detallada-del-proyecto_v3.pdf\">01_Alcance, ciclo de vida y descripci\u00f3n detallada del proyecto_v3<\/a><\/p>\n<p><a href=\"https:\/\/maatecalidadambiental.ambiente.gob.ec\/wp-content\/uploads\/2025\/08\/02_Analisis-de-Alternativas_v3.pdf\">02_An\u00e1lisis de Alternativas_v3<\/a><\/p>\n<p><a href=\"https:\/\/maatecalidadambiental.ambiente.gob.ec\/wp-content\/uploads\/2025\/08\/03_Demanda-de-Recursos-Naturales_v3.pdf\">03_Demanda de Recursos Naturales_v3<\/a><\/p>\n<p><a href=\"https:\/\/maatecalidadambiental.ambiente.gob.ec\/wp-content\/uploads\/2025\/08\/04_A_Diagnostico_Ambiental_Linea_Base_Fisico_v3.pdf\">04_A_Diagn\u00f3stico_Ambiental_L\u00ednea_Base_F\u00edsico_v3<\/a><\/p>\n<p><a href=\"https:\/\/maatecalidadambiental.ambiente.gob.ec\/wp-content\/uploads\/2025\/08\/04_B_Diagnostico_Ambiental_Linea_Base_Biotico_v3.pdf\">04_B_Diagn\u00f3stico_Ambiental_L\u00ednea_Base_Bi\u00f3tico_v3<\/a><\/p>\n<p><a href=\"https:\/\/maatecalidadambiental.ambiente.gob.ec\/wp-content\/uploads\/2025\/08\/04_C_Diagnostico_Ambiental_Linea_Base_Social_v3-1.pdf\">04_C_Diagn\u00f3stico_Ambiental_L\u00ednea_Base_Social_v3 (1)<\/a><\/p>\n<p><a href=\"https:\/\/maatecalidadambiental.ambiente.gob.ec\/wp-content\/uploads\/2025\/08\/04_C_Diagnostico_Ambiental_Linea_Base_Social_v3.pdf\">04_C_Diagn\u00f3stico_Ambiental_L\u00ednea_Base_Social_v3<\/a><\/p>\n<p><a href=\"https:\/\/maatecalidadambiental.ambiente.gob.ec\/wp-content\/uploads\/2025\/08\/04_D_Diagnostico_Ambiental_Linea_Base_Arqueologica_v3.pdf\">04_D_Diagn\u00f3stico_Ambiental_L\u00ednea_Base_Arqueol\u00f3gica_v3<\/a><\/p>\n<p><a href=\"https:\/\/maatecalidadambiental.ambiente.gob.ec\/wp-content\/uploads\/2025\/08\/05_Inventario-Forestal_v3.pdf\">05_Inventario Forestal_v3<\/a><\/p>\n<p><a href=\"https:\/\/maatecalidadambiental.ambiente.gob.ec\/wp-content\/uploads\/2025\/08\/06_Areas-de-Influencia-y-Sensibles_v3.pdf\">06_\u00c1reas de Influencia y Sensibles_v3<\/a><\/p>\n<p><a href=\"https:\/\/maatecalidadambiental.ambiente.gob.ec\/wp-content\/uploads\/2025\/08\/07_Analisis-de-Riesgos_v3.pdf\">07_An\u00e1lisis de Riesgos_v3<\/a><\/p>\n<p><a href=\"https:\/\/maatecalidadambiental.ambiente.gob.ec\/wp-content\/uploads\/2025\/08\/08_Evaluacion_de_Impactos_v3.pdf\">08_Evaluaci\u00f3n_de_Impactos_v3<\/a><\/p>\n<p><strong>CARTOGRAFIA<\/strong><\/p>\n<ul>\n<li><a href=\"https:\/\/maatecalidadambiental.ambiente.gob.ec\/wp-content\/uploads\/2025\/08\/01_MAPA-_BASE.pdf\">01_MAPA _BASE<\/a> <a href=\"https:\/\/maatecalidadambiental.ambiente.gob.ec\/wp-content\/uploads\/2025\/08\/02A_MAPA-_IMPLANTACION_PROYECTO.pdf\">02A_MAPA _IMPLANTACION_PROYECTO<\/a><\/li>\n<li><a href=\"https:\/\/maatecalidadambiental.ambiente.gob.ec\/wp-content\/uploads\/2025\/08\/02B_MAPA_IMPLANTACION_PLATAFORMA_PERICO-1.pdf\">02B_MAPA_IMPLANTACION_PLATAFORMA_PERICO 1<\/a><\/li>\n<li><a href=\"https:\/\/maatecalidadambiental.ambiente.gob.ec\/wp-content\/uploads\/2025\/08\/02C_MAPA_IMPLANTACION_PLATAFORMA_PERICO-6.pdf\">02C_MAPA_IMPLANTACION_PLATAFORMA_PERICO 6<\/a><\/li>\n<li><a href=\"https:\/\/maatecalidadambiental.ambiente.gob.ec\/wp-content\/uploads\/2025\/08\/02D_MAPA_IMPLANTACION_PLATAFORMA_PERICO-8.pdf\">02D_MAPA_IMPLANTACION_PLATAFORMA_PERICO 8<\/a><\/li>\n<li><a href=\"https:\/\/maatecalidadambiental.ambiente.gob.ec\/wp-content\/uploads\/2025\/08\/03_MAPA_CON_IMAGEN_SATELITAL.pdf\">03_MAPA_CON_IMAGEN_SATELITAL<\/a><\/li>\n<li><a href=\"https:\/\/maatecalidadambiental.ambiente.gob.ec\/wp-content\/uploads\/2025\/08\/04_MAPA_DE_AREAS_PROTEGIDAS.pdf\">04_MAPA_DE_AREAS_PROTEGIDAS<\/a><\/li>\n<li><a href=\"https:\/\/maatecalidadambiental.ambiente.gob.ec\/wp-content\/uploads\/2025\/08\/05_MAPA_GEOLOGICO.pdf\">05_MAPA_GEOLOGICO<\/a><\/li>\n<li><a href=\"https:\/\/maatecalidadambiental.ambiente.gob.ec\/wp-content\/uploads\/2025\/08\/06_MAPA_GEOMORFOLOGICO.pdf\">06_MAPA_GEOMORFOLOGICO<\/a><\/li>\n<li><a href=\"https:\/\/maatecalidadambiental.ambiente.gob.ec\/wp-content\/uploads\/2025\/08\/07_MAPA_FISIOGRAFIA_Y_SUELOS.pdf\">07_MAPA_FISIOGRAFIA_Y_SUELOS<\/a><\/li>\n<li><a href=\"https:\/\/maatecalidadambiental.ambiente.gob.ec\/wp-content\/uploads\/2025\/08\/08_MAPA_DE_MUESTREO_DE_SUELO.pdf\">08_MAPA_DE_MUESTREO_DE_SUELO<\/a><\/li>\n<li><a href=\"https:\/\/maatecalidadambiental.ambiente.gob.ec\/wp-content\/uploads\/2025\/08\/09_MAPA_CLIMATICO_ZONAS_DE_PRECIPITACION.pdf\">09_MAPA_CLIMATICO_ZONAS_DE_PRECIPITACION<\/a><\/li>\n<li><a href=\"https:\/\/maatecalidadambiental.ambiente.gob.ec\/wp-content\/uploads\/2025\/08\/10_MAPA_CLIMATICO_ZONAS_DE_TEMPERATURA.pdf\">10_MAPA_CLIMATICO_ZONAS_DE_TEMPERATURA<\/a><\/li>\n<li><a href=\"https:\/\/maatecalidadambiental.ambiente.gob.ec\/wp-content\/uploads\/2025\/08\/11A_MAPA_DE_MUESTREO_RUIDO.pdf\">11A_MAPA_DE_MUESTREO_RUIDO<\/a><\/li>\n<li><a href=\"https:\/\/maatecalidadambiental.ambiente.gob.ec\/wp-content\/uploads\/2025\/08\/11B_MAPA_DE_MUESTREO_AIRE.pdf\">11B_MAPA_DE_MUESTREO_AIRE<\/a><\/li>\n<li><a href=\"https:\/\/maatecalidadambiental.ambiente.gob.ec\/wp-content\/uploads\/2025\/08\/12_MAPA_DE_CUENCAS_HIDROGRAFICAS.pdf\">12_MAPA_DE_CUENCAS_HIDROGRAFICAS<\/a><\/li>\n<li><a href=\"https:\/\/maatecalidadambiental.ambiente.gob.ec\/wp-content\/uploads\/2025\/08\/13_MAPA_DE_AFOROS_CAPTACION.pdf\">13_MAPA_DE_AFOROS_CAPTACION<\/a><\/li>\n<li><a href=\"https:\/\/maatecalidadambiental.ambiente.gob.ec\/wp-content\/uploads\/2025\/08\/14_MAPA_DE_MUESTREO_AGUA.pdf\">14_MAPA_DE_MUESTREO_AGUA<\/a><\/li>\n<li><a href=\"https:\/\/maatecalidadambiental.ambiente.gob.ec\/wp-content\/uploads\/2025\/08\/15_MAPA_DE_COBERTURA_CUT.pdf\">15_MAPA_DE_COBERTURA_CUT<\/a><\/li>\n<li><a href=\"https:\/\/maatecalidadambiental.ambiente.gob.ec\/wp-content\/uploads\/2025\/08\/16_MAPA_DE_MUESTREO_DE_FLORA.pdf\">16_MAPA_DE_MUESTREO_DE_FLORA<\/a><\/li>\n<li><a href=\"https:\/\/maatecalidadambiental.ambiente.gob.ec\/wp-content\/uploads\/2025\/08\/17_MAPA_DE_MUESTREO_DE_MASTOFAUNA.pdf\">17_MAPA_DE_MUESTREO_DE_MASTOFAUNA<\/a><\/li>\n<li><a href=\"https:\/\/maatecalidadambiental.ambiente.gob.ec\/wp-content\/uploads\/2025\/08\/18_MAPA_DE_MUESTREO_DE_AVIFAUNA.pdf\">18_MAPA_DE_MUESTREO_DE_AVIFAUNA<\/a><\/li>\n<li><a href=\"https:\/\/maatecalidadambiental.ambiente.gob.ec\/wp-content\/uploads\/2025\/08\/19_MAPA_DE_MUESTREO_HERPETOFAUNA.pdf\">19_MAPA_DE_MUESTREO_HERPETOFAUNA<\/a><\/li>\n<li><a href=\"https:\/\/maatecalidadambiental.ambiente.gob.ec\/wp-content\/uploads\/2025\/08\/20_MAPA_DE_MUESTREO_ENTOMOFAUINA.pdf\">20_MAPA_DE_MUESTREO_ENTOMOFAUINA<\/a><\/li>\n<li><a href=\"https:\/\/maatecalidadambiental.ambiente.gob.ec\/wp-content\/uploads\/2025\/08\/21_MAPA_DE_MUESTREO_DE_ICTIOFAUNA.pdf\">21_MAPA_DE_MUESTREO_DE_ICTIOFAUNA<\/a><\/li>\n<li><a href=\"https:\/\/maatecalidadambiental.ambiente.gob.ec\/wp-content\/uploads\/2025\/08\/22_MAPA_DE_MUESTREO_DE_MACROBENTOS.pdf\">22_MAPA_DE_MUESTREO_DE_MACROBENTOS<\/a><\/li>\n<li><a href=\"https:\/\/maatecalidadambiental.ambiente.gob.ec\/wp-content\/uploads\/2025\/08\/23_MAPA_DE_ECOSISTEMAS.pdf\">23_MAPA_DE_ECOSISTEMAS<\/a> <a href=\"https:\/\/maatecalidadambiental.ambiente.gob.ec\/wp-content\/uploads\/2025\/08\/24_MAPA_DIVISION_POLITICO_ADMINISTRATIVO.pdf\">24_MAPA_DIVISION_POLITICO_ADMINISTRATIVO<\/a><\/li>\n<li><a href=\"https:\/\/maatecalidadambiental.ambiente.gob.ec\/wp-content\/uploads\/2025\/08\/24_MAPA_POLITICO_ADMINISTRATIVO.pdf\">24_MAPA_POLITICO_ADMINISTRATIVO<\/a><\/li>\n<li><a href=\"https:\/\/maatecalidadambiental.ambiente.gob.ec\/wp-content\/uploads\/2025\/08\/25_MAPA_DE_COMUNIDADES.pdf\">25_MAPA_DE_COMUNIDADES<\/a><\/li>\n<li><a href=\"https:\/\/maatecalidadambiental.ambiente.gob.ec\/wp-content\/uploads\/2025\/08\/26A_MAPA_PREDIOS_RELACIONADOS-CON-LA-INFRAESTRUCTURA-A-REGULARIZAR.pdf\">26A_MAPA_PREDIOS_RELACIONADOS CON LA INFRAESTRUCTURA A REGULARIZAR<\/a><\/li>\n<li><a href=\"https:\/\/maatecalidadambiental.ambiente.gob.ec\/wp-content\/uploads\/2025\/08\/26B_MAPA_PREDIOS_RELACIONADOS-CON-LA-INFRAESTRUCTURA-A-REGULARIZAR.pdf\">26B_MAPA_PREDIOS_RELACIONADOS CON LA INFRAESTRUCTURA A REGULARIZAR<\/a><\/li>\n<li><a href=\"https:\/\/maatecalidadambiental.ambiente.gob.ec\/wp-content\/uploads\/2025\/08\/27_MAPA_DE_PROSPECCION_ARQUEOLOGICA.pdf\">27_MAPA_DE_PROSPECCION_ARQUEOLOGICA<\/a><\/li>\n<li><a href=\"https:\/\/maatecalidadambiental.ambiente.gob.ec\/wp-content\/uploads\/2025\/08\/28_MAPA_INFRAESTRUCTURA_SOCIAL.pdf\">28_MAPA_INFRAESTRUCTURA_SOCIAL<\/a><\/li>\n<li><a href=\"https:\/\/maatecalidadambiental.ambiente.gob.ec\/wp-content\/uploads\/2025\/08\/29_MAPA_DE_CONFLICTOS-DE-USO-DEL-SUELO.pdf\">29_MAPA_DE_CONFLICTOS DE USO DEL SUELO<\/a><\/li>\n<li><a href=\"https:\/\/maatecalidadambiental.ambiente.gob.ec\/wp-content\/uploads\/2025\/08\/30_MAPA_HIDROGEOLOGICO.pdf\">30_MAPA_HIDROGEOLOGICO<\/a><\/li>\n<li><a href=\"https:\/\/maatecalidadambiental.ambiente.gob.ec\/wp-content\/uploads\/2025\/08\/31_MAPA_DE_ALTERNATIVAS.pdf\">31_MAPA_DE_ALTERNATIVAS<\/a><\/li>\n<li><a href=\"https:\/\/maatecalidadambiental.ambiente.gob.ec\/wp-content\/uploads\/2025\/08\/32-A_MAPA_DE_AI_COMPONENTE_SUELO.pdf\">32-A_MAPA_DE_AI_COMPONENTE_SUELO<\/a><\/li>\n<li><a href=\"https:\/\/maatecalidadambiental.ambiente.gob.ec\/wp-content\/uploads\/2025\/08\/32-B_MAPA_DE_AI_COMPONENTE_AGUA.pdf\">32-B_MAPA_DE_AI_COMPONENTE_AGUA<\/a><\/li>\n<li><a href=\"https:\/\/maatecalidadambiental.ambiente.gob.ec\/wp-content\/uploads\/2025\/08\/32-C_MAPA_DE_AI_COMPONENTE_AIRE.pdf\">32-C_MAPA_DE_AI_COMPONENTE_AIRE<\/a><\/li>\n<li><a href=\"https:\/\/maatecalidadambiental.ambiente.gob.ec\/wp-content\/uploads\/2025\/08\/32-D_MAPA_DE_AI_COMPONENTE_RUIDO.pdf\">32-D_MAPA_DE_AI_COMPONENTE_RUIDO<\/a><\/li>\n<li><a href=\"https:\/\/maatecalidadambiental.ambiente.gob.ec\/wp-content\/uploads\/2025\/08\/32-E_MAPA_DE_AI_FISICA.pdf\">32-E_MAPA_DE_AI_FISICA<\/a><\/li>\n<li><a href=\"https:\/\/maatecalidadambiental.ambiente.gob.ec\/wp-content\/uploads\/2025\/08\/33-A_MAPA_DE_AI_COMPONENTE_FLORA.pdf\">33-A_MAPA_DE_AI_COMPONENTE_FLORA<\/a><\/li>\n<li><a href=\"https:\/\/maatecalidadambiental.ambiente.gob.ec\/wp-content\/uploads\/2025\/08\/33-B_MAPA_DE_AI_COMPONENTE_FAUNA_TERRESTRE.pdf\">33-B_MAPA_DE_AI_COMPONENTE_FAUNA_TERRESTRE<\/a><\/li>\n<li><a href=\"https:\/\/maatecalidadambiental.ambiente.gob.ec\/wp-content\/uploads\/2025\/08\/33-C_MAPA_DE_AI_COMPONENTE_FAUNA_ACUATICA.pdf\">33-C_MAPA_DE_AI_COMPONENTE_FAUNA_ACUATICA<\/a><\/li>\n<li><a href=\"https:\/\/maatecalidadambiental.ambiente.gob.ec\/wp-content\/uploads\/2025\/08\/33-D_MAPA_DE_AI_BIOTICA.pdf\">33-D_MAPA_DE_AI_BIOTICA<\/a><\/li>\n<li><a href=\"https:\/\/maatecalidadambiental.ambiente.gob.ec\/wp-content\/uploads\/2025\/08\/33-D1_MAPA_DE_AI_BIOTICA_Muestreos-Flora.pdf\">33-D1_MAPA_DE_AI_BIOTICA_Muestreos Flora<\/a><\/li>\n<li><a href=\"https:\/\/maatecalidadambiental.ambiente.gob.ec\/wp-content\/uploads\/2025\/08\/33-D2_MAPA_DE_AI_BIOTICA_Muestreos-Mastofauna.pdf\">33-D2_MAPA_DE_AI_BIOTICA_Muestreos Mastofauna<\/a><\/li>\n<li><a href=\"https:\/\/maatecalidadambiental.ambiente.gob.ec\/wp-content\/uploads\/2025\/08\/33-D3_MAPA_DE_AI_BIOTICA_Muestreos-Avifauna.pdf\">33-D3_MAPA_DE_AI_BIOTICA_Muestreos Avifauna<\/a><\/li>\n<li><a href=\"https:\/\/maatecalidadambiental.ambiente.gob.ec\/wp-content\/uploads\/2025\/08\/33-D4_MAPA_DE_AI_BIOTICA_Muestreos-Herpetofauna.pdf\">33-D4_MAPA_DE_AI_BIOTICA_Muestreos Herpetofauna<\/a><\/li>\n<li><a href=\"https:\/\/maatecalidadambiental.ambiente.gob.ec\/wp-content\/uploads\/2025\/08\/33-D5_MAPA_DE_AI_BIOTICA_Muestreos-Entomofauna.pdf\">33-D5_MAPA_DE_AI_BIOTICA_Muestreos Entomofauna<\/a><\/li>\n<li><a href=\"https:\/\/maatecalidadambiental.ambiente.gob.ec\/wp-content\/uploads\/2025\/08\/33-D6_MAPA_DE_AI_BIOTICA_Muestreos-Ictiofauna.pdf\">33-D6_MAPA_DE_AI_BIOTICA_Muestreos Ictiofauna<\/a><\/li>\n<li><a href=\"https:\/\/maatecalidadambiental.ambiente.gob.ec\/wp-content\/uploads\/2025\/08\/33-D7_MAPA_DE_AI_BIOTICA_Muestreos-Macrobentos.pdf\">33-D7_MAPA_DE_AI_BIOTICA_Muestreos Macrobentos<\/a><\/li>\n<li><a href=\"https:\/\/maatecalidadambiental.ambiente.gob.ec\/wp-content\/uploads\/2025\/08\/34-A_MAPA_DE_AI_DIRECTA_SOCIAL_A_NIVEL_DE_COMUNIDADES.pdf\">34-A_MAPA_DE_AI_DIRECTA_SOCIAL_A_NIVEL_DE_COMUNIDADES<\/a><\/li>\n<li><a href=\"https:\/\/maatecalidadambiental.ambiente.gob.ec\/wp-content\/uploads\/2025\/08\/34-B_MAPA_DE_AI_DIRECTA_SOCIAL_A_NIVEL_DE_PREDIOS.pdf\">34-B_MAPA_DE_AI_DIRECTA_SOCIAL_A_NIVEL_DE_PREDIOS<\/a><\/li>\n<li><a href=\"https:\/\/maatecalidadambiental.ambiente.gob.ec\/wp-content\/uploads\/2025\/08\/34-C_MAPA_DE_AID_SOCIAL_AID_FISICA.pdf\">34-C_MAPA_DE_AID_SOCIAL_AID_FISICA<\/a><\/li>\n<li><a href=\"https:\/\/maatecalidadambiental.ambiente.gob.ec\/wp-content\/uploads\/2025\/08\/34-C1_MAPA_DE_AI_SOCIAL_AID_FISICA_Perico1.pdf\">34-C1_MAPA_DE_AI_SOCIAL_AID_FISICA_Perico1<\/a><\/li>\n<li><a href=\"https:\/\/maatecalidadambiental.ambiente.gob.ec\/wp-content\/uploads\/2025\/08\/34-C2_MAPA_DE_AI_SOCIAL_AID_FISICA_Perico6.pdf\">34-C2_MAPA_DE_AI_SOCIAL_AID_FISICA_Perico6<\/a><\/li>\n<li><a href=\"https:\/\/maatecalidadambiental.ambiente.gob.ec\/wp-content\/uploads\/2025\/08\/34-C3_MAPA_DE_AI_SOCIAL_AID_FISICA_Perico8.pdf\">34-C3_MAPA_DE_AI_SOCIAL_AID_FISICA_Perico8<\/a><\/li>\n<li><a href=\"https:\/\/maatecalidadambiental.ambiente.gob.ec\/wp-content\/uploads\/2025\/08\/34-D_MAPA_DE_AI_INDIRECTA_SOCIAL.pdf\">34-D_MAPA_DE_AI_INDIRECTA_SOCIAL<\/a><\/li>\n<li><a href=\"https:\/\/maatecalidadambiental.ambiente.gob.ec\/wp-content\/uploads\/2025\/08\/35-A_MAPA_DE_SENSIBILIDAD_FISICA_EROSION-AGUA.pdf\">35-A_MAPA_DE_SENSIBILIDAD_FISICA_EROSION-AGUA<\/a><\/li>\n<li><a href=\"https:\/\/maatecalidadambiental.ambiente.gob.ec\/wp-content\/uploads\/2025\/08\/35-B_MAPA_DE_SENSIBILIDAD_FISICA_DESLIZAMIENTOS-AIRE.pdf\">35-B_MAPA_DE_SENSIBILIDAD_FISICA_DESLIZAMIENTOS-AIRE<\/a><\/li>\n<li><a href=\"https:\/\/maatecalidadambiental.ambiente.gob.ec\/wp-content\/uploads\/2025\/08\/36A_MAPA_DE_SENSIBILIDAD_FLORA.pdf\">36A_MAPA_DE_SENSIBILIDAD_FLORA<\/a><\/li>\n<li><a href=\"https:\/\/maatecalidadambiental.ambiente.gob.ec\/wp-content\/uploads\/2025\/08\/36B_MAPA_DE_SENSIBILIDAD_MASTOFAUNA.pdf\">36B_MAPA_DE_SENSIBILIDAD_MASTOFAUNA<\/a><\/li>\n<li><a href=\"https:\/\/maatecalidadambiental.ambiente.gob.ec\/wp-content\/uploads\/2025\/08\/36C_MAPA_DE_SENSIBILIDAD_AVIFAUNA.pdf\">36C_MAPA_DE_SENSIBILIDAD_AVIFAUNA<\/a><\/li>\n<li><a href=\"https:\/\/maatecalidadambiental.ambiente.gob.ec\/wp-content\/uploads\/2025\/08\/36D_MAPA_DE_SENSIBILIDAD_HERPETOFAUNA.pdf\">36D_MAPA_DE_SENSIBILIDAD_HERPETOFAUNA<\/a><\/li>\n<li><a href=\"https:\/\/maatecalidadambiental.ambiente.gob.ec\/wp-content\/uploads\/2025\/08\/36E_MAPA_DE_SENSIBILIDAD_ENTOMOFAUINA.pdf\">36E_MAPA_DE_SENSIBILIDAD_ENTOMOFAUINA<\/a><\/li>\n<li><a href=\"https:\/\/maatecalidadambiental.ambiente.gob.ec\/wp-content\/uploads\/2025\/08\/36F_MAPA_DE_SENSIBILIDAD_ICTIOFAUNA.pdf\">36F_MAPA_DE_SENSIBILIDAD_ICTIOFAUNA<\/a><\/li>\n<li><a href=\"https:\/\/maatecalidadambiental.ambiente.gob.ec\/wp-content\/uploads\/2025\/08\/36G_MAPA_DE_SENSIBILIDAD_MACROBENTOS.pdf\">36G_MAPA_DE_SENSIBILIDAD_MACROBENTOS<\/a><\/li>\n<li><a href=\"https:\/\/maatecalidadambiental.ambiente.gob.ec\/wp-content\/uploads\/2025\/08\/37-A_MAPA_DE_SENSIBILIDAD_SOCIAL.pdf\">37-A_MAPA_DE_SENSIBILIDAD_SOCIAL<\/a><\/li>\n<li><a href=\"https:\/\/maatecalidadambiental.ambiente.gob.ec\/wp-content\/uploads\/2025\/08\/37-B_MAPA_DE_RECEPTORES-SENSIBLES.pdf\">37-B_MAPA_DE_RECEPTORES SENSIBLES<\/a><\/li>\n<li><a href=\"https:\/\/maatecalidadambiental.ambiente.gob.ec\/wp-content\/uploads\/2025\/08\/38_MAPA_DE_RIESGOS_ENDOGENOS.pdf\">38_MAPA_DE_RIESGOS_ENDOGENOS<\/a><\/li>\n<li><a href=\"https:\/\/maatecalidadambiental.ambiente.gob.ec\/wp-content\/uploads\/2025\/08\/39_MAPA_DE_RIESGOS_EXOGENOS.pdf\">39_MAPA_DE_RIESGOS_EXOGENOS<\/a><\/li>\n<li><a href=\"https:\/\/maatecalidadambiental.ambiente.gob.ec\/wp-content\/uploads\/2025\/08\/40_MAPA_DE_PUNTOS_DE_CONTROL_DE_DERRAMES.pdf\">40_MAPA_DE_PUNTOS_DE_CONTROL_DE_DERRAMES<\/a><\/li>\n<li><a href=\"https:\/\/maatecalidadambiental.ambiente.gob.ec\/wp-content\/uploads\/2025\/08\/41_MAPA_DE_SITIOS-DE-MONITOREO-FISICO.pdf\">41_MAPA_DE_SITIOS DE MONITOREO F\u00cdSICO<\/a><\/li>\n<li><a href=\"https:\/\/maatecalidadambiental.ambiente.gob.ec\/wp-content\/uploads\/2025\/08\/42_MAPA_DE_ACTORES_SOCIALES.pdf\">42_MAPA_DE_ACTORES_SOCIALES<\/a><\/li>\n<li><a href=\"https:\/\/maatecalidadambiental.ambiente.gob.ec\/wp-content\/uploads\/2025\/08\/43A_MAPA_DE_ENCUESTAS_HOGARES.pdf\">43A_MAPA_DE_ENCUESTAS_HOGARES<\/a><\/li>\n<li><a href=\"https:\/\/maatecalidadambiental.ambiente.gob.ec\/wp-content\/uploads\/2025\/08\/43B_MAPA_DE_ENCUESTAS_HOGARES.pdf\">43B_MAPA_DE_ENCUESTAS_HOGARES<\/a><\/li>\n<li><a href=\"https:\/\/maatecalidadambiental.ambiente.gob.ec\/wp-content\/uploads\/2025\/08\/44_MAPA_DE_SENSIBILIDAD_ARQUEOLOGICA.pdf\">44_MAPA_DE_SENSIBILIDAD_ARQUEOLOGICA<\/a><\/li>\n<li><a href=\"https:\/\/maatecalidadambiental.ambiente.gob.ec\/wp-content\/uploads\/2025\/08\/45_MAPA_DE_CENSO_FORESTAL.pdf\">45_MAPA_DE_CENSO_FORESTAL<\/a><\/li>\n<li><a href=\"https:\/\/maatecalidadambiental.ambiente.gob.ec\/wp-content\/uploads\/2025\/08\/46-A_MAPA_DE_MONITOREO_DE_FLORA.pdf\">46-A_MAPA_DE_MONITOREO_DE_FLORA<\/a><\/li>\n<li><a href=\"https:\/\/maatecalidadambiental.ambiente.gob.ec\/wp-content\/uploads\/2025\/08\/46-B_MAPA_DE_MONITOREO_DE_MASTOFAUNA.pdf\">46-B_MAPA_DE_MONITOREO_DE_MASTOFAUNA<\/a><\/li>\n<li><a href=\"https:\/\/maatecalidadambiental.ambiente.gob.ec\/wp-content\/uploads\/2025\/08\/46-C_MAPA_DE_MONITOREO_DE_AVIFAUNA.pdf\">46-C_MAPA_DE_MONITOREO_DE_AVIFAUNA<\/a><\/li>\n<li><a href=\"https:\/\/maatecalidadambiental.ambiente.gob.ec\/wp-content\/uploads\/2025\/08\/46-D_MAPA_DE_MONITOREO_HERPETOFAUNA.pdf\">46-D_MAPA_DE_MONITOREO_HERPETOFAUNA<\/a><\/li>\n<li><a href=\"https:\/\/maatecalidadambiental.ambiente.gob.ec\/wp-content\/uploads\/2025\/08\/46-E_MAPA_DE_MONITOREO_ENTOMOFAUINA.pdf\">46-E_MAPA_DE_MONITOREO_ENTOMOFAUINA<\/a><\/li>\n<li><a href=\"https:\/\/maatecalidadambiental.ambiente.gob.ec\/wp-content\/uploads\/2025\/08\/46-F_MAPA_DE_MONITOREO_DE_ICTIOFAUNA.pdf\">46-F_MAPA_DE_MONITOREO_DE_ICTIOFAUNA<\/a><\/li>\n<li><a href=\"https:\/\/maatecalidadambiental.ambiente.gob.ec\/wp-content\/uploads\/2025\/08\/46-G_MAPA_DE_MONITOREO_DE_MACROBENTOS.pdf\">46-G_MAPA_DE_MONITOREO_DE_MACROBENTOS<\/a><\/li>\n<\/ul>\n","protected":false},"excerpt":{"rendered":"<p>ESTUDIO DE IMPACTO AMBIENTAL PARA LA FASE DE EXPLOTACI\u00d3N DEL BLOQUE 88 PERICO, PARA LA CONSTRUCCI\u00d3N DE 2 PLATAFORMAS, PERFORACI\u00d3N DE POZOS DE EXPLOTACI\u00d3N; AMPLIACI\u00d3N DE LA PLATAFORMA PERICO 1 PARA LA INSTALACI\u00d3N DE FACILIDADES DE PRODUCCI\u00d3N Y REINYECCI\u00d3N; CONSTRUCCI\u00d3N DE V\u00cdAS DE ACCESO, L\u00cdNEA DE FLUJO Y CONEXI\u00d3N DE PERICO 1 A LA RED [&hellip;]<\/p>\n","protected":false},"author":2,"featured_media":0,"comment_status":"open","ping_status":"open","sticky":false,"template":"","format":"standard","meta":{"footnotes":""},"categories":[7,12],"tags":[],"class_list":["post-2121","post","type-post","status-publish","format-standard","hentry","category-hidrocarburos","category-regularizacion"],"_links":{"self":[{"href":"https:\/\/maatecalidadambiental.ambiente.gob.ec\/index.php\/wp-json\/wp\/v2\/posts\/2121","targetHints":{"allow":["GET"]}}],"collection":[{"href":"https:\/\/maatecalidadambiental.ambiente.gob.ec\/index.php\/wp-json\/wp\/v2\/posts"}],"about":[{"href":"https:\/\/maatecalidadambiental.ambiente.gob.ec\/index.php\/wp-json\/wp\/v2\/types\/post"}],"author":[{"embeddable":true,"href":"https:\/\/maatecalidadambiental.ambiente.gob.ec\/index.php\/wp-json\/wp\/v2\/users\/2"}],"replies":[{"embeddable":true,"href":"https:\/\/maatecalidadambiental.ambiente.gob.ec\/index.php\/wp-json\/wp\/v2\/comments?post=2121"}],"version-history":[{"count":1,"href":"https:\/\/maatecalidadambiental.ambiente.gob.ec\/index.php\/wp-json\/wp\/v2\/posts\/2121\/revisions"}],"predecessor-version":[{"id":2221,"href":"https:\/\/maatecalidadambiental.ambiente.gob.ec\/index.php\/wp-json\/wp\/v2\/posts\/2121\/revisions\/2221"}],"wp:attachment":[{"href":"https:\/\/maatecalidadambiental.ambiente.gob.ec\/index.php\/wp-json\/wp\/v2\/media?parent=2121"}],"wp:term":[{"taxonomy":"category","embeddable":true,"href":"https:\/\/maatecalidadambiental.ambiente.gob.ec\/index.php\/wp-json\/wp\/v2\/categories?post=2121"},{"taxonomy":"post_tag","embeddable":true,"href":"https:\/\/maatecalidadambiental.ambiente.gob.ec\/index.php\/wp-json\/wp\/v2\/tags?post=2121"}],"curies":[{"name":"wp","href":"https:\/\/api.w.org\/{rel}","templated":true}]}}