{"id":2223,"date":"2025-08-19T10:41:54","date_gmt":"2025-08-19T15:41:54","guid":{"rendered":"https:\/\/maatecalidadambiental.ambiente.gob.ec\/?p=2223"},"modified":"2025-08-19T10:45:26","modified_gmt":"2025-08-19T15:45:26","slug":"bloque-90-sahino","status":"publish","type":"post","link":"https:\/\/maatecalidadambiental.ambiente.gob.ec\/index.php\/2025\/08\/19\/bloque-90-sahino\/","title":{"rendered":"ESTUDIO DE IMPACTO AMBIENTAL Y PLAN DE MANEJO AMBIENTAL DEL PROYECTO DE EXPLORACI\u00d3N Y AVANZADA BLOQUE 90-SAHINO"},"content":{"rendered":"<h5 style=\"text-align: center;\"><em>ESTUDIO DE IMPACTO AMBIENTAL Y PLAN DE MANEJO AMBIENTAL DEL PROYECTO DE EXPLORACI\u00d3N Y AVANZADA BLOQUE 90-SAHINO<\/em><\/h5>\n<ul>\n<li><a href=\"https:\/\/maatecalidadambiental.ambiente.gob.ec\/wp-content\/uploads\/2025\/08\/Capitulo-1.-Alcance-ciclo-de-vida-y-descripcion-detallada-del-proyecto.pdf\">Cap\u00edtulo 1. Alcance, ciclo de vida y descripci\u00f3n detallada del proyecto<\/a><\/li>\n<li><a href=\"https:\/\/maatecalidadambiental.ambiente.gob.ec\/wp-content\/uploads\/2025\/08\/Capitulo-2.-Analisis-de-Alternativas.pdf\">Cap\u00edtulo <\/a><a href=\"https:\/\/maatecalidadambiental.ambiente.gob.ec\/wp-content\/uploads\/2025\/08\/Capitulo-2.-Analisis-de-Alternativas.pdf\">2. An\u00e1lisis de Alternativas<\/a><\/li>\n<li><a href=\"https:\/\/maatecalidadambiental.ambiente.gob.ec\/wp-content\/uploads\/2025\/08\/Capitulo-3.-Demanda-de-Recursos-Naturales.pdf\">Cap\u00edtulo <\/a><a href=\"https:\/\/maatecalidadambiental.ambiente.gob.ec\/wp-content\/uploads\/2025\/08\/Capitulo-3.-Demanda-de-Recursos-Naturales.pdf\">3. Demanda de Recursos Naturales<\/a><\/li>\n<li><a href=\"https:\/\/maatecalidadambiental.ambiente.gob.ec\/wp-content\/uploads\/2025\/08\/Capitulo-4.-Diagnostico-Ambiental-Linea-Base.pdf\">Cap\u00edtulo <\/a><a href=\"https:\/\/maatecalidadambiental.ambiente.gob.ec\/wp-content\/uploads\/2025\/08\/Capitulo-4.-Diagnostico-Ambiental-Linea-Base.pdf\">4. Diagn\u00f3stico Ambiental &#8211; L\u00ednea Base<\/a><\/li>\n<li><a href=\"https:\/\/maatecalidadambiental.ambiente.gob.ec\/wp-content\/uploads\/2025\/08\/Capitulo-4.-Diagnostico-Socioeconomico-Cultural.pdf\">Cap\u00edtulo 4. Diagn\u00f3stico Socioecon\u00f3mico-Cultural<\/a><\/li>\n<li><a href=\"https:\/\/maatecalidadambiental.ambiente.gob.ec\/wp-content\/uploads\/2025\/08\/Capitulo-5.-Inventario-Forestal-y-Valoracion-Economica.pdf\">Cap\u00edtulo 5. Inventario Forestal y Valoraci\u00f3n Econ\u00f3mica<\/a><\/li>\n<li><a href=\"https:\/\/maatecalidadambiental.ambiente.gob.ec\/wp-content\/uploads\/2025\/08\/Capitulo-6.-Areas-de-Influencia.pdf\">Cap\u00edtulo 6. \u00c1reas de Influencia<\/a><\/li>\n<li><a href=\"https:\/\/maatecalidadambiental.ambiente.gob.ec\/wp-content\/uploads\/2025\/08\/Capitulo-7.-Analisis-Riesgos.pdf\">Cap\u00edtulo 7. Analisis Riesgos<\/a><\/li>\n<li><a href=\"https:\/\/maatecalidadambiental.ambiente.gob.ec\/wp-content\/uploads\/2025\/08\/Capitulo-8.-Evaluacion-Impactos-Amb.pdf\">Cap\u00edtulo 8. Evaluaci\u00f3n Impactos Amb<\/a><\/li>\n<li><a href=\"https:\/\/maatecalidadambiental.ambiente.gob.ec\/wp-content\/uploads\/2025\/08\/Capitulo-9.-Plan-de-Manejo-Ambiental.pdf\">Capitulo 9. Plan de Manejo Ambiental<\/a><\/li>\n<li><a href=\"https:\/\/maatecalidadambiental.ambiente.gob.ec\/wp-content\/uploads\/2025\/08\/01_BASE.pdf\">01_BASE<\/a><\/li>\n<li><a href=\"https:\/\/maatecalidadambiental.ambiente.gob.ec\/wp-content\/uploads\/2025\/08\/02_INFRAESTRUCTURA.pdf\">02_INFRAESTRUCTURA<\/a><\/li>\n<li><a href=\"https:\/\/maatecalidadambiental.ambiente.gob.ec\/wp-content\/uploads\/2025\/08\/03_ALTERNATIVAS.pdf\">03_ALTERNATIVAS<\/a><\/li>\n<li><a href=\"https:\/\/maatecalidadambiental.ambiente.gob.ec\/wp-content\/uploads\/2025\/08\/04_CLIMATICO.pdf\">04_CLIM\u00c1TICO<\/a><\/li>\n<li><a href=\"https:\/\/maatecalidadambiental.ambiente.gob.ec\/wp-content\/uploads\/2025\/08\/05_CUENCAS_HIDROGRAFICAS.pdf\">05_CUENCAS_HIDROGR\u00c1FICAS<\/a><\/li>\n<li><a href=\"https:\/\/maatecalidadambiental.ambiente.gob.ec\/wp-content\/uploads\/2025\/08\/06_GEOLOGICO.pdf\">06_GEOL\u00d3GICO<\/a><\/li>\n<li><a href=\"https:\/\/maatecalidadambiental.ambiente.gob.ec\/wp-content\/uploads\/2025\/08\/07_GEOMORFOLOGICO.pdf\">07_GEOMORFOL\u00d3GICO<\/a><\/li>\n<li><a href=\"https:\/\/maatecalidadambiental.ambiente.gob.ec\/wp-content\/uploads\/2025\/08\/08_COBERTURA_Y_USO_TIERRA.pdf\">08_COBERTURA_Y_USO_TIERRA<\/a><\/li>\n<li><a href=\"https:\/\/maatecalidadambiental.ambiente.gob.ec\/wp-content\/uploads\/2025\/08\/09_ECOSISTEMAS.pdf\">09_ECOSISTEMAS<\/a><\/li>\n<li><a href=\"https:\/\/maatecalidadambiental.ambiente.gob.ec\/wp-content\/uploads\/2025\/08\/10_PENDIENTES.pdf\">10_PENDIENTES<\/a><\/li>\n<li><a href=\"https:\/\/maatecalidadambiental.ambiente.gob.ec\/wp-content\/uploads\/2025\/08\/11_AREAS_PROTEGIDAS_Y_DE_CONSERVACION.pdf\">11_\u00c1REAS_PROTEGIDAS_Y_DE_CONSERVACI\u00d3N<\/a><\/li>\n<li><a href=\"https:\/\/maatecalidadambiental.ambiente.gob.ec\/wp-content\/uploads\/2025\/08\/12_LOCALIDADES.pdf\">12_LOCALIDADES<\/a><\/li>\n<li><a href=\"https:\/\/maatecalidadambiental.ambiente.gob.ec\/wp-content\/uploads\/2025\/08\/13_MUESTREO_SUELO.pdf\">13_MUESTREO_SUELO<\/a><\/li>\n<li><a href=\"https:\/\/maatecalidadambiental.ambiente.gob.ec\/wp-content\/uploads\/2025\/08\/13a_MUESTREO_SUELO_PTA.pdf\">13a_MUESTREO_SUELO_PTA<\/a><\/li>\n<li><a href=\"https:\/\/maatecalidadambiental.ambiente.gob.ec\/wp-content\/uploads\/2025\/08\/13b_MUESTREO_SUELO_PTB.pdf\">13b_MUESTREO_SUELO_PTB<\/a><\/li>\n<li><a href=\"https:\/\/maatecalidadambiental.ambiente.gob.ec\/wp-content\/uploads\/2025\/08\/13c_MUESTREO_SUELO_PTC.pdf\">13c_MUESTREO_SUELO_PTC<\/a><\/li>\n<li><a href=\"https:\/\/maatecalidadambiental.ambiente.gob.ec\/wp-content\/uploads\/2025\/08\/13d_MUESTREO_SUELO_PTD.pdf\">13d_MUESTREO_SUELO_PTD<\/a><\/li>\n<li><a href=\"https:\/\/maatecalidadambiental.ambiente.gob.ec\/wp-content\/uploads\/2025\/08\/13e_MUESTREO_SUELO_PTE.pdf\">13e_MUESTREO_SUELO_PTE<\/a><\/li>\n<li><a href=\"https:\/\/maatecalidadambiental.ambiente.gob.ec\/wp-content\/uploads\/2025\/08\/13f_MUESTREO_SUELO_PTF.pdf\">13f_MUESTREO_SUELO_PTF<\/a><\/li>\n<li><a href=\"https:\/\/maatecalidadambiental.ambiente.gob.ec\/wp-content\/uploads\/2025\/08\/13g_SONDEO_ELECTRICO_VERTICAL.pdf\">13g_SONDEO_EL\u00c9CTRICO_VERTICAL<\/a><\/li>\n<li><a href=\"https:\/\/maatecalidadambiental.ambiente.gob.ec\/wp-content\/uploads\/2025\/08\/14_MUESTREO_AGUA.pdf\">14_MUESTREO_AGUA<\/a><\/li>\n<li><a href=\"https:\/\/maatecalidadambiental.ambiente.gob.ec\/wp-content\/uploads\/2025\/08\/14a_MUESTREO_AGUA_NORTE.pdf\">14a_MUESTREO_AGUA_NORTE<\/a><\/li>\n<li><a href=\"https:\/\/maatecalidadambiental.ambiente.gob.ec\/wp-content\/uploads\/2025\/08\/14b_MUESTREO_AGUA_SUR.pdf\">14b_MUESTREO_AGUA_SUR<\/a><\/li>\n<li><a href=\"https:\/\/maatecalidadambiental.ambiente.gob.ec\/wp-content\/uploads\/2025\/08\/15_MUESTREO_RUIDO.pdf\">15_MUESTREO_RUIDO<\/a><\/li>\n<li><a href=\"https:\/\/maatecalidadambiental.ambiente.gob.ec\/wp-content\/uploads\/2025\/08\/15a_MUESTREO_RUIDO_NORTE.pdf\">15a_MUESTREO_RUIDO_NORTE<\/a><\/li>\n<li><a href=\"https:\/\/maatecalidadambiental.ambiente.gob.ec\/wp-content\/uploads\/2025\/08\/15b_MUESTREO_RUIDO_SUR.pdf\">15b_MUESTREO_RUIDO_SUR<\/a><\/li>\n<li><a href=\"https:\/\/maatecalidadambiental.ambiente.gob.ec\/wp-content\/uploads\/2025\/08\/16_MUESTREO_CALIDAD_AIRE.pdf\">16_MUESTREO_CALIDAD_AIRE<\/a><\/li>\n<li><a href=\"https:\/\/maatecalidadambiental.ambiente.gob.ec\/wp-content\/uploads\/2025\/08\/16a_MUESTREO_CALIDAD_AIRE_NORTE.pdf\">16a_MUESTREO_CALIDAD_AIRE_NORTE<\/a><\/li>\n<li><a href=\"https:\/\/maatecalidadambiental.ambiente.gob.ec\/wp-content\/uploads\/2025\/08\/16b_MUESTREO_CALIDAD_AIRE_SUR.pdf\">16b_MUESTREO_CALIDAD_AIRE_SUR<\/a><\/li>\n<li><a href=\"https:\/\/maatecalidadambiental.ambiente.gob.ec\/wp-content\/uploads\/2025\/08\/17a_MUESTREO_FLORA_NORTE.pdf\">17a_MUESTREO_FLORA_NORTE<\/a><\/li>\n<li><a href=\"https:\/\/maatecalidadambiental.ambiente.gob.ec\/wp-content\/uploads\/2025\/08\/17b_MUESTREO_FLORA_SUR.pdf\">17b_MUESTREO_FLORA_SUR<\/a><\/li>\n<li><a href=\"https:\/\/maatecalidadambiental.ambiente.gob.ec\/wp-content\/uploads\/2025\/08\/18a_MUESTREO_MAMIFEROS_NORTE.pdf\">18a_MUESTREO_MAM\u00cdFEROS_NORTE<\/a><\/li>\n<li><a href=\"https:\/\/maatecalidadambiental.ambiente.gob.ec\/wp-content\/uploads\/2025\/08\/18b_MUESTREO_MAMIFEROS_SUR.pdf\">18b_MUESTREO_MAM\u00cdFEROS_SUR<\/a><\/li>\n<li><a href=\"https:\/\/maatecalidadambiental.ambiente.gob.ec\/wp-content\/uploads\/2025\/08\/19a_MUESTREO_AVES_NORTE.pdf\">19a_MUESTREO_AVES_NORTE<\/a><\/li>\n<li><a href=\"https:\/\/maatecalidadambiental.ambiente.gob.ec\/wp-content\/uploads\/2025\/08\/19b_MUESTREO_AVES_SUR.pdf\">19b_MUESTREO_AVES_SUR<\/a><\/li>\n<li><a href=\"https:\/\/maatecalidadambiental.ambiente.gob.ec\/wp-content\/uploads\/2025\/08\/20a_MUESTREO_HERPETOFAUNA_NORTE.pdf\">20a_MUESTREO_HERPETOFAUNA_NORTE<\/a><\/li>\n<li><a href=\"https:\/\/maatecalidadambiental.ambiente.gob.ec\/wp-content\/uploads\/2025\/08\/20b_MUESTREO_HERPETOFAUNA_SUR.pdf\">20b_MUESTREO_HERPETOFAUNA_SUR<\/a><\/li>\n<li><a href=\"https:\/\/maatecalidadambiental.ambiente.gob.ec\/wp-content\/uploads\/2025\/08\/21a_MUESTREO_PECES_NORTE.pdf\">21a_MUESTREO_PECES_NORTE<\/a><\/li>\n<li><a href=\"https:\/\/maatecalidadambiental.ambiente.gob.ec\/wp-content\/uploads\/2025\/08\/21b_MUESTREO_PECES_SUR.pdf\">21b_MUESTREO_PECES_SUR<\/a><\/li>\n<li><a href=\"https:\/\/maatecalidadambiental.ambiente.gob.ec\/wp-content\/uploads\/2025\/08\/22a_MUESTREO_INSECTOS_NORTE.pdf\">22a_MUESTREO_INSECTOS_NORTE<\/a><\/li>\n<li><a href=\"https:\/\/maatecalidadambiental.ambiente.gob.ec\/wp-content\/uploads\/2025\/08\/22b_MUESTREO_INSECTOS_SUR.pdf\">22b_MUESTREO_INSECTOS_SUR<\/a><\/li>\n<li><a href=\"https:\/\/maatecalidadambiental.ambiente.gob.ec\/wp-content\/uploads\/2025\/08\/23a_MUESTREO_MACROBENTOS_NORTE.pdf\">23a_MUESTREO_MACROBENTOS_NORTE<\/a><\/li>\n<li><a href=\"https:\/\/maatecalidadambiental.ambiente.gob.ec\/wp-content\/uploads\/2025\/08\/23b_MUESTREO_MACROBENTOS_SUR.pdf\">23b_MUESTREO_MACROBENTOS_SUR<\/a><\/li>\n<li><a href=\"https:\/\/maatecalidadambiental.ambiente.gob.ec\/wp-content\/uploads\/2025\/08\/24a_MUESTREO_ARQUEOLOGICO_NORTE.pdf\">24a_MUESTREO_ARQUEOL\u00d3GICO_NORTE<\/a><\/li>\n<li><a href=\"https:\/\/maatecalidadambiental.ambiente.gob.ec\/wp-content\/uploads\/2025\/08\/24b_MUESTREO_ARQUEOLOGICO_SUR.pdf\">24b_MUESTREO_ARQUEOL\u00d3GICO_SUR<\/a><\/li>\n<li><a href=\"https:\/\/maatecalidadambiental.ambiente.gob.ec\/wp-content\/uploads\/2025\/08\/25a.1.-INFLUENCIA_FISICA_DIRECTA_SUELO_NORTE.pdf\">25a.1. INFLUENCIA_F\u00cdSICA_DIRECTA_SUELO_NORTE<\/a><\/li>\n<li><a href=\"https:\/\/maatecalidadambiental.ambiente.gob.ec\/wp-content\/uploads\/2025\/08\/25a.2.-INFLUENCIA_FISICA_DIRECTA_SUELO_SUR.pdf\">25a.2. INFLUENCIA_F\u00cdSICA_DIRECTA_SUELO_SUR<\/a><\/li>\n<li><a href=\"https:\/\/maatecalidadambiental.ambiente.gob.ec\/wp-content\/uploads\/2025\/08\/25b.1.-INFLUENCIA_FISICA_DIRECTA_AGUA_NORTE.pdf\">25b.1. INFLUENCIA_F\u00cdSICA_DIRECTA_AGUA_NORTE<\/a><\/li>\n<li><a href=\"https:\/\/maatecalidadambiental.ambiente.gob.ec\/wp-content\/uploads\/2025\/08\/25b.2.-INFLUENCIA_FISICA_DIRECTA_AGUA_SUR.pdf\">25b.2. INFLUENCIA_F\u00cdSICA_DIRECTA_AGUA_SUR<\/a><\/li>\n<li><a href=\"https:\/\/maatecalidadambiental.ambiente.gob.ec\/wp-content\/uploads\/2025\/08\/25c.1.-INFLUENCIA_FISICA_DIRECTA_RUIDO_NORTE.pdf\">25c.1. INFLUENCIA_F\u00cdSICA_DIRECTA_RUIDO_NORTE<\/a><\/li>\n<li><a href=\"https:\/\/maatecalidadambiental.ambiente.gob.ec\/wp-content\/uploads\/2025\/08\/25c.2.-INFLUENCIA_FISICA_DIRECTA_RUIDO_SUR.pdf\">25c.2. INFLUENCIA_F\u00cdSICA_DIRECTA_RUIDO_SUR<\/a><\/li>\n<li><a href=\"https:\/\/maatecalidadambiental.ambiente.gob.ec\/wp-content\/uploads\/2025\/08\/25d.1.-INFLUENCIA_FISICA_DIRECTA_CALIDAD_AIRE_NORTE.pdf\">25d.1. INFLUENCIA_F\u00cdSICA_DIRECTA_CALIDAD_AIRE_NORTE<\/a><\/li>\n<li><a href=\"https:\/\/maatecalidadambiental.ambiente.gob.ec\/wp-content\/uploads\/2025\/08\/25d.2.-INFLUENCIA_FISICA_DIRECTA_CALIDAD_AIRE_SUR.pdf\">25d.2. INFLUENCIA_F\u00cdSICA_DIRECTA_CALIDAD_AIRE_SUR<\/a><\/li>\n<li><a href=\"https:\/\/maatecalidadambiental.ambiente.gob.ec\/wp-content\/uploads\/2025\/08\/26_INFLUENCIA_FISICA_INDIRECTA.pdf\">26_INFLUENCIA_F\u00cdSICA_INDIRECTA<\/a><\/li>\n<li><a href=\"https:\/\/maatecalidadambiental.ambiente.gob.ec\/wp-content\/uploads\/2025\/08\/27_INFLUENCIA_BIOTICA_DIRECTA_INDIRECTA.pdf\">27_INFLUENCIA_BI\u00d3TICA_DIRECTA_INDIRECTA<\/a><\/li>\n<li><a href=\"https:\/\/maatecalidadambiental.ambiente.gob.ec\/wp-content\/uploads\/2025\/08\/28_INFLUENCIA_SOCIAL_DIRECTA.pdf\">28_INFLUENCIA_SOCIAL_DIRECTA<\/a><\/li>\n<li><a href=\"https:\/\/maatecalidadambiental.ambiente.gob.ec\/wp-content\/uploads\/2025\/08\/28a_INFRAESTRUCTURA_SOCIAL.pdf\">28a_INFRAESTRUCTURA_SOCIAL<\/a><\/li>\n<li><a href=\"https:\/\/maatecalidadambiental.ambiente.gob.ec\/wp-content\/uploads\/2025\/08\/28b_INFLUENCIA_SOCIAL_DIRECTA_RUIDO.pdf\">28b_INFLUENCIA_SOCIAL_DIRECTA_RUIDO<\/a><\/li>\n<li><a href=\"https:\/\/maatecalidadambiental.ambiente.gob.ec\/wp-content\/uploads\/2025\/08\/28c_INFLUENCIA_SOCIAL_DIRECTA_CALIDAD_AIRE.pdf\">28c_INFLUENCIA_SOCIAL_DIRECTA_CALIDAD_AIRE<\/a><\/li>\n<li><a href=\"https:\/\/maatecalidadambiental.ambiente.gob.ec\/wp-content\/uploads\/2025\/08\/28d_INFLUENCIA_SOCIAL_DIRECTA_PREDIAL.pdf\">28d_INFLUENCIA_SOCIAL_DIRECTA_PREDIAL<\/a><\/li>\n<li><a href=\"https:\/\/maatecalidadambiental.ambiente.gob.ec\/wp-content\/uploads\/2025\/08\/28e_INFLUENCIA_SOCIAL_COMUNITARIO_COMP_FISICO.pdf\">28e_INFLUENCIA_SOCIAL_COMUNITARIO_COMP_F\u00cdSICO<\/a> <a href=\"https:\/\/maatecalidadambiental.ambiente.gob.ec\/wp-content\/uploads\/2025\/08\/29a_INFLUENCIA_SOCIAL_INDIRECTA_CANTONAL.pdf\">29a_INFLUENCIA_SOCIAL_INDIRECTA_CANTONAL<\/a><\/li>\n<li><a href=\"https:\/\/maatecalidadambiental.ambiente.gob.ec\/wp-content\/uploads\/2025\/08\/29b_INFLUENCIA_SOCIAL_INDIRECTA_PARROQUIAL.pdf\">29b_INFLUENCIA_SOCIAL_INDIRECTA_PARROQUIAL<\/a><\/li>\n<li><a href=\"https:\/\/maatecalidadambiental.ambiente.gob.ec\/wp-content\/uploads\/2025\/08\/30_SENSIBIIDAD_FISICA.pdf\">30_SENSIBIIDAD_F\u00cdSICA<\/a><\/li>\n<li><a href=\"https:\/\/maatecalidadambiental.ambiente.gob.ec\/wp-content\/uploads\/2025\/08\/31_SENSIBIIDAD_BIOTICA.pdf\">31_SENSIBIIDAD_BI\u00d3TICA<\/a><\/li>\n<li><a href=\"https:\/\/maatecalidadambiental.ambiente.gob.ec\/wp-content\/uploads\/2025\/08\/32_SENSIBIIDAD_SOCIAL.pdf\">32_SENSIBIIDAD_SOCIAL<\/a><\/li>\n<li><a href=\"https:\/\/maatecalidadambiental.ambiente.gob.ec\/wp-content\/uploads\/2025\/08\/33_SENSIBIIDAD_ARQUEOLOGICA.pdf\">33_SENSIBIIDAD_ARQUEOL\u00d3GICA<\/a><\/li>\n<li><a href=\"https:\/\/maatecalidadambiental.ambiente.gob.ec\/wp-content\/uploads\/2025\/08\/34a.1.-FUTURO_MONITOREO_FISICO_NORTE.pdf\">34a.1. FUTURO_MONITOREO_F\u00cdSICO_NORTE<\/a><\/li>\n<li><a href=\"https:\/\/maatecalidadambiental.ambiente.gob.ec\/wp-content\/uploads\/2025\/08\/34a.2.-FUTURO_MONITOREO_FISICO_SUR.pdf\">34a.2. FUTURO_MONITOREO_F\u00cdSICO_SUR<\/a><\/li>\n<li><a href=\"https:\/\/maatecalidadambiental.ambiente.gob.ec\/wp-content\/uploads\/2025\/08\/34b.1.-FUTURO_MONITOREO_BIOTICO_FLORA_NORTE.pdf\">34b.1. FUTURO_MONITOREO_BI\u00d3TICO_FLORA_NORTE<\/a><\/li>\n<li><a href=\"https:\/\/maatecalidadambiental.ambiente.gob.ec\/wp-content\/uploads\/2025\/08\/34b.2.-FUTURO_MONITOREO_BIOTICO_FLORA_SUR.pdf\">34b.2. FUTURO_MONITOREO_BI\u00d3TICO_FLORA_SUR<\/a><\/li>\n<li><a href=\"https:\/\/maatecalidadambiental.ambiente.gob.ec\/wp-content\/uploads\/2025\/08\/34c.1.-FUTURO_MONITOREO_BIOTICO_MAMIFEROS_NORTE.pdf\">34c.1. FUTURO_MONITOREO_BI\u00d3TICO_MAM\u00cdFEROS_NORTE<\/a><\/li>\n<li><a href=\"https:\/\/maatecalidadambiental.ambiente.gob.ec\/wp-content\/uploads\/2025\/08\/34c.2.-FUTURO_MONITOREO_BIOTICO_MAMIFEROS_SUR.pdf\">34c.2. FUTURO_MONITOREO_BI\u00d3TICO_MAM\u00cdFEROS_SUR<\/a><\/li>\n<li><a href=\"https:\/\/maatecalidadambiental.ambiente.gob.ec\/wp-content\/uploads\/2025\/08\/34d.1.-FUTURO_MONITOREO_BIOTICO_AVES_NORTE.pdf\">34d.1. FUTURO_MONITOREO_BI\u00d3TICO_AVES_NORTE<\/a><\/li>\n<li><a href=\"https:\/\/maatecalidadambiental.ambiente.gob.ec\/wp-content\/uploads\/2025\/08\/34d.2.-FUTURO_MONITOREO_BIOTICO_AVES_SUR.pdf\">34d.2. FUTURO_MONITOREO_BI\u00d3TICO_AVES_SUR<\/a><\/li>\n<li><a href=\"https:\/\/maatecalidadambiental.ambiente.gob.ec\/wp-content\/uploads\/2025\/08\/34e.1.-FUTURO_MONITOREO_BIOTICO_HERPETOFAUNA_NORTE.pdf\">34e.1. FUTURO_MONITOREO_BI\u00d3TICO_HERPETOFAUNA_NORTE<\/a><\/li>\n<li><a href=\"https:\/\/maatecalidadambiental.ambiente.gob.ec\/wp-content\/uploads\/2025\/08\/34e.2.-FUTURO_MONITOREO_BIOTICO_HERPETOFAUNA_SUR.pdf\">34e.2. FUTURO_MONITOREO_BI\u00d3TICO_HERPETOFAUNA_SUR<\/a><\/li>\n<li><a href=\"https:\/\/maatecalidadambiental.ambiente.gob.ec\/wp-content\/uploads\/2025\/08\/34f.1.-FUTURO_MONITOREO_BIOTICO_PECES_NORTE.pdf\">3<\/a><a href=\"https:\/\/maatecalidadambiental.ambiente.gob.ec\/wp-content\/uploads\/2025\/08\/34f.1.-FUTURO_MONITOREO_BIOTICO_PECES_NORTE.pdf\">4f.1. FUTURO_MONITOREO_BI\u00d3TICO_PECES_NORTE<\/a><\/li>\n<li><a href=\"https:\/\/maatecalidadambiental.ambiente.gob.ec\/wp-content\/uploads\/2025\/08\/34f.2.-FUTURO_MONITOREO_BIOTICO_PECES_SUR.pdf\">34f.2. FUTURO_MONITOREO_BI\u00d3TICO_PECES_SUR<\/a><\/li>\n<li><a href=\"https:\/\/maatecalidadambiental.ambiente.gob.ec\/wp-content\/uploads\/2025\/08\/34g.1.-FUTURO_MONITOREO_BIOTICO_INSECTOS_NORTE.pdf\">34g.1. FUTURO_MONITOREO_BI\u00d3TICO_INSECTOS_NORTE<\/a><\/li>\n<li><a href=\"https:\/\/maatecalidadambiental.ambiente.gob.ec\/wp-content\/uploads\/2025\/08\/34g.2.-FUTURO_MONITOREO_BIOTICO_INSECTOS_SUR.pdf\">34g.2. FUTURO_MONITOREO_BI\u00d3TICO_INSECTOS_SUR<\/a><\/li>\n<li><a href=\"https:\/\/maatecalidadambiental.ambiente.gob.ec\/wp-content\/uploads\/2025\/08\/34h.1.-FUTURO_MONITOREO_BIOTICO_MACROBENTOS_NORTE.pdf\">34h.1. FUTURO_MONITOREO_BI\u00d3TICO_MACROBENTOS_NORTE<\/a><\/li>\n<li><a href=\"https:\/\/maatecalidadambiental.ambiente.gob.ec\/wp-content\/uploads\/2025\/08\/34h.2.-FUTURO_MONITOREO_BIOTICO_MACROBENTOS_SUR.pdf\">34h.2. FUTURO_MONITOREO_BI\u00d3TICO_MACROBENTOS_SUR<\/a><\/li>\n<li><a href=\"https:\/\/maatecalidadambiental.ambiente.gob.ec\/wp-content\/uploads\/2025\/08\/35_CAPTACION_AGUA.pdf\">35_CAPTACI\u00d3N_AGUA<\/a><\/li>\n<li><a href=\"https:\/\/maatecalidadambiental.ambiente.gob.ec\/wp-content\/uploads\/2025\/08\/36_PUNTOS_DE_CONTROL.pdf\">36_PUNTOS_DE_CONTROL<\/a><\/li>\n<li><a href=\"https:\/\/maatecalidadambiental.ambiente.gob.ec\/wp-content\/uploads\/2025\/08\/37_RIESGOS_ENDOGENOS.pdf\">37_RIESGOS_END\u00d3GENOS<\/a><\/li>\n<li><a href=\"https:\/\/maatecalidadambiental.ambiente.gob.ec\/wp-content\/uploads\/2025\/08\/38_RIESGOS_EXOGENOS.pdf\">38_RIESGOS_EX\u00d3GENOS<\/a><\/li>\n<li><a href=\"https:\/\/maatecalidadambiental.ambiente.gob.ec\/wp-content\/uploads\/2025\/08\/39_IMPLANTACION_PLATAFORMA_A.pdf\">39_IMPLANTACI\u00d3N_PLATAFORMA_A<\/a><\/li>\n<li><a href=\"https:\/\/maatecalidadambiental.ambiente.gob.ec\/wp-content\/uploads\/2025\/08\/40_IMPLANTACION_PLATAFORMA_B.pdf\">4<\/a><a href=\"https:\/\/maatecalidadambiental.ambiente.gob.ec\/wp-content\/uploads\/2025\/08\/40_IMPLANTACION_PLATAFORMA_B.pdf\">0_IMPLANTACI\u00d3N_PLATAFORMA_B<\/a><\/li>\n<li><a href=\"https:\/\/maatecalidadambiental.ambiente.gob.ec\/wp-content\/uploads\/2025\/08\/41_IMPLANTACION_PLATAFORMA_C.pdf\">41_IMPLANTACI\u00d3N_PLATAFORMA_C<\/a><\/li>\n<li><a href=\"https:\/\/maatecalidadambiental.ambiente.gob.ec\/wp-content\/uploads\/2025\/08\/42_IMPLANTACION_PLATAFORMA_D.pdf\">42_IMPLANTACI\u00d3N_PLATAFORMA_D<\/a><\/li>\n<li><a href=\"https:\/\/maatecalidadambiental.ambiente.gob.ec\/wp-content\/uploads\/2025\/08\/43_IMPLANTACION_PLATAFORMA_E.pdf\">43_IMPLANTACI\u00d3N_PLATAFORMA_E<\/a><\/li>\n<li><a href=\"https:\/\/maatecalidadambiental.ambiente.gob.ec\/wp-content\/uploads\/2025\/08\/44_IMPLANTACION_PLATAFORMA_F.pdf\">44_IMPLANTACI\u00d3N_PLATAFORMA_F<\/a><\/li>\n<li><a href=\"https:\/\/maatecalidadambiental.ambiente.gob.ec\/wp-content\/uploads\/2025\/08\/45_IMAGEN_SATELITAL.pdf\">45_IMAGEN_SATELITAL<\/a><\/li>\n<\/ul>\n","protected":false},"excerpt":{"rendered":"<p>ESTUDIO DE IMPACTO AMBIENTAL Y PLAN DE MANEJO AMBIENTAL DEL PROYECTO DE EXPLORACI\u00d3N Y AVANZADA BLOQUE 90-SAHINO Cap\u00edtulo 1. Alcance, ciclo de vida y descripci\u00f3n detallada del proyecto Cap\u00edtulo 2. An\u00e1lisis de Alternativas Cap\u00edtulo 3. Demanda de Recursos Naturales Cap\u00edtulo 4. Diagn\u00f3stico Ambiental &#8211; L\u00ednea Base Cap\u00edtulo 4. Diagn\u00f3stico Socioecon\u00f3mico-Cultural Cap\u00edtulo 5. Inventario Forestal y [&hellip;]<\/p>\n","protected":false},"author":2,"featured_media":0,"comment_status":"open","ping_status":"open","sticky":false,"template":"","format":"standard","meta":{"footnotes":""},"categories":[7,12],"tags":[],"class_list":["post-2223","post","type-post","status-publish","format-standard","hentry","category-hidrocarburos","category-regularizacion"],"_links":{"self":[{"href":"https:\/\/maatecalidadambiental.ambiente.gob.ec\/index.php\/wp-json\/wp\/v2\/posts\/2223","targetHints":{"allow":["GET"]}}],"collection":[{"href":"https:\/\/maatecalidadambiental.ambiente.gob.ec\/index.php\/wp-json\/wp\/v2\/posts"}],"about":[{"href":"https:\/\/maatecalidadambiental.ambiente.gob.ec\/index.php\/wp-json\/wp\/v2\/types\/post"}],"author":[{"embeddable":true,"href":"https:\/\/maatecalidadambiental.ambiente.gob.ec\/index.php\/wp-json\/wp\/v2\/users\/2"}],"replies":[{"embeddable":true,"href":"https:\/\/maatecalidadambiental.ambiente.gob.ec\/index.php\/wp-json\/wp\/v2\/comments?post=2223"}],"version-history":[{"count":3,"href":"https:\/\/maatecalidadambiental.ambiente.gob.ec\/index.php\/wp-json\/wp\/v2\/posts\/2223\/revisions"}],"predecessor-version":[{"id":2340,"href":"https:\/\/maatecalidadambiental.ambiente.gob.ec\/index.php\/wp-json\/wp\/v2\/posts\/2223\/revisions\/2340"}],"wp:attachment":[{"href":"https:\/\/maatecalidadambiental.ambiente.gob.ec\/index.php\/wp-json\/wp\/v2\/media?parent=2223"}],"wp:term":[{"taxonomy":"category","embeddable":true,"href":"https:\/\/maatecalidadambiental.ambiente.gob.ec\/index.php\/wp-json\/wp\/v2\/categories?post=2223"},{"taxonomy":"post_tag","embeddable":true,"href":"https:\/\/maatecalidadambiental.ambiente.gob.ec\/index.php\/wp-json\/wp\/v2\/tags?post=2223"}],"curies":[{"name":"wp","href":"https:\/\/api.w.org\/{rel}","templated":true}]}}