{"id":2352,"date":"2025-10-17T14:45:47","date_gmt":"2025-10-17T19:45:47","guid":{"rendered":"https:\/\/maatecalidadambiental.ambiente.gob.ec\/?p=2352"},"modified":"2025-10-17T14:45:47","modified_gmt":"2025-10-17T19:45:47","slug":"estudio-de-impacto-ambiental-expost-y-plan-de-manejo-ambiental-para-la-fase-de-explotacion-de-minerales-no-metalicos-de-la-concesion-la-lorena-v-codigo-70000384","status":"publish","type":"post","link":"https:\/\/maatecalidadambiental.ambiente.gob.ec\/index.php\/2025\/10\/17\/estudio-de-impacto-ambiental-expost-y-plan-de-manejo-ambiental-para-la-fase-de-explotacion-de-minerales-no-metalicos-de-la-concesion-la-lorena-v-codigo-70000384\/","title":{"rendered":"ESTUDIO DE IMPACTO AMBIENTAL EXPOST Y PLAN DE MANEJO AMBIENTAL PARA LA FASE DE EXPLOTACI\u00d3N DE MINERALES NO MET\u00c1LICOS DE LA CONCESI\u00d3N LA LORENA V (C\u00d3DIGO 70000384)"},"content":{"rendered":"<p><a href=\"https:\/\/maatecalidadambiental.ambiente.gob.ec\/wp-content\/uploads\/2025\/10\/DIAGNOSTICO-AMBIENTAL-CM-LA-LORENA-V-3-OBS-1.pdf\">ESTUDIO DE IMPACTO AMBIENTAL EXPOST Y PLAN DE MANEJO AMBIENTAL PARA LA FASE DE EXPLOTACI\u00d3N DE MINERALES NO MET\u00c1LICOS DE LA CONCESI\u00d3N LA LORENA V (C\u00d3DIGO 70000384)<\/a><\/p>\n","protected":false},"excerpt":{"rendered":"<p>ESTUDIO DE IMPACTO AMBIENTAL EXPOST Y PLAN DE MANEJO AMBIENTAL PARA LA FASE DE EXPLOTACI\u00d3N DE MINERALES NO MET\u00c1LICOS DE LA CONCESI\u00d3N LA LORENA V (C\u00d3DIGO 70000384)<\/p>\n","protected":false},"author":8,"featured_media":0,"comment_status":"open","ping_status":"open","sticky":false,"template":"","format":"standard","meta":{"footnotes":""},"categories":[6],"tags":[],"class_list":["post-2352","post","type-post","status-publish","format-standard","hentry","category-mineria"],"_links":{"self":[{"href":"https:\/\/maatecalidadambiental.ambiente.gob.ec\/index.php\/wp-json\/wp\/v2\/posts\/2352","targetHints":{"allow":["GET"]}}],"collection":[{"href":"https:\/\/maatecalidadambiental.ambiente.gob.ec\/index.php\/wp-json\/wp\/v2\/posts"}],"about":[{"href":"https:\/\/maatecalidadambiental.ambiente.gob.ec\/index.php\/wp-json\/wp\/v2\/types\/post"}],"author":[{"embeddable":true,"href":"https:\/\/maatecalidadambiental.ambiente.gob.ec\/index.php\/wp-json\/wp\/v2\/users\/8"}],"replies":[{"embeddable":true,"href":"https:\/\/maatecalidadambiental.ambiente.gob.ec\/index.php\/wp-json\/wp\/v2\/comments?post=2352"}],"version-history":[{"count":1,"href":"https:\/\/maatecalidadambiental.ambiente.gob.ec\/index.php\/wp-json\/wp\/v2\/posts\/2352\/revisions"}],"predecessor-version":[{"id":2355,"href":"https:\/\/maatecalidadambiental.ambiente.gob.ec\/index.php\/wp-json\/wp\/v2\/posts\/2352\/revisions\/2355"}],"wp:attachment":[{"href":"https:\/\/maatecalidadambiental.ambiente.gob.ec\/index.php\/wp-json\/wp\/v2\/media?parent=2352"}],"wp:term":[{"taxonomy":"category","embeddable":true,"href":"https:\/\/maatecalidadambiental.ambiente.gob.ec\/index.php\/wp-json\/wp\/v2\/categories?post=2352"},{"taxonomy":"post_tag","embeddable":true,"href":"https:\/\/maatecalidadambiental.ambiente.gob.ec\/index.php\/wp-json\/wp\/v2\/tags?post=2352"}],"curies":[{"name":"wp","href":"https:\/\/api.w.org\/{rel}","templated":true}]}}