{"id":242,"date":"2024-02-15T10:36:30","date_gmt":"2024-02-15T15:36:30","guid":{"rendered":"https:\/\/maatecalidadambiental.ambiente.gob.ec\/?p=242"},"modified":"2024-02-18T18:16:21","modified_gmt":"2024-02-18T23:16:21","slug":"estudio-de-impacto-ambiental-expost-y-plan-de-manejo-ambiental-para-la-fase-de-exploracion-y-explotacion-simultanea-de-minerales-metalicos-bajo-el-regimen-de-pequena-mineria-concesion-minera","status":"publish","type":"post","link":"https:\/\/maatecalidadambiental.ambiente.gob.ec\/index.php\/2024\/02\/15\/estudio-de-impacto-ambiental-expost-y-plan-de-manejo-ambiental-para-la-fase-de-exploracion-y-explotacion-simultanea-de-minerales-metalicos-bajo-el-regimen-de-pequena-mineria-concesion-minera\/","title":{"rendered":"\u201cESTUDIO DE IMPACTO AMBIENTAL EXPOST Y PLAN DE MANEJO AMBIENTAL PARA LA FASE DE EXPLORACI\u00d3N Y EXPLOTACI\u00d3N SIMULT\u00c1NEA DE MINERALES MET\u00c1LICOS BAJO EL REGIM\u00c9N DE PEQUE\u00d1A MINER\u00cdA, CONCESI\u00d3N MINERA QUEBRADA FR\u00cdA (C\u00d3DIGO 460)\u201d"},"content":{"rendered":"<p><a href=\"https:\/\/maatecalidadambiental.ambiente.gob.ec\/wp-content\/uploads\/2024\/02\/EsIA-CONCESION-MINERA-QUEBRADA-FRIA-2023.pdf\">EsIA CONCESION MINERA QUEBRADA FRIA 2023<\/a><\/p>\n","protected":false},"excerpt":{"rendered":"<p>EsIA CONCESION MINERA QUEBRADA FRIA 2023<\/p>\n","protected":false},"author":7,"featured_media":0,"comment_status":"open","ping_status":"open","sticky":false,"template":"","format":"standard","meta":{"footnotes":""},"categories":[1,10,6,12],"tags":[],"class_list":["post-242","post","type-post","status-publish","format-standard","hentry","category-sin-categoria","category-metalica","category-mineria","category-regularizacion"],"_links":{"self":[{"href":"https:\/\/maatecalidadambiental.ambiente.gob.ec\/index.php\/wp-json\/wp\/v2\/posts\/242","targetHints":{"allow":["GET"]}}],"collection":[{"href":"https:\/\/maatecalidadambiental.ambiente.gob.ec\/index.php\/wp-json\/wp\/v2\/posts"}],"about":[{"href":"https:\/\/maatecalidadambiental.ambiente.gob.ec\/index.php\/wp-json\/wp\/v2\/types\/post"}],"author":[{"embeddable":true,"href":"https:\/\/maatecalidadambiental.ambiente.gob.ec\/index.php\/wp-json\/wp\/v2\/users\/7"}],"replies":[{"embeddable":true,"href":"https:\/\/maatecalidadambiental.ambiente.gob.ec\/index.php\/wp-json\/wp\/v2\/comments?post=242"}],"version-history":[{"count":1,"href":"https:\/\/maatecalidadambiental.ambiente.gob.ec\/index.php\/wp-json\/wp\/v2\/posts\/242\/revisions"}],"predecessor-version":[{"id":244,"href":"https:\/\/maatecalidadambiental.ambiente.gob.ec\/index.php\/wp-json\/wp\/v2\/posts\/242\/revisions\/244"}],"wp:attachment":[{"href":"https:\/\/maatecalidadambiental.ambiente.gob.ec\/index.php\/wp-json\/wp\/v2\/media?parent=242"}],"wp:term":[{"taxonomy":"category","embeddable":true,"href":"https:\/\/maatecalidadambiental.ambiente.gob.ec\/index.php\/wp-json\/wp\/v2\/categories?post=242"},{"taxonomy":"post_tag","embeddable":true,"href":"https:\/\/maatecalidadambiental.ambiente.gob.ec\/index.php\/wp-json\/wp\/v2\/tags?post=242"}],"curies":[{"name":"wp","href":"https:\/\/api.w.org\/{rel}","templated":true}]}}