{"id":2795,"date":"2025-11-10T09:43:04","date_gmt":"2025-11-10T14:43:04","guid":{"rendered":"https:\/\/maatecalidadambiental.ambiente.gob.ec\/?p=2795"},"modified":"2025-11-10T09:57:55","modified_gmt":"2025-11-10T14:57:55","slug":"estudio-de-impacto-ambiental-exante-para-las-fases-de-exploracion-y-explotacion-simultanea-de-materiales-metalicos-bajo-el-regimen-de-pequena-mineria-del-area-minera-alessia-codigo-100000246","status":"publish","type":"post","link":"https:\/\/maatecalidadambiental.ambiente.gob.ec\/index.php\/2025\/11\/10\/estudio-de-impacto-ambiental-exante-para-las-fases-de-exploracion-y-explotacion-simultanea-de-materiales-metalicos-bajo-el-regimen-de-pequena-mineria-del-area-minera-alessia-codigo-100000246\/","title":{"rendered":"ESTUDIO DE IMPACTO AMBIENTAL EXANTE PARA LAS FASES DE EXPLORACI\u00d3N Y EXPLOTACI\u00d3N SIMULT\u00c1NEA DE MATERIALES MET\u00c1LICOS BAJO EL R\u00c9GIMEN DE PEQUE\u00d1A MINER\u00cdA DEL \u00c1REA MINERA ALESSIA C\u00d3DIGO 100000246"},"content":{"rendered":"<p><a href=\"https:\/\/maatecalidadambiental.ambiente.gob.ec\/wp-content\/uploads\/2025\/11\/1.-Resumen-Ejecutivo-AL_V3-3.pdf\">1. Resumen Ejecutivo AL_V3<\/a> <a href=\"https:\/\/maatecalidadambiental.ambiente.gob.ec\/wp-content\/uploads\/2025\/11\/2.-Ficha-Tecnica-AL_V3-3.pdf\">2. Ficha T\u00e9cnica AL_V3<\/a> <a href=\"https:\/\/maatecalidadambiental.ambiente.gob.ec\/wp-content\/uploads\/2025\/11\/3.-Siglas-y-Abreviaturas-AL_V3-3.pdf\">3. Siglas y Abreviaturas AL_V3<\/a> <a href=\"https:\/\/maatecalidadambiental.ambiente.gob.ec\/wp-content\/uploads\/2025\/11\/4.-Introduccion-AL_V3-3.pdf\">4. Introducci\u00f3n AL_V3<\/a> <a href=\"https:\/\/maatecalidadambiental.ambiente.gob.ec\/wp-content\/uploads\/2025\/11\/5.-Marco-Legal-AL_V3-3.pdf\">5. Marco Legal AL_V3<\/a> <a href=\"https:\/\/maatecalidadambiental.ambiente.gob.ec\/wp-content\/uploads\/2025\/11\/6.-Definicion-del-Area-de-Estudio-AL_V3-3.pdf\">6. Definici\u00f3n del \u00c1rea de Estudio AL_V3<\/a> <a href=\"https:\/\/maatecalidadambiental.ambiente.gob.ec\/wp-content\/uploads\/2025\/11\/7.1-Linea-Base-Fisica-AL_V3-3.pdf\">7.1 L\u00ednea Base Fisica AL_V3<\/a> <a href=\"https:\/\/maatecalidadambiental.ambiente.gob.ec\/wp-content\/uploads\/2025\/11\/7.2-Linea-Base-Biotica-AL_V3-3.pdf\">7.2 L\u00ednea Base Biotica AL_V3<\/a> <a href=\"https:\/\/maatecalidadambiental.ambiente.gob.ec\/wp-content\/uploads\/2025\/11\/7.3-Linea-Base-Social-AL_V3-3.pdf\">7.3 L\u00ednea Base Social AL_V3<\/a> <a href=\"https:\/\/maatecalidadambiental.ambiente.gob.ec\/wp-content\/uploads\/2025\/11\/8.-Descripcion-del-Proyecto-AL_V3-3.pdf\">8. Descripcion del Proyecto AL_V3<\/a> <a href=\"https:\/\/maatecalidadambiental.ambiente.gob.ec\/wp-content\/uploads\/2025\/11\/9.-Analisis-Alternativas-AL_V3-3.pdf\">9. An\u00e1lisis Alternativas AL_V3<\/a> <a href=\"https:\/\/maatecalidadambiental.ambiente.gob.ec\/wp-content\/uploads\/2025\/11\/10.-AID-y-Areas-Sensibles-AL_V3-3.pdf\">10. AID y Areas Sensibles AL_V3<\/a> <a href=\"https:\/\/maatecalidadambiental.ambiente.gob.ec\/wp-content\/uploads\/2025\/11\/11.-Inventario-Forestal-AL_V3-3.pdf\">11. Inventario Forestal AL_V3<\/a> <a href=\"https:\/\/maatecalidadambiental.ambiente.gob.ec\/wp-content\/uploads\/2025\/11\/12.-Evaluacion-Impactos-AL_V3-3.pdf\">12. Evaluacion Impactos AL_V3<\/a> <a href=\"https:\/\/maatecalidadambiental.ambiente.gob.ec\/wp-content\/uploads\/2025\/11\/13.-Analisis-de-Riesgos-AL_V3-3.pdf\">13. An\u00e1lisis de Riesgos AL_V3<\/a> <a href=\"https:\/\/maatecalidadambiental.ambiente.gob.ec\/wp-content\/uploads\/2025\/11\/14.-Plan-Manejo-Ambiental-AL_V3-3.pdf\">14. Plan Manejo Ambiental AL_V3<\/a> <a href=\"https:\/\/maatecalidadambiental.ambiente.gob.ec\/wp-content\/uploads\/2025\/11\/15.-Bibliografia-AL_V3-3.pdf\">15. Bibliograf\u00eda AL_V3<\/a><\/p>\n","protected":false},"excerpt":{"rendered":"<p>1. Resumen Ejecutivo AL_V3 2. Ficha T\u00e9cnica AL_V3 3. Siglas y Abreviaturas AL_V3 4. Introducci\u00f3n AL_V3 5. Marco Legal AL_V3 6. Definici\u00f3n del \u00c1rea de Estudio AL_V3 7.1 L\u00ednea Base Fisica AL_V3 7.2 L\u00ednea Base Biotica AL_V3 7.3 L\u00ednea Base Social AL_V3 8. Descripcion del Proyecto AL_V3 9. An\u00e1lisis Alternativas AL_V3 10. AID y Areas [&hellip;]<\/p>\n","protected":false},"author":13,"featured_media":0,"comment_status":"open","ping_status":"open","sticky":false,"template":"","format":"standard","meta":{"footnotes":""},"categories":[10,6],"tags":[],"class_list":["post-2795","post","type-post","status-publish","format-standard","hentry","category-metalica","category-mineria"],"_links":{"self":[{"href":"https:\/\/maatecalidadambiental.ambiente.gob.ec\/index.php\/wp-json\/wp\/v2\/posts\/2795","targetHints":{"allow":["GET"]}}],"collection":[{"href":"https:\/\/maatecalidadambiental.ambiente.gob.ec\/index.php\/wp-json\/wp\/v2\/posts"}],"about":[{"href":"https:\/\/maatecalidadambiental.ambiente.gob.ec\/index.php\/wp-json\/wp\/v2\/types\/post"}],"author":[{"embeddable":true,"href":"https:\/\/maatecalidadambiental.ambiente.gob.ec\/index.php\/wp-json\/wp\/v2\/users\/13"}],"replies":[{"embeddable":true,"href":"https:\/\/maatecalidadambiental.ambiente.gob.ec\/index.php\/wp-json\/wp\/v2\/comments?post=2795"}],"version-history":[{"count":3,"href":"https:\/\/maatecalidadambiental.ambiente.gob.ec\/index.php\/wp-json\/wp\/v2\/posts\/2795\/revisions"}],"predecessor-version":[{"id":2901,"href":"https:\/\/maatecalidadambiental.ambiente.gob.ec\/index.php\/wp-json\/wp\/v2\/posts\/2795\/revisions\/2901"}],"wp:attachment":[{"href":"https:\/\/maatecalidadambiental.ambiente.gob.ec\/index.php\/wp-json\/wp\/v2\/media?parent=2795"}],"wp:term":[{"taxonomy":"category","embeddable":true,"href":"https:\/\/maatecalidadambiental.ambiente.gob.ec\/index.php\/wp-json\/wp\/v2\/categories?post=2795"},{"taxonomy":"post_tag","embeddable":true,"href":"https:\/\/maatecalidadambiental.ambiente.gob.ec\/index.php\/wp-json\/wp\/v2\/tags?post=2795"}],"curies":[{"name":"wp","href":"https:\/\/api.w.org\/{rel}","templated":true}]}}