{"id":2974,"date":"2025-11-11T13:28:11","date_gmt":"2025-11-11T18:28:11","guid":{"rendered":"https:\/\/maatecalidadambiental.ambiente.gob.ec\/?p=2974"},"modified":"2025-11-11T13:28:11","modified_gmt":"2025-11-11T18:28:11","slug":"proyecto-oglan","status":"publish","type":"post","link":"https:\/\/maatecalidadambiental.ambiente.gob.ec\/index.php\/2025\/11\/11\/proyecto-oglan\/","title":{"rendered":"ESTUDIO DE IMPACTO AMBIENTAL Y PLAN DE MANEJO AMBIENTAL PARA LA FASE DE EXPLOTACI\u00d3N DEL CAMPO OGL\u00c1N, LOCALIZADO EN EL BLOQUE 10"},"content":{"rendered":"<ul>\n<li>CAP\u00cdTULOS DEL ESTUDIO DE IMPACTO AMBIENTAL Y PLAN DE MANEJO AMBIENTAL<\/li>\n<\/ul>\n<p><a href=\"https:\/\/maatecalidadambiental.ambiente.gob.ec\/wp-content\/uploads\/2025\/11\/01_Ficha_Tecnica_V2.pdf\">01_Ficha_Tecnica_V2<\/a><\/p>\n<p><a href=\"https:\/\/maatecalidadambiental.ambiente.gob.ec\/wp-content\/uploads\/2025\/11\/02_Introduccion_V2.pdf\">02_Introducci\u00f3n_V2<\/a><\/p>\n<p><a href=\"https:\/\/maatecalidadambiental.ambiente.gob.ec\/wp-content\/uploads\/2025\/11\/03_Descripcion_Proyecto_V2.pdf\">03_Descripci\u00f3n_Proyecto_V2<\/a><\/p>\n<p><a href=\"https:\/\/maatecalidadambiental.ambiente.gob.ec\/wp-content\/uploads\/2025\/11\/04_Analisis_Alternativas_V2.pdf\">04_Analisis_Alternativas_V2<\/a><\/p>\n<p><a href=\"https:\/\/maatecalidadambiental.ambiente.gob.ec\/wp-content\/uploads\/2025\/11\/05.1_LB_Fisica_V2.pdf\">05.1_LB_F\u00edsica_V2<\/a><\/p>\n<p><a href=\"https:\/\/maatecalidadambiental.ambiente.gob.ec\/wp-content\/uploads\/2025\/11\/05.2_LB_Biotica_V2.pdf\">05.2_LB_Biotica_V2<\/a><\/p>\n<p><a href=\"https:\/\/maatecalidadambiental.ambiente.gob.ec\/wp-content\/uploads\/2025\/11\/05.3_LB_Social_V2.pdf\">05.3_LB_Social_V2<\/a><\/p>\n<p><a href=\"https:\/\/maatecalidadambiental.ambiente.gob.ec\/wp-content\/uploads\/2025\/11\/05.4_LB_Arqueologia_V2.pdf\">05.4_LB_Arqueolog\u00eda_V2<\/a><\/p>\n<p><a href=\"https:\/\/maatecalidadambiental.ambiente.gob.ec\/wp-content\/uploads\/2025\/11\/06_IF_VET_V2.pdf\">06_IF_VET_V2<\/a><\/p>\n<p><a href=\"https:\/\/maatecalidadambiental.ambiente.gob.ec\/wp-content\/uploads\/2025\/11\/07_Areas_Influencia_Sensibilidad_V2.pdf\">07_Areas_Influencia_Sensibilidad_V2<\/a><\/p>\n<p><a href=\"https:\/\/maatecalidadambiental.ambiente.gob.ec\/wp-content\/uploads\/2025\/11\/08_Riesgos_V2.pdf\">08_Riesgos_V2<\/a><\/p>\n<p><a href=\"https:\/\/maatecalidadambiental.ambiente.gob.ec\/wp-content\/uploads\/2025\/11\/09_Evaluacion-de-Impactos_V2.pdf\">09_Evaluacion de Impactos_V2<\/a><\/p>\n<p><a href=\"https:\/\/maatecalidadambiental.ambiente.gob.ec\/wp-content\/uploads\/2025\/11\/10_PMA_V2.pdf\">10_PMA_V2<\/a> <a href=\"https:\/\/maatecalidadambiental.ambiente.gob.ec\/wp-content\/uploads\/2025\/11\/GR_Oglan_V1.pdf\">GR_Oglan_<\/a><\/p>\n<ul>\n<li>MAPAS<\/li>\n<\/ul>\n<p><a href=\"https:\/\/maatecalidadambiental.ambiente.gob.ec\/wp-content\/uploads\/2025\/11\/GR_Oglan_V1.pdf\">V1<\/a> <a href=\"https:\/\/maatecalidadambiental.ambiente.gob.ec\/wp-content\/uploads\/2025\/11\/1.1-1-UBICACION.pdf\">1.1-1 UBICACION<\/a><\/p>\n<p><a href=\"https:\/\/maatecalidadambiental.ambiente.gob.ec\/wp-content\/uploads\/2025\/11\/1.1-2-BASE.pdf\">1.1-2 BASE<\/a><\/p>\n<p><a href=\"https:\/\/maatecalidadambiental.ambiente.gob.ec\/wp-content\/uploads\/2025\/11\/1.1-3-IMAGEN.pdf\">1.1-3 IMAGEN<\/a><\/p>\n<p><a href=\"https:\/\/maatecalidadambiental.ambiente.gob.ec\/wp-content\/uploads\/2025\/11\/1.1-4-MDT.pdf\">1.1-4 MDT<\/a><\/p>\n<p><a href=\"https:\/\/maatecalidadambiental.ambiente.gob.ec\/wp-content\/uploads\/2025\/11\/1.1-5-PENDIENTES.pdf\">1.1-5 PENDIENTES<\/a><\/p>\n<p><a href=\"https:\/\/maatecalidadambiental.ambiente.gob.ec\/wp-content\/uploads\/2025\/11\/1.1-6-AREAS-NATURALES.pdf\">1.1-6 AREAS NATURALES<\/a><\/p>\n<p><a href=\"https:\/\/maatecalidadambiental.ambiente.gob.ec\/wp-content\/uploads\/2025\/11\/3.1-1-IMPLANTACION-OGLAN-3-Y-VIA.pdf\">3.1-1 IMPLANTACION OGLAN 3 Y VIA<\/a><\/p>\n<p><a href=\"https:\/\/maatecalidadambiental.ambiente.gob.ec\/wp-content\/uploads\/2025\/11\/3.1-2-IMPLANTACION-OGLAN-2-Y-VIA.pdf\">3.1-2 IMPLANTACION OGLAN 2 Y VIA<\/a><\/p>\n<p><a href=\"https:\/\/maatecalidadambiental.ambiente.gob.ec\/wp-content\/uploads\/2025\/11\/3.1-3-IMPLANTACION-DDV.pdf\">3.1-3 IMPLANTACION DDV<\/a><\/p>\n<p><a href=\"https:\/\/maatecalidadambiental.ambiente.gob.ec\/wp-content\/uploads\/2025\/11\/3.1-4-CAPTACION.pdf\">3.1-4 CAPTACION<\/a><\/p>\n<p><a href=\"https:\/\/maatecalidadambiental.ambiente.gob.ec\/wp-content\/uploads\/2025\/11\/3.1-5-CRUCES_HIDRICOS.pdf\">3.1-5 CRUCES_HIDRICOS<\/a><\/p>\n<p><a href=\"https:\/\/maatecalidadambiental.ambiente.gob.ec\/wp-content\/uploads\/2025\/11\/4.1-1-ALTERNATIVAS_PLATAFORMA.pdf\">4.1-1 ALTERNATIVAS_PLATAFORMA<\/a><\/p>\n<p><a href=\"https:\/\/maatecalidadambiental.ambiente.gob.ec\/wp-content\/uploads\/2025\/11\/4.1-2-ALTERNATIVAS_VIA_ACCESO.pdf\">4.1-2 ALTERNATIVAS_VIA_ACCESO<\/a><\/p>\n<p><a href=\"https:\/\/maatecalidadambiental.ambiente.gob.ec\/wp-content\/uploads\/2025\/11\/4.1-3-ALTERNATIVAS_LINEA_FLUJO.pdf\">4.1-3 ALTERNATIVAS_LINEA_FLUJO<\/a><\/p>\n<p><a href=\"https:\/\/maatecalidadambiental.ambiente.gob.ec\/wp-content\/uploads\/2025\/11\/5.1-1-A-TIPOS-CLIMA.pdf\">5.1-1-A TIPOS CLIMA<\/a><\/p>\n<p><a href=\"https:\/\/maatecalidadambiental.ambiente.gob.ec\/wp-content\/uploads\/2025\/11\/5.1-1-B-DEFICIT-HIDRICO.pdf\">5.1-1-B DEFICIT HIDRICO<\/a><\/p>\n<p><a href=\"https:\/\/maatecalidadambiental.ambiente.gob.ec\/wp-content\/uploads\/2025\/11\/5.1-1-C-ISOTERMAS.pdf\">5.1-1-C ISOTERMAS<\/a><\/p>\n<p><a href=\"https:\/\/maatecalidadambiental.ambiente.gob.ec\/wp-content\/uploads\/2025\/11\/5.1-1-D-ISOYETAS.pdf\">5.1-1-D ISOYETAS<\/a><\/p>\n<p><a href=\"https:\/\/maatecalidadambiental.ambiente.gob.ec\/wp-content\/uploads\/2025\/11\/5.1-1-E-BIOCLIMAS.pdf\">5.1-1-E BIOCLIMAS<\/a><\/p>\n<p><a href=\"https:\/\/maatecalidadambiental.ambiente.gob.ec\/wp-content\/uploads\/2025\/11\/5.1-2-A-GEOLOGICO.pdf\">5.1-2-A GEOLOGICO<\/a><\/p>\n<p><a href=\"https:\/\/maatecalidadambiental.ambiente.gob.ec\/wp-content\/uploads\/2025\/11\/5.1-2-B-GEOLOGICO_IMAGEN.pdf\">5.1-2-B GEOLOGICO_IMAGEN<\/a><\/p>\n<p><a href=\"https:\/\/maatecalidadambiental.ambiente.gob.ec\/wp-content\/uploads\/2025\/11\/5.1-4-GEOMORFOLOGICO.pdf\">5.1-4 GEOMORFOLOGICO<\/a><\/p>\n<p><a href=\"https:\/\/maatecalidadambiental.ambiente.gob.ec\/wp-content\/uploads\/2025\/11\/5.1-5-ESTABILIDAD.pdf\">5.1-5 ESTABILIDAD<\/a><\/p>\n<p><a href=\"https:\/\/maatecalidadambiental.ambiente.gob.ec\/wp-content\/uploads\/2025\/11\/5.1-6-A-HIDROGEOLOGICO.pdf\">5.1-6-A HIDROGEOLOGICO<\/a><\/p>\n<p><a href=\"https:\/\/maatecalidadambiental.ambiente.gob.ec\/wp-content\/uploads\/2025\/11\/5.1-6-B-VULNERABILIDAD_HIDROGEOLOGICA.pdf\">5.1-6-B VULNERABILIDAD_HIDROGEOLOGICA<\/a><\/p>\n<p><a href=\"https:\/\/maatecalidadambiental.ambiente.gob.ec\/wp-content\/uploads\/2025\/11\/5.1-7-A-GEOTECNICO_REGIONAL.pdf\">5.1-7-A GEOTECNICO_REGIONAL<\/a><\/p>\n<p><a href=\"https:\/\/maatecalidadambiental.ambiente.gob.ec\/wp-content\/uploads\/2025\/11\/5.1-7-B-GEOTECNICO_LOCAL.pdf\">5.1-7-B GEOTECNICO_LOCAL<\/a><\/p>\n<p><a href=\"https:\/\/maatecalidadambiental.ambiente.gob.ec\/wp-content\/uploads\/2025\/11\/5.1-8-A-COBERTURA.pdf\">5.1-8-A COBERTURA<\/a><\/p>\n<p><a href=\"https:\/\/maatecalidadambiental.ambiente.gob.ec\/wp-content\/uploads\/2025\/11\/5.1-8-B-COBERTURA_MAE.pdf\">5.1-8-B COBERTURA_MAE<\/a><\/p>\n<p><a href=\"https:\/\/maatecalidadambiental.ambiente.gob.ec\/wp-content\/uploads\/2025\/11\/5.1-9-CAPACIDAD.pdf\">5.1-9 CAPACIDAD<\/a><\/p>\n<p><a href=\"https:\/\/maatecalidadambiental.ambiente.gob.ec\/wp-content\/uploads\/2025\/11\/5.1-10-CONFLICTOS.pdf\">5.1-10 CONFLICTOS<\/a><\/p>\n<p><a href=\"https:\/\/maatecalidadambiental.ambiente.gob.ec\/wp-content\/uploads\/2025\/11\/5.1-11-SUELOS.pdf\">5.1-11 SUELOS<\/a><\/p>\n<p><a href=\"https:\/\/maatecalidadambiental.ambiente.gob.ec\/wp-content\/uploads\/2025\/11\/5.1-12-RUIDO.pdf\">5.1-12 RUIDO<\/a><\/p>\n<p><a href=\"https:\/\/maatecalidadambiental.ambiente.gob.ec\/wp-content\/uploads\/2025\/11\/5.1-13-AIRE.pdf\">5.1-13 AIRE<\/a><\/p>\n<p><a href=\"https:\/\/maatecalidadambiental.ambiente.gob.ec\/wp-content\/uploads\/2025\/11\/5.1-14-HIDROLOGICO.pdf\">5.1-14 HIDROLOGICO<\/a><\/p>\n<p><a href=\"https:\/\/maatecalidadambiental.ambiente.gob.ec\/wp-content\/uploads\/2025\/11\/5.2-1-ECOSISTEMAS.pdf\">5.2-1 ECOSISTEMAS<\/a><\/p>\n<p><a href=\"https:\/\/maatecalidadambiental.ambiente.gob.ec\/wp-content\/uploads\/2025\/11\/5.2-2-FLORA.pdf\">5.2-2 FLORA<\/a><\/p>\n<p><a href=\"https:\/\/maatecalidadambiental.ambiente.gob.ec\/wp-content\/uploads\/2025\/11\/5.2-3-AVIFAUNA.pdf\">5.2-3 AVIFAUNA<\/a><\/p>\n<p><a href=\"https:\/\/maatecalidadambiental.ambiente.gob.ec\/wp-content\/uploads\/2025\/11\/5.2-4-MASTOFAUNA.pdf\">5.2-4 MASTOFAUNA<\/a><\/p>\n<p><a href=\"https:\/\/maatecalidadambiental.ambiente.gob.ec\/wp-content\/uploads\/2025\/11\/5.2-5-HERPETOFAUNA.pdf\">5.2-5 HERPETOFAUNA<\/a><\/p>\n<p><a href=\"https:\/\/maatecalidadambiental.ambiente.gob.ec\/wp-content\/uploads\/2025\/11\/5.2-6-ENTOMOFAUNA.pdf\">5.2-6 ENTOMOFAUNA<\/a><\/p>\n<p><a href=\"https:\/\/maatecalidadambiental.ambiente.gob.ec\/wp-content\/uploads\/2025\/11\/5.2-7-ICTIOFAUNA.pdf\">5.2-7 ICTIOFAUNA<\/a><\/p>\n<p><a href=\"https:\/\/maatecalidadambiental.ambiente.gob.ec\/wp-content\/uploads\/2025\/11\/5.2-8-MACROINVERTEBRADOS.pdf\">5.2-8 MACROINVERTEBRADOS<\/a><\/p>\n<p><a href=\"https:\/\/maatecalidadambiental.ambiente.gob.ec\/wp-content\/uploads\/2025\/11\/5.3-1-LOCALIDADES.pdf\">5.3-1 LOCALIDADES<\/a><\/p>\n<p><a href=\"https:\/\/maatecalidadambiental.ambiente.gob.ec\/wp-content\/uploads\/2025\/11\/5.3-2-INFRAESTRUCTURA-COMUNITARIA.pdf\">5.3-2 INFRAESTRUCTURA COMUNITARIA<\/a><\/p>\n<p><a href=\"https:\/\/maatecalidadambiental.ambiente.gob.ec\/wp-content\/uploads\/2025\/11\/5.3-3-VIVIENDAS.pdf\">5.3-3 VIVIENDAS<\/a><\/p>\n<p><a href=\"https:\/\/maatecalidadambiental.ambiente.gob.ec\/wp-content\/uploads\/2025\/11\/5.3-4-PREDIOS.pdf\">5.3-4 PREDIOS<\/a><\/p>\n<p><a href=\"https:\/\/maatecalidadambiental.ambiente.gob.ec\/wp-content\/uploads\/2025\/11\/5.4-1-ARQUEOLOGIA.pdf\">5.4-1 ARQUEOLOGIA<\/a><\/p>\n<p><a href=\"https:\/\/maatecalidadambiental.ambiente.gob.ec\/wp-content\/uploads\/2025\/11\/6.1-1-FORESTAL.pdf\">6.1-1 FORESTAL<\/a><\/p>\n<p><a href=\"https:\/\/maatecalidadambiental.ambiente.gob.ec\/wp-content\/uploads\/2025\/11\/7.1-1-A-AIDF_AIRE.pdf\">7.1-1-A AIDF_AIRE<\/a><\/p>\n<p><a href=\"https:\/\/maatecalidadambiental.ambiente.gob.ec\/wp-content\/uploads\/2025\/11\/7.1-1-B-AIDF_HIDROLOGIA.pdf\">7.1-1-B AIDF_HIDROLOGIA<\/a><\/p>\n<p><a href=\"https:\/\/maatecalidadambiental.ambiente.gob.ec\/wp-content\/uploads\/2025\/11\/7.1-1-C-AIDF_RUIDO.pdf\">7.1-1-C AIDF_RUIDO<\/a><\/p>\n<p><a href=\"https:\/\/maatecalidadambiental.ambiente.gob.ec\/wp-content\/uploads\/2025\/11\/7.1-1-D-AIDF_SUELO.pdf\">7.1-1-D AIDF_SUELO<\/a><\/p>\n<p><a href=\"https:\/\/maatecalidadambiental.ambiente.gob.ec\/wp-content\/uploads\/2025\/11\/7.1-2-A-AIDB_FLORA.pdf\">7.1-2-A AIDB_FLORA<\/a><\/p>\n<p><a href=\"https:\/\/maatecalidadambiental.ambiente.gob.ec\/wp-content\/uploads\/2025\/11\/7.1-2-B-AIDB_FAUNA-TERRESTRE.pdf\">7.1-2-B AIDB_FAUNA TERRESTRE<\/a><\/p>\n<p><a href=\"https:\/\/maatecalidadambiental.ambiente.gob.ec\/wp-content\/uploads\/2025\/11\/7.1-2-C-AIDB_FAUNA-ACUATICA.pdf\">7.1-2-C AIDB_FAUNA ACUATICA<\/a><\/p>\n<p><a href=\"https:\/\/maatecalidadambiental.ambiente.gob.ec\/wp-content\/uploads\/2025\/11\/7.1-3-AID-SOCIOECONOMICO.pdf\">7.1-3 AID SOCIOECONOMICO<\/a><\/p>\n<p><a href=\"https:\/\/maatecalidadambiental.ambiente.gob.ec\/wp-content\/uploads\/2025\/11\/7.2-1-AIIF_HIDRICA.pdf\">7.2-1 AIIF_HIDRICA<\/a><\/p>\n<p><a href=\"https:\/\/maatecalidadambiental.ambiente.gob.ec\/wp-content\/uploads\/2025\/11\/7.2-2-A-AIIB_FLORA.pdf\">7.2-2 A AIIB_FLORA<\/a><\/p>\n<p><a href=\"https:\/\/maatecalidadambiental.ambiente.gob.ec\/wp-content\/uploads\/2025\/11\/7.2-2-B-AIIB_FAUNA_TERRESTRE.pdf\">7.2-2-B AIIB_FAUNA_TERRESTRE<\/a><\/p>\n<p><a href=\"https:\/\/maatecalidadambiental.ambiente.gob.ec\/wp-content\/uploads\/2025\/11\/7.2-2-C-AIIB_FAUNA-ACUATICA.pdf\">7.2-2-C AIIB_FAUNA ACUATICA<\/a><\/p>\n<p><a href=\"https:\/\/maatecalidadambiental.ambiente.gob.ec\/wp-content\/uploads\/2025\/11\/7.3-3-AII-SOCIOECONOMICO.pdf\">7.3-3 AII SOCIOECONOMICO<\/a><\/p>\n<p><a href=\"https:\/\/maatecalidadambiental.ambiente.gob.ec\/wp-content\/uploads\/2025\/11\/7.4-1A-SENSIBILIDAD_SUELOS.pdf\">7.4-1A SENSIBILIDAD_SUELOS<\/a><\/p>\n<p><a href=\"https:\/\/maatecalidadambiental.ambiente.gob.ec\/wp-content\/uploads\/2025\/11\/7.4-1B-SENSIBILIDAD_GEOMORFOLOGIA.pdf\">7.4-1B SENSIBILIDAD_GEOMORFOLOGIA<\/a><\/p>\n<p><a href=\"https:\/\/maatecalidadambiental.ambiente.gob.ec\/wp-content\/uploads\/2025\/11\/7.4-1C-SENSIBILIDAD_HIDROGEOLOGIA.pdf\">7.4-1C SENSIBILIDAD_HIDROGEOLOGIA<\/a><\/p>\n<p><a href=\"https:\/\/maatecalidadambiental.ambiente.gob.ec\/wp-content\/uploads\/2025\/11\/7.4-1D-SENSIBILIDAD_HIDRICA.pdf\">7.4-1D SENSIBILIDAD_HIDRICA<\/a><\/p>\n<p><a href=\"https:\/\/maatecalidadambiental.ambiente.gob.ec\/wp-content\/uploads\/2025\/11\/7.4-2-SENSIBILIDAD_BIOTICA.pdf\">7.4-2 SENSIBILIDAD_BIOTICA<\/a><\/p>\n<p><a href=\"https:\/\/maatecalidadambiental.ambiente.gob.ec\/wp-content\/uploads\/2025\/11\/7.4-3A-SENSIBILIDAD_SOCIOECONOMICA.pdf\">7.4-3A SENSIBILIDAD_SOCIOECONOMICA<\/a><\/p>\n<p><a href=\"https:\/\/maatecalidadambiental.ambiente.gob.ec\/wp-content\/uploads\/2025\/11\/7.4-3B-PROXIMIDAD-VIVIENDAS.pdf\">7.4-3B PROXIMIDAD VIVIENDAS<\/a><\/p>\n<p><a href=\"https:\/\/maatecalidadambiental.ambiente.gob.ec\/wp-content\/uploads\/2025\/11\/7.4-3C-PROXIMIDAD-INFRAESTRUCTURA.pdf\">7.4-3C PROXIMIDAD INFRAESTRUCTURA<\/a><\/p>\n<p><a href=\"https:\/\/maatecalidadambiental.ambiente.gob.ec\/wp-content\/uploads\/2025\/11\/7.4-4-SENSIBILIDAD-ARQUEOLOGICA.pdf\">7.4-4 SENSIBILIDAD ARQUEOLOGICA<\/a><\/p>\n<p><a href=\"https:\/\/maatecalidadambiental.ambiente.gob.ec\/wp-content\/uploads\/2025\/11\/8.1-1-RIESGO-AP-FISICO.pdf\">8.1-1 RIESGO AP FISICO<\/a><\/p>\n<p><a href=\"https:\/\/maatecalidadambiental.ambiente.gob.ec\/wp-content\/uploads\/2025\/11\/8.1-2-RIESGO-AP-BIOTICO.pdf\">8.1-2 RIESGO AP BIOTICO<\/a><\/p>\n<p><a href=\"https:\/\/maatecalidadambiental.ambiente.gob.ec\/wp-content\/uploads\/2025\/11\/8.1-3-RIESGO-AP-SOCIAL.pdf\">8.1-3 RIESGO AP SOCIAL<\/a><\/p>\n<p><a href=\"https:\/\/maatecalidadambiental.ambiente.gob.ec\/wp-content\/uploads\/2025\/11\/8.2-1-RIESGO-PA-FISICO.pdf\">8.2-1 RIESGO PA FISICO<\/a><\/p>\n<p><a href=\"https:\/\/maatecalidadambiental.ambiente.gob.ec\/wp-content\/uploads\/2025\/11\/8.2-2-RIESGO-PA-BIOTICO.pdf\">8.2-2 RIESGO PA BIOTICO<\/a><\/p>\n<p><a href=\"https:\/\/maatecalidadambiental.ambiente.gob.ec\/wp-content\/uploads\/2025\/11\/8.2-3-RIESGO-PA-SOCIAL.pdf\">8.2-3 RIESGO PA SOCIAL<\/a><\/p>\n<p><a href=\"https:\/\/maatecalidadambiental.ambiente.gob.ec\/wp-content\/uploads\/2025\/11\/10.1-1-MONITEREO_FISICO.pdf\">10.1-1 MONITEREO_FISICO<\/a><\/p>\n<p><a href=\"https:\/\/maatecalidadambiental.ambiente.gob.ec\/wp-content\/uploads\/2025\/11\/10.1-2-A-MONITEREO_FLORA.pdf\">10.1-2-A MONITEREO_FLORA<\/a><\/p>\n<p><a href=\"https:\/\/maatecalidadambiental.ambiente.gob.ec\/wp-content\/uploads\/2025\/11\/10.1-2-B-MONITEREO_AVIFAUNA.pdf\">10.1-2-B MONITEREO_AVIFAUNA<\/a><\/p>\n<p><a href=\"https:\/\/maatecalidadambiental.ambiente.gob.ec\/wp-content\/uploads\/2025\/11\/10.1-2-C-MONITOREO_MASTOFAUNA.pdf\">10.1-2-C MONITOREO_MASTOFAUNA<\/a><\/p>\n<p><a href=\"https:\/\/maatecalidadambiental.ambiente.gob.ec\/wp-content\/uploads\/2025\/11\/10.1-2-D-MONITOREO_HERPETOFAUNA.pdf\">10.1-2-D MONITOREO_HERPETOFAUNA<\/a><\/p>\n<p><a href=\"https:\/\/maatecalidadambiental.ambiente.gob.ec\/wp-content\/uploads\/2025\/11\/10.1-2-E-MONITOREO_ENTOMOFAUNA.pdf\">10.1-2-E MONITOREO_ENTOMOFAUNA<\/a><\/p>\n<p><a href=\"https:\/\/maatecalidadambiental.ambiente.gob.ec\/wp-content\/uploads\/2025\/11\/10.1-2-F-MONITEREO_ICTIOFAUNA.pdf\">10.1-2-F MONITEREO_ICTIOFAUNA<\/a><\/p>\n<p><a href=\"https:\/\/maatecalidadambiental.ambiente.gob.ec\/wp-content\/uploads\/2025\/11\/10.1-2-G-MONITEREO_MACROINVERTEBRADOS.pdf\">10.1-2-G MONITEREO_MACROINVERTEBRADOS<\/a><\/p>\n<p><a href=\"https:\/\/maatecalidadambiental.ambiente.gob.ec\/wp-content\/uploads\/2025\/11\/10.1-3-PASOS_DESNIVEL_FAUNA_TERRESTRE.pdf\">10.1-3 PASOS_DESNIVEL_FAUNA_TERRESTRE<\/a><\/p>\n<p><a href=\"https:\/\/maatecalidadambiental.ambiente.gob.ec\/wp-content\/uploads\/2025\/11\/Informe-Tecnico-Cartografico-OGLAN.pdf\">Informe T\u00e9cnico Cartogr\u00e1fico &#8211; OGLAN<\/a><\/p>\n","protected":false},"excerpt":{"rendered":"<p>CAP\u00cdTULOS DEL ESTUDIO DE IMPACTO AMBIENTAL Y PLAN DE MANEJO AMBIENTAL 01_Ficha_Tecnica_V2 02_Introducci\u00f3n_V2 03_Descripci\u00f3n_Proyecto_V2 04_Analisis_Alternativas_V2 05.1_LB_F\u00edsica_V2 05.2_LB_Biotica_V2 05.3_LB_Social_V2 05.4_LB_Arqueolog\u00eda_V2 06_IF_VET_V2 07_Areas_Influencia_Sensibilidad_V2 08_Riesgos_V2 09_Evaluacion de Impactos_V2 10_PMA_V2 GR_Oglan_ MAPAS V1 1.1-1 UBICACION 1.1-2 BASE 1.1-3 IMAGEN 1.1-4 MDT 1.1-5 PENDIENTES 1.1-6 AREAS NATURALES 3.1-1 IMPLANTACION OGLAN 3 Y VIA 3.1-2 IMPLANTACION OGLAN 2 Y VIA 3.1-3 [&hellip;]<\/p>\n","protected":false},"author":2,"featured_media":0,"comment_status":"open","ping_status":"open","sticky":false,"template":"","format":"standard","meta":{"footnotes":""},"categories":[7],"tags":[],"class_list":["post-2974","post","type-post","status-publish","format-standard","hentry","category-hidrocarburos"],"_links":{"self":[{"href":"https:\/\/maatecalidadambiental.ambiente.gob.ec\/index.php\/wp-json\/wp\/v2\/posts\/2974","targetHints":{"allow":["GET"]}}],"collection":[{"href":"https:\/\/maatecalidadambiental.ambiente.gob.ec\/index.php\/wp-json\/wp\/v2\/posts"}],"about":[{"href":"https:\/\/maatecalidadambiental.ambiente.gob.ec\/index.php\/wp-json\/wp\/v2\/types\/post"}],"author":[{"embeddable":true,"href":"https:\/\/maatecalidadambiental.ambiente.gob.ec\/index.php\/wp-json\/wp\/v2\/users\/2"}],"replies":[{"embeddable":true,"href":"https:\/\/maatecalidadambiental.ambiente.gob.ec\/index.php\/wp-json\/wp\/v2\/comments?post=2974"}],"version-history":[{"count":1,"href":"https:\/\/maatecalidadambiental.ambiente.gob.ec\/index.php\/wp-json\/wp\/v2\/posts\/2974\/revisions"}],"predecessor-version":[{"id":3076,"href":"https:\/\/maatecalidadambiental.ambiente.gob.ec\/index.php\/wp-json\/wp\/v2\/posts\/2974\/revisions\/3076"}],"wp:attachment":[{"href":"https:\/\/maatecalidadambiental.ambiente.gob.ec\/index.php\/wp-json\/wp\/v2\/media?parent=2974"}],"wp:term":[{"taxonomy":"category","embeddable":true,"href":"https:\/\/maatecalidadambiental.ambiente.gob.ec\/index.php\/wp-json\/wp\/v2\/categories?post=2974"},{"taxonomy":"post_tag","embeddable":true,"href":"https:\/\/maatecalidadambiental.ambiente.gob.ec\/index.php\/wp-json\/wp\/v2\/tags?post=2974"}],"curies":[{"name":"wp","href":"https:\/\/api.w.org\/{rel}","templated":true}]}}