{"id":588,"date":"2024-04-02T09:06:24","date_gmt":"2024-04-02T14:06:24","guid":{"rendered":"https:\/\/maatecalidadambiental.ambiente.gob.ec\/?p=588"},"modified":"2024-04-02T09:12:25","modified_gmt":"2024-04-02T14:12:25","slug":"estudio-de-impacto-ambiental-ex-ante-y-plan-de-manejo-ambiental-para-la-fase-de-exploracion-y-explotacion-de-minerales-metalicos-bajo-el-regimen-de-pequena-mineria-de-la-concesion-minera-el-fenix","status":"publish","type":"post","link":"https:\/\/maatecalidadambiental.ambiente.gob.ec\/index.php\/2024\/04\/02\/estudio-de-impacto-ambiental-ex-ante-y-plan-de-manejo-ambiental-para-la-fase-de-exploracion-y-explotacion-de-minerales-metalicos-bajo-el-regimen-de-pequena-mineria-de-la-concesion-minera-el-fenix\/","title":{"rendered":"Estudio de Impacto Ambiental Ex-Ante y Plan de Manejo Ambiental para la fase de exploraci\u00f3n y explotaci\u00f3n de minerales met\u00e1licos, bajo el r\u00e9gimen de peque\u00f1a miner\u00eda de la concesi\u00f3n minera \u00abEl F\u00e9nix\u00bb C\u00f3digo 10000525"},"content":{"rendered":"<p>ESTUDIO DE IMPACTO AMBIENTAL:\u00a0<a href=\"https:\/\/maatecalidadambiental.ambiente.gob.ec\/wp-content\/uploads\/2024\/04\/El-Fenix-16.12.2022.pdf\">El Fenix 16.12.2022<\/a><\/p>\n<p>ANEXOS:<\/p>\n<ul>\n<li><a href=\"https:\/\/maatecalidadambiental.ambiente.gob.ec\/wp-content\/uploads\/2024\/04\/Anexo-9.1-Resultados-muestreo-ruido.pdf\">Anexo 9.1 Resultados muestreo ruido<\/a><\/li>\n<li><a href=\"https:\/\/maatecalidadambiental.ambiente.gob.ec\/wp-content\/uploads\/2024\/04\/Anexo-9.2-Resultados-muestreo-de-agua.pdf\">Anexo 9.2 Resultados muestreo de agua<\/a><\/li>\n<li><a href=\"https:\/\/maatecalidadambiental.ambiente.gob.ec\/wp-content\/uploads\/2024\/04\/Anexo-9.3.1-Resultados-de-analisis-fisico-quimico-Suelo.pdf\">Anexo 9.3.1 Resultados de an\u00e1lisis f\u00edsico-qu\u00edmico Suelo<\/a><\/li>\n<li><a href=\"https:\/\/maatecalidadambiental.ambiente.gob.ec\/wp-content\/uploads\/2024\/04\/Anexo-9.3.2-Resultados-propiedades-mecanicas-suelo.pdf\">Anexo 9.3.2 Resultados propiedades mec\u00e1nicas suelo<\/a><\/li>\n<li><a href=\"https:\/\/maatecalidadambiental.ambiente.gob.ec\/wp-content\/uploads\/2024\/04\/Anexo-9.4-Resultados-muestreo-aire.pdf\">Anexo 9.4 Resultados muestreo aire<\/a><\/li>\n<li><a href=\"https:\/\/maatecalidadambiental.ambiente.gob.ec\/wp-content\/uploads\/2024\/04\/NARANJILLS.pdf\">Anexo Encuetas Sociales:<\/a> <a href=\"https:\/\/maatecalidadambiental.ambiente.gob.ec\/wp-content\/uploads\/2024\/04\/NARANJILLS.pdf\">NARANJILLS<\/a><\/li>\n<\/ul>\n<p>MAPAS:<\/p>\n<ul>\n<li><a href=\"https:\/\/maatecalidadambiental.ambiente.gob.ec\/wp-content\/uploads\/2024\/04\/22a_EFNX_Area_influencia_directa_fisico_agua_A2_V1.pdf\">22a_EFNX_Area_influencia_directa_f\u00edsico_agua_A2_V1<\/a><\/li>\n<li><a href=\"https:\/\/maatecalidadambiental.ambiente.gob.ec\/wp-content\/uploads\/2024\/04\/22b_EFNX_Area_influencia_directa_fisico_aire_A2_V1.pdf\">22b_EFNX_Area_influencia_directa_f\u00edsico_aire_A2_V1<\/a><\/li>\n<li><a href=\"https:\/\/maatecalidadambiental.ambiente.gob.ec\/wp-content\/uploads\/2024\/04\/22c_EFNX_Area_influencia_directa_fisico_ruido_A2_V1.pdf\">22c_EFNX_Area_influencia_directa_f\u00edsico_ruido_A2_V1<\/a><\/li>\n<li><a href=\"https:\/\/maatecalidadambiental.ambiente.gob.ec\/wp-content\/uploads\/2024\/04\/22d_EFNX_Area_influencia_directa_fisico_suelo_A2_V1.pdf\">22d_EFNX_Area_influencia_directa_f\u00edsico_suelo_A2_V1<\/a><\/li>\n<li><a href=\"https:\/\/maatecalidadambiental.ambiente.gob.ec\/wp-content\/uploads\/2024\/04\/23_EFNX_Area_influencia_directa_fisico_total_A2_V1.pdf\">23_EFNX_Area_influencia_directa_f\u00edsico_total_A2_V1<\/a><\/li>\n<li><a href=\"https:\/\/maatecalidadambiental.ambiente.gob.ec\/wp-content\/uploads\/2024\/04\/24a_EFNX_Area_de_influencia_directa_Biotico_Flora_A2_V1.pdf\">24a_EFNX_Area_de_influencia_directa_Biotico_Flora_A2_V1<\/a><\/li>\n<li><a href=\"https:\/\/maatecalidadambiental.ambiente.gob.ec\/wp-content\/uploads\/2024\/04\/24b_EFNX_Area_de_influencia_directa_Biotico_mastofauna_A2_V1.pdf\">24b_EFNX_Area_de_influencia_directa_Biotico_mastofauna_A2_V1<\/a><\/li>\n<li><a href=\"https:\/\/maatecalidadambiental.ambiente.gob.ec\/wp-content\/uploads\/2024\/04\/24c_EFNX_Area_de_influencia_directa_Biotico_ornitofauna_A2_V1.pdf\">24c_EFNX_Area_de_influencia_directa_Biotico_ornitofauna_A2_V1<\/a><\/li>\n<li><a href=\"https:\/\/maatecalidadambiental.ambiente.gob.ec\/wp-content\/uploads\/2024\/04\/24d_EFNX_Area_de_influencia_directa_Biotico_herpetofauna_A2_V1.pdf\">24d_EFNX_Area_de_influencia_directa_Biotico_herpetofauna_A2_V1<\/a><\/li>\n<li><a href=\"https:\/\/maatecalidadambiental.ambiente.gob.ec\/wp-content\/uploads\/2024\/04\/24e_EFNX_Area_de_influencia_directa_Biotico_entomofauna__A2_V1.pdf\">24e_EFNX_Area_de_influencia_directa_Biotico_entomofauna__A2_V1<\/a><\/li>\n<li><a href=\"https:\/\/maatecalidadambiental.ambiente.gob.ec\/wp-content\/uploads\/2024\/04\/24f_EFNX_Area_de_influencia_directa_Biotico_macrofauna_A2_V1.pdf\">24f_EFNX_Area_de_influencia_directa_Biotico_macrofauna_A2_V1<\/a><\/li>\n<li><a href=\"https:\/\/maatecalidadambiental.ambiente.gob.ec\/wp-content\/uploads\/2024\/04\/24g_EFNX_Area_de_influencia_directa_Biotico_ictiofauna_A2_V1.pdf\">24g_EFNX_Area_de_influencia_directa_Biotico_ictiofauna_A2_V1<\/a><\/li>\n<li><a href=\"https:\/\/maatecalidadambiental.ambiente.gob.ec\/wp-content\/uploads\/2024\/04\/25_EFNX_Area_de_influencia_directa_Biotico_Total_A2_V1.pdf\">25_EFNX_Area_de_influencia_directa_Biotico_Total_A2_V1<\/a><\/li>\n<li><a href=\"https:\/\/maatecalidadambiental.ambiente.gob.ec\/wp-content\/uploads\/2024\/04\/26_EFNX_Areas_de_Influencia_directa_social_A2_V1.pdf\">26_EFNX_Areas_de_Influencia_directa_social_A2_V1<\/a><\/li>\n<li><a href=\"https:\/\/maatecalidadambiental.ambiente.gob.ec\/wp-content\/uploads\/2024\/04\/27a_EFNX_Area_influencia_indirecta_fisico_agua_A2_V1.pdf\">27a_EFNX_Area_influencia_indirecta_f\u00edsico_agua_A2_V1<\/a><\/li>\n<li><a href=\"https:\/\/maatecalidadambiental.ambiente.gob.ec\/wp-content\/uploads\/2024\/04\/27b_EFNX_Area_influencia_indirecta_fisico_aire_A2_V1.pdf\">27b_EFNX_Area_influencia_indirecta_f\u00edsico_aire_A2_V1<\/a><\/li>\n<li><a href=\"https:\/\/maatecalidadambiental.ambiente.gob.ec\/wp-content\/uploads\/2024\/04\/27c_EFNX_Area_influencia_indirecta_fisico_ruido_A2_V1.pdf\">27c_EFNX_Area_influencia_indirecta_f\u00edsico_ruido_A2_V1<\/a><\/li>\n<li><a href=\"https:\/\/maatecalidadambiental.ambiente.gob.ec\/wp-content\/uploads\/2024\/04\/27d_EFNX_Area_influencia_indirecta_fisico_suelo_A2_V1.pdf\">27d_EFNX_Area_influencia_indirecta_f\u00edsico_suelo_A2_V1<\/a><\/li>\n<li><a href=\"https:\/\/maatecalidadambiental.ambiente.gob.ec\/wp-content\/uploads\/2024\/04\/28_EFNX_Area_influencia_indirecta_fisico_total_A2_V1.pdf\">28_EFNX_Area_influencia_indirecta_f\u00edsico_total_A2_V1<\/a><\/li>\n<li><a href=\"https:\/\/maatecalidadambiental.ambiente.gob.ec\/wp-content\/uploads\/2024\/04\/29a_EFNX_Area_de_influencia_indirecta_Biotico_flora_A2_V1.pdf\">29a_EFNX_Area_de_influencia_indirecta_Biotico_flora_A2_V1<\/a><\/li>\n<li><a href=\"https:\/\/maatecalidadambiental.ambiente.gob.ec\/wp-content\/uploads\/2024\/04\/29b_EFNX_Area_de_influencia_indirecta_Biotico_mastofauna_A2_V1.pdf\">29b_EFNX_Area_de_influencia_indirecta_Biotico_mastofauna_A2_V1<\/a><\/li>\n<li><a href=\"https:\/\/maatecalidadambiental.ambiente.gob.ec\/wp-content\/uploads\/2024\/04\/29c_EFNX_Area_de_influencia_indirecta_Biotico_ornitofauna_A2_V1.pdf\">29c_EFNX_Area_de_influencia_indirecta_Biotico_ornitofauna_A2_V1<\/a><\/li>\n<li><a href=\"https:\/\/maatecalidadambiental.ambiente.gob.ec\/wp-content\/uploads\/2024\/04\/29d_EFNX_Area_de_influencia_indirecta_Biotico_herpetofauna_A2_V1.pdf\">29d_EFNX_Area_de_influencia_indirecta_Biotico_herpetofauna_A2_V1<\/a><\/li>\n<li><a href=\"https:\/\/maatecalidadambiental.ambiente.gob.ec\/wp-content\/uploads\/2024\/04\/29e_EFNX_Area_de_influencia_indirecta_Biotico_entomofauna_A2_V1.pdf\">29e_EFNX_Area_de_influencia_indirecta_Biotico_entomofauna_A2_V1<\/a><\/li>\n<li><a href=\"https:\/\/maatecalidadambiental.ambiente.gob.ec\/wp-content\/uploads\/2024\/04\/29f_EFNX_Area_de_influencia_indirecta_Biotico_macrofauna_A2_V1.pdf\">29f_EFNX_Area_de_influencia_indirecta_Biotico_macrofauna_A2_V1<\/a><\/li>\n<li><a href=\"https:\/\/maatecalidadambiental.ambiente.gob.ec\/wp-content\/uploads\/2024\/04\/29g_EFNX_Area_de_influencia_indirecta_Biotico_ictiofauna_A2_V1.pdf\">29g_EFNX_Area_de_influencia_indirecta_Biotico_ictiofauna_A2_V1<\/a><\/li>\n<li><a href=\"https:\/\/maatecalidadambiental.ambiente.gob.ec\/wp-content\/uploads\/2024\/04\/30_EFNX_Areas_de_Influencia_indirecta_Biotico_Total_A2_V1.pdf\">30_EFNX_Areas_de_Influencia_indirecta_Biotico_Total_A2_V1<\/a><\/li>\n<li><a href=\"https:\/\/maatecalidadambiental.ambiente.gob.ec\/wp-content\/uploads\/2024\/04\/31_EFNX_Areas_de_Influencia_indirecta_social_A2_V1.pdf\">31_EFNX_Areas_de_Influencia_indirecta_social_A2_V1<\/a><\/li>\n<li><a href=\"https:\/\/maatecalidadambiental.ambiente.gob.ec\/wp-content\/uploads\/2024\/04\/32_EFNX_Areas_de_sensibilidad_Fisico_A2_V1.pdf\">32_EFNX_Areas_de_sensibilidad_Fisico_A2_V1<\/a><\/li>\n<li><a href=\"https:\/\/maatecalidadambiental.ambiente.gob.ec\/wp-content\/uploads\/2024\/04\/33_EFNX_Areas_de_sensibilidad_medio_Biotico_A2_V1.pdf\">33_EFNX_Areas_de_sensibilidad_medio_Bi\u00f3tico_A2_V1<\/a><\/li>\n<li><a href=\"https:\/\/maatecalidadambiental.ambiente.gob.ec\/wp-content\/uploads\/2024\/04\/34_EFNX_Areas_de_sensibilidad_social_A2_V1.pdf\">34_EFNX_Areas_de_sensibilidad_social_A2_V1<\/a><\/li>\n<\/ul>\n","protected":false},"excerpt":{"rendered":"<p>ESTUDIO DE IMPACTO AMBIENTAL:\u00a0El Fenix 16.12.2022 ANEXOS: Anexo 9.1 Resultados muestreo ruido Anexo 9.2 Resultados muestreo de agua Anexo 9.3.1 Resultados de an\u00e1lisis f\u00edsico-qu\u00edmico Suelo Anexo 9.3.2 Resultados propiedades mec\u00e1nicas suelo Anexo 9.4 Resultados muestreo aire Anexo Encuetas Sociales: NARANJILLS MAPAS: 22a_EFNX_Area_influencia_directa_f\u00edsico_agua_A2_V1 22b_EFNX_Area_influencia_directa_f\u00edsico_aire_A2_V1 22c_EFNX_Area_influencia_directa_f\u00edsico_ruido_A2_V1 22d_EFNX_Area_influencia_directa_f\u00edsico_suelo_A2_V1 23_EFNX_Area_influencia_directa_f\u00edsico_total_A2_V1 24a_EFNX_Area_de_influencia_directa_Biotico_Flora_A2_V1 24b_EFNX_Area_de_influencia_directa_Biotico_mastofauna_A2_V1 24c_EFNX_Area_de_influencia_directa_Biotico_ornitofauna_A2_V1 24d_EFNX_Area_de_influencia_directa_Biotico_herpetofauna_A2_V1 24e_EFNX_Area_de_influencia_directa_Biotico_entomofauna__A2_V1 24f_EFNX_Area_de_influencia_directa_Biotico_macrofauna_A2_V1 24g_EFNX_Area_de_influencia_directa_Biotico_ictiofauna_A2_V1 25_EFNX_Area_de_influencia_directa_Biotico_Total_A2_V1 26_EFNX_Areas_de_Influencia_directa_social_A2_V1 [&hellip;]<\/p>\n","protected":false},"author":3,"featured_media":0,"comment_status":"open","ping_status":"open","sticky":false,"template":"","format":"standard","meta":{"footnotes":""},"categories":[1,10,6],"tags":[],"class_list":["post-588","post","type-post","status-publish","format-standard","hentry","category-sin-categoria","category-metalica","category-mineria"],"_links":{"self":[{"href":"https:\/\/maatecalidadambiental.ambiente.gob.ec\/index.php\/wp-json\/wp\/v2\/posts\/588","targetHints":{"allow":["GET"]}}],"collection":[{"href":"https:\/\/maatecalidadambiental.ambiente.gob.ec\/index.php\/wp-json\/wp\/v2\/posts"}],"about":[{"href":"https:\/\/maatecalidadambiental.ambiente.gob.ec\/index.php\/wp-json\/wp\/v2\/types\/post"}],"author":[{"embeddable":true,"href":"https:\/\/maatecalidadambiental.ambiente.gob.ec\/index.php\/wp-json\/wp\/v2\/users\/3"}],"replies":[{"embeddable":true,"href":"https:\/\/maatecalidadambiental.ambiente.gob.ec\/index.php\/wp-json\/wp\/v2\/comments?post=588"}],"version-history":[{"count":4,"href":"https:\/\/maatecalidadambiental.ambiente.gob.ec\/index.php\/wp-json\/wp\/v2\/posts\/588\/revisions"}],"predecessor-version":[{"id":631,"href":"https:\/\/maatecalidadambiental.ambiente.gob.ec\/index.php\/wp-json\/wp\/v2\/posts\/588\/revisions\/631"}],"wp:attachment":[{"href":"https:\/\/maatecalidadambiental.ambiente.gob.ec\/index.php\/wp-json\/wp\/v2\/media?parent=588"}],"wp:term":[{"taxonomy":"category","embeddable":true,"href":"https:\/\/maatecalidadambiental.ambiente.gob.ec\/index.php\/wp-json\/wp\/v2\/categories?post=588"},{"taxonomy":"post_tag","embeddable":true,"href":"https:\/\/maatecalidadambiental.ambiente.gob.ec\/index.php\/wp-json\/wp\/v2\/tags?post=588"}],"curies":[{"name":"wp","href":"https:\/\/api.w.org\/{rel}","templated":true}]}}