{"id":712,"date":"2024-04-18T15:19:36","date_gmt":"2024-04-18T20:19:36","guid":{"rendered":"https:\/\/maatecalidadambiental.ambiente.gob.ec\/?p=712"},"modified":"2024-04-18T15:20:42","modified_gmt":"2024-04-18T20:20:42","slug":"estudio-de-impacto-ambiental-para-la-fase-de-explotacion-de-minerales-no-metalicos-bajo-el-regimen-de-pequena-mineria-de-las-concesiones-mineras-la-condora-cod-61-condora-ii-cod-700966-y-c","status":"publish","type":"post","link":"https:\/\/maatecalidadambiental.ambiente.gob.ec\/index.php\/2024\/04\/18\/estudio-de-impacto-ambiental-para-la-fase-de-explotacion-de-minerales-no-metalicos-bajo-el-regimen-de-pequena-mineria-de-las-concesiones-mineras-la-condora-cod-61-condora-ii-cod-700966-y-c\/","title":{"rendered":"ESTUDIO DE IMPACTO AMBIENTAL  PARA LA FASE DE EXPLOTACI\u00d3N DE  MINERALES NO MET\u00c1LICOS BAJO EL R\u00c9GIMEN  DE PEQUE\u00d1A MINER\u00cdA DE LAS CONCESIONES  MINERAS LA C\u00d3NDORA (C\u00d3D. 61), C\u00d3NDORA II  (C\u00d3D. 700966) Y C\u00d3NDORA III (C\u00d3D. 70000276) Y  PLANTA DE PROCESAMIENTO INDAMI"},"content":{"rendered":"<p>ESTUDIO DE IMPACTO AMBIENTAL<\/p>\n<p><a href=\"https:\/\/maatecalidadambiental.ambiente.gob.ec\/wp-content\/uploads\/2024\/04\/EsIA-La-Condora-CondoraII-Condora-III-e-INDAMI.pdf\">EsIA La Co\u0301ndora, Co\u0301ndoraII, Co\u0301ndora III e INDAMI<\/a><\/p>\n<p>RESULTADOS DE MONITOREO<\/p>\n<p><a href=\"https:\/\/maatecalidadambiental.ambiente.gob.ec\/wp-content\/uploads\/2024\/04\/N\u00b0-9-Monitoreo-ruido-ambiental-Sep-2022.pdf\">N\u00b0 9 Monitoreo ruido ambiental Sep 2022<\/a><\/p>\n<p><a href=\"https:\/\/maatecalidadambiental.ambiente.gob.ec\/wp-content\/uploads\/2024\/04\/N\u00b0-11-Monitoreo-MP-ambiente.pdf\">N\u00b0 11 Monitoreo MP ambiente<\/a><\/p>\n<p><a href=\"https:\/\/maatecalidadambiental.ambiente.gob.ec\/wp-content\/uploads\/2024\/04\/N\u00b0-13-Informe-de-monitoreo-de-suelo.pdf\">N\u00b0 13 Informe de monitoreo de suelo<\/a><\/p>\n<p><a href=\"https:\/\/maatecalidadambiental.ambiente.gob.ec\/wp-content\/uploads\/2024\/04\/N\u00b0-30-Monitoreo-ruido-ambiente-Marzo-2023.pdf\">N\u00b0 30 Monitoreo ruido ambiente Marzo 2023<\/a><\/p>\n<p><a href=\"https:\/\/maatecalidadambiental.ambiente.gob.ec\/wp-content\/uploads\/2024\/04\/N\u00b0-12-Monitoreo-MP-laboral.pdf\">N\u00b0 12 Monitoreo MP laboral<\/a><\/p>\n<p><a href=\"https:\/\/maatecalidadambiental.ambiente.gob.ec\/wp-content\/uploads\/2024\/04\/N\u00b0-10-Monitoreo-ruido-laboral-Sep-2022.pdf\">N\u00b0 10 Monitoreo ruido laboral Sep 2022<\/a><\/p>\n<p>MAPAS<\/p>\n<p><a href=\"https:\/\/maatecalidadambiental.ambiente.gob.ec\/wp-content\/uploads\/2024\/04\/MAPA-N\u00b01.-MAPA-BASE.pdf\">MAPA N\u00b01. MAPA BASE<\/a><\/p>\n<p><a href=\"https:\/\/maatecalidadambiental.ambiente.gob.ec\/wp-content\/uploads\/2024\/04\/MAPA-N\u00b02.-IMPLANTACION-DEL-PROYECTO.pdf\">MAPA N\u00b02. IMPLANTACI\u00d3N DEL PROYECTO<\/a><\/p>\n<p><a href=\"https:\/\/maatecalidadambiental.ambiente.gob.ec\/wp-content\/uploads\/2024\/04\/MAPA-N\u00b03.-UBICACION-POLITICA-ADMINISTRATIVA.pdf\">MAPA N\u00b03. UBICACI\u00d3N POL\u00cdTICA ADMINISTRATIVA<\/a><\/p>\n<p><a href=\"https:\/\/maatecalidadambiental.ambiente.gob.ec\/wp-content\/uploads\/2024\/04\/MAPA-N\u00b04.-PATRIMONIO-NACIONAL-DE-AREAS-NATURALES.pdf\">MAPA N\u00b04. PATRIMONIO NACIONAL DE \u00c1REAS NATURALES<\/a><\/p>\n<p><a href=\"https:\/\/maatecalidadambiental.ambiente.gob.ec\/wp-content\/uploads\/2024\/04\/MAPA-N\u00b011.-MUESTREO-DE-CALIDAD-DE-SUELO.pdf\">MAPA N\u00b011. MUESTREO DE CALIDAD DE SUELO<\/a><\/p>\n<p><a href=\"https:\/\/maatecalidadambiental.ambiente.gob.ec\/wp-content\/uploads\/2024\/04\/MAPA-N\u00b012.-MUESTREO-MATERIAL-PARTICULADO-Y-RUIDO.pdf\">MAPA N\u00b012. MUESTREO MATERIAL PARTICULADO Y RUIDO<\/a><\/p>\n<p><a href=\"https:\/\/maatecalidadambiental.ambiente.gob.ec\/wp-content\/uploads\/2024\/04\/MAPA-N\u00b017.-HIDROGEOLOGICO.pdf\">MAPA N\u00b017. HIDROGEOL\u00d3GICO<\/a><\/p>\n<p><a href=\"https:\/\/maatecalidadambiental.ambiente.gob.ec\/wp-content\/uploads\/2024\/04\/MAPA-N\u00b018.-CUENCAS-HIDROGRAFICAS.pdf\">MAPA N\u00b018. CUENCAS HIDROGR\u00c1FICAS<\/a><\/p>\n<p><a href=\"https:\/\/maatecalidadambiental.ambiente.gob.ec\/wp-content\/uploads\/2024\/04\/MAPA-N\u00b019.-ECOSISTEMAS.pdf\">MAPA N\u00b019. ECOSISTEMAS<\/a><\/p>\n<p><a href=\"https:\/\/maatecalidadambiental.ambiente.gob.ec\/wp-content\/uploads\/2024\/04\/MAPA-N\u00b020.-MUESTREO-DE-FLORA.pdf\">MAPA N\u00b020. MUESTREO DE FLORA<\/a><\/p>\n<p><a href=\"https:\/\/maatecalidadambiental.ambiente.gob.ec\/wp-content\/uploads\/2024\/04\/MAPA-N\u00b021.-MUESTREO-DE-ORNITOFAUNA.pdf\">MAPA N\u00b021. MUESTREO DE ORNITOFAUNA<\/a><\/p>\n<p><a href=\"https:\/\/maatecalidadambiental.ambiente.gob.ec\/wp-content\/uploads\/2024\/04\/MAPA-N\u00b022.-MUESTREO-DE-MASTOFAUNA.pdf\">MAPA N\u00b022. MUESTREO DE MASTOFAUNA<\/a><\/p>\n<p><a href=\"https:\/\/maatecalidadambiental.ambiente.gob.ec\/wp-content\/uploads\/2024\/04\/MAPA-N\u00b023.-MUESTREO-DE-HERPETOFAUNA.pdf\">MAPA N\u00b023. MUESTREO DE HERPETOFAUNA<\/a><\/p>\n<p><a href=\"https:\/\/maatecalidadambiental.ambiente.gob.ec\/wp-content\/uploads\/2024\/04\/MAPA-N\u00b024.-MUESTREO-DE-ENTOMOFAUNA.pdf\">MAPA N\u00b024. MUESTREO DE ENTOMOFAUNA<\/a><\/p>\n<p><a href=\"https:\/\/maatecalidadambiental.ambiente.gob.ec\/wp-content\/uploads\/2024\/04\/MAPA-N\u00b025.-COBERTURA-Y-USO-DE-SUELO.pdf\">MAPA N\u00b025. COBERTURA Y USO DE SUELO<\/a><\/p>\n<p><a href=\"https:\/\/maatecalidadambiental.ambiente.gob.ec\/wp-content\/uploads\/2024\/04\/MAPA-N\u00b026.-COMUNIDADES.pdf\">MAPA N\u00b026. COMUNIDADES<\/a><\/p>\n<p><a href=\"https:\/\/maatecalidadambiental.ambiente.gob.ec\/wp-content\/uploads\/2024\/04\/MAPA-N\u00b027.-PREDIOS.pdf\">MAPA N\u00b027. PREDIOS<\/a><\/p>\n<p><a href=\"https:\/\/maatecalidadambiental.ambiente.gob.ec\/wp-content\/uploads\/2024\/04\/MAPA-N\u00b028.-INFRAESTRUCTURA-SOCIAL.pdf\">MAPA N\u00b028. INFRAESTRUCTURA SOCIAL<\/a><\/p>\n<p><a href=\"https:\/\/maatecalidadambiental.ambiente.gob.ec\/wp-content\/uploads\/2024\/04\/MAPA-N\u00b029.-IMPLANTACION-Y-UBICACION-DE-INSTALACIONES.pdf\">MAPA N\u00b029. IMPLANTACI\u00d3N Y UBICACI\u00d3N DE INSTALACIONES<\/a><\/p>\n<p><a href=\"https:\/\/maatecalidadambiental.ambiente.gob.ec\/wp-content\/uploads\/2024\/04\/MAPA-N\u00b030.-AREAS-OPERATIVAS-DE-EXPLOTACION.pdf\">MAPA N\u00b030. \u00c1REAS OPERATIVAS DE EXPLOTACI\u00d3N<\/a><\/p>\n<p><a href=\"https:\/\/maatecalidadambiental.ambiente.gob.ec\/wp-content\/uploads\/2024\/04\/MAPA-N\u00b031.-AREA-DE-INFLUENCIA-DIRECTA-MEDIO-FISICO.pdf\">MAPA N\u00b031. AREA DE INFLUENCIA DIRECTA MEDIO F\u00cdSICO<\/a><\/p>\n<p><a href=\"https:\/\/maatecalidadambiental.ambiente.gob.ec\/wp-content\/uploads\/2024\/04\/MAPA-N\u00b032.-AREA-DE-INFLUENCIA-DIRECTA-MEDIO-BIOTICO.pdf\">MAPA N\u00b032. \u00c1REA DE INFLUENCIA DIRECTA MEDIO BI\u00d3TICO<\/a><\/p>\n<p><a href=\"https:\/\/maatecalidadambiental.ambiente.gob.ec\/wp-content\/uploads\/2024\/04\/MAPA-N\u00b033.-AREA-DE-INFLUENCIA-DIRECTA-MEDIO-SOCIAL.pdf\">MAPA N\u00b033. \u00c1REA DE INFLUENCIA DIRECTA MEDIO SOCIAL<\/a><\/p>\n<p><a href=\"https:\/\/maatecalidadambiental.ambiente.gob.ec\/wp-content\/uploads\/2024\/04\/MAPA-N\u00b034.-AREA-DE-INFLUENCIA-INDIRECTA-MEDIO-FISICO.pdf\">MAPA N\u00b034. \u00c1REA DE INFLUENCIA INDIRECTA MEDIO F\u00cdSICO<\/a><\/p>\n<p><a href=\"https:\/\/maatecalidadambiental.ambiente.gob.ec\/wp-content\/uploads\/2024\/04\/MAPA-N\u00b035.-AREA-DE-INFLUENCIA-INDIRECTA-MEDIO-BIOTICO.pdf\">MAPA N\u00b035. \u00c1REA DE INFLUENCIA INDIRECTA MEDIO BI\u00d3TICO<\/a><\/p>\n<p><a href=\"https:\/\/maatecalidadambiental.ambiente.gob.ec\/wp-content\/uploads\/2024\/04\/MAPA-N\u00b036.-AREA-DE-INFLUENCIA-INDIRECTA-MEDIO-SOCIAL.pdf\">MAPA N\u00b036. \u00c1REA DE INFLUENCIA INDIRECTA MEDIO SOCIAL<\/a><\/p>\n<p><a href=\"https:\/\/maatecalidadambiental.ambiente.gob.ec\/wp-content\/uploads\/2024\/04\/MAPA-N\u00b037.-SENSIBILIDAD-FISICA.pdf\">MAPA N\u00b037. SENSIBILIDAD F\u00cdSICA<\/a><\/p>\n<p><a href=\"https:\/\/maatecalidadambiental.ambiente.gob.ec\/wp-content\/uploads\/2024\/04\/MAPA-N\u00b039.-SENSIBILIDAD-SOCIAL.pdf\">MAPA N\u00b039. SENSIBILIDAD SOCIAL<\/a><\/p>\n<p><a href=\"https:\/\/maatecalidadambiental.ambiente.gob.ec\/wp-content\/uploads\/2024\/04\/MAPA-N\u00b040.-RIESGOS-EXOGENOS-INUNDACION.pdf\">MAPA N\u00b040. RIESGOS EX\u00d3GENOS INUNDACI\u00d3N<\/a><\/p>\n<p><a href=\"https:\/\/maatecalidadambiental.ambiente.gob.ec\/wp-content\/uploads\/2024\/04\/MAPA-N\u00b041.-RIESGOS-EXOGENOS-MOVIMIENTOS-EN-MASA.pdf\">MAPA N\u00b041. RIESGOS EX\u00d3GENOS MOVIMIENTOS EN MASA<\/a><\/p>\n<p><a href=\"https:\/\/maatecalidadambiental.ambiente.gob.ec\/wp-content\/uploads\/2024\/04\/MAPA-N\u00b042.-RIESGOS-EXOGENOS-TSUNAMI.pdf\">MAPA N\u00b042. RIESGOS EX\u00d3GENOS TSUNAMI<\/a><\/p>\n<p><a href=\"https:\/\/maatecalidadambiental.ambiente.gob.ec\/wp-content\/uploads\/2024\/04\/MAPA-N\u00b043.-RIESGOS-EXOGENOS-VOLCANICO.pdf\">MAPA N\u00b043. RIESGOS EX\u00d3GENOS VOLC\u00c1NICO<\/a><\/p>\n<p><a href=\"https:\/\/maatecalidadambiental.ambiente.gob.ec\/wp-content\/uploads\/2024\/04\/MAPA-N\u00b044.-IMAGEN-SATELITAL.pdf\">MAPA N\u00b044. IMAGEN SATELITAL<\/a><\/p>\n","protected":false},"excerpt":{"rendered":"<p>ESTUDIO DE IMPACTO AMBIENTAL EsIA La Co\u0301ndora, Co\u0301ndoraII, Co\u0301ndora III e INDAMI RESULTADOS DE MONITOREO N\u00b0 9 Monitoreo ruido ambiental Sep 2022 N\u00b0 11 Monitoreo MP ambiente N\u00b0 13 Informe de monitoreo de suelo N\u00b0 30 Monitoreo ruido ambiente Marzo 2023 N\u00b0 12 Monitoreo MP laboral N\u00b0 10 Monitoreo ruido laboral Sep 2022 MAPAS MAPA [&hellip;]<\/p>\n","protected":false},"author":3,"featured_media":0,"comment_status":"open","ping_status":"open","sticky":false,"template":"","format":"standard","meta":{"footnotes":""},"categories":[6,11,12],"tags":[],"class_list":["post-712","post","type-post","status-publish","format-standard","hentry","category-mineria","category-no-metalica","category-regularizacion"],"_links":{"self":[{"href":"https:\/\/maatecalidadambiental.ambiente.gob.ec\/index.php\/wp-json\/wp\/v2\/posts\/712","targetHints":{"allow":["GET"]}}],"collection":[{"href":"https:\/\/maatecalidadambiental.ambiente.gob.ec\/index.php\/wp-json\/wp\/v2\/posts"}],"about":[{"href":"https:\/\/maatecalidadambiental.ambiente.gob.ec\/index.php\/wp-json\/wp\/v2\/types\/post"}],"author":[{"embeddable":true,"href":"https:\/\/maatecalidadambiental.ambiente.gob.ec\/index.php\/wp-json\/wp\/v2\/users\/3"}],"replies":[{"embeddable":true,"href":"https:\/\/maatecalidadambiental.ambiente.gob.ec\/index.php\/wp-json\/wp\/v2\/comments?post=712"}],"version-history":[{"count":3,"href":"https:\/\/maatecalidadambiental.ambiente.gob.ec\/index.php\/wp-json\/wp\/v2\/posts\/712\/revisions"}],"predecessor-version":[{"id":755,"href":"https:\/\/maatecalidadambiental.ambiente.gob.ec\/index.php\/wp-json\/wp\/v2\/posts\/712\/revisions\/755"}],"wp:attachment":[{"href":"https:\/\/maatecalidadambiental.ambiente.gob.ec\/index.php\/wp-json\/wp\/v2\/media?parent=712"}],"wp:term":[{"taxonomy":"category","embeddable":true,"href":"https:\/\/maatecalidadambiental.ambiente.gob.ec\/index.php\/wp-json\/wp\/v2\/categories?post=712"},{"taxonomy":"post_tag","embeddable":true,"href":"https:\/\/maatecalidadambiental.ambiente.gob.ec\/index.php\/wp-json\/wp\/v2\/tags?post=712"}],"curies":[{"name":"wp","href":"https:\/\/api.w.org\/{rel}","templated":true}]}}