{"id":759,"date":"2024-06-07T09:37:31","date_gmt":"2024-06-07T14:37:31","guid":{"rendered":"https:\/\/maatecalidadambiental.ambiente.gob.ec\/?p=759"},"modified":"2024-06-07T10:26:37","modified_gmt":"2024-06-07T15:26:37","slug":"diagnostico-ambiental-para-las-fases-de-exploracion-explotacion-y-beneficio-simultaneas-de-minerales-metalicos-bajo-el-regimen-de-pequena-mineria-del-area-minera-colorado-v-codigo-3363-1","status":"publish","type":"post","link":"https:\/\/maatecalidadambiental.ambiente.gob.ec\/index.php\/2024\/06\/07\/diagnostico-ambiental-para-las-fases-de-exploracion-explotacion-y-beneficio-simultaneas-de-minerales-metalicos-bajo-el-regimen-de-pequena-mineria-del-area-minera-colorado-v-codigo-3363-1\/","title":{"rendered":"DIAGN\u00d3STICO AMBIENTAL PARA LAS FASES DE EXPLORACI\u00d3N, EXPLOTACI\u00d3N Y BENEFICIO SIMULT\u00c1NEAS DE MINERALES MET\u00c1LICOS BAJO EL R\u00c9GIMEN DE PEQUE\u00d1A MINER\u00cdA, DEL \u00c1REA MINERA COLORADO V (C\u00d3DIGO 3363.1)"},"content":{"rendered":"<p><a href=\"https:\/\/maatecalidadambiental.ambiente.gob.ec\/wp-content\/uploads\/2024\/06\/Diagnostico-Ambiental_Colorado-V.pdf\">Diagn\u00f3stico Ambiental_Colorado V<\/a><\/p>\n","protected":false},"excerpt":{"rendered":"<p>Diagn\u00f3stico Ambiental_Colorado V<\/p>\n","protected":false},"author":7,"featured_media":0,"comment_status":"open","ping_status":"open","sticky":false,"template":"","format":"standard","meta":{"footnotes":""},"categories":[1,10,6,12],"tags":[],"class_list":["post-759","post","type-post","status-publish","format-standard","hentry","category-sin-categoria","category-metalica","category-mineria","category-regularizacion"],"_links":{"self":[{"href":"https:\/\/maatecalidadambiental.ambiente.gob.ec\/index.php\/wp-json\/wp\/v2\/posts\/759","targetHints":{"allow":["GET"]}}],"collection":[{"href":"https:\/\/maatecalidadambiental.ambiente.gob.ec\/index.php\/wp-json\/wp\/v2\/posts"}],"about":[{"href":"https:\/\/maatecalidadambiental.ambiente.gob.ec\/index.php\/wp-json\/wp\/v2\/types\/post"}],"author":[{"embeddable":true,"href":"https:\/\/maatecalidadambiental.ambiente.gob.ec\/index.php\/wp-json\/wp\/v2\/users\/7"}],"replies":[{"embeddable":true,"href":"https:\/\/maatecalidadambiental.ambiente.gob.ec\/index.php\/wp-json\/wp\/v2\/comments?post=759"}],"version-history":[{"count":1,"href":"https:\/\/maatecalidadambiental.ambiente.gob.ec\/index.php\/wp-json\/wp\/v2\/posts\/759\/revisions"}],"predecessor-version":[{"id":761,"href":"https:\/\/maatecalidadambiental.ambiente.gob.ec\/index.php\/wp-json\/wp\/v2\/posts\/759\/revisions\/761"}],"wp:attachment":[{"href":"https:\/\/maatecalidadambiental.ambiente.gob.ec\/index.php\/wp-json\/wp\/v2\/media?parent=759"}],"wp:term":[{"taxonomy":"category","embeddable":true,"href":"https:\/\/maatecalidadambiental.ambiente.gob.ec\/index.php\/wp-json\/wp\/v2\/categories?post=759"},{"taxonomy":"post_tag","embeddable":true,"href":"https:\/\/maatecalidadambiental.ambiente.gob.ec\/index.php\/wp-json\/wp\/v2\/tags?post=759"}],"curies":[{"name":"wp","href":"https:\/\/api.w.org\/{rel}","templated":true}]}}