{"id":772,"date":"2024-07-23T14:29:14","date_gmt":"2024-07-23T19:29:14","guid":{"rendered":"https:\/\/maatecalidadambiental.ambiente.gob.ec\/?p=772"},"modified":"2024-07-23T14:29:14","modified_gmt":"2024-07-23T19:29:14","slug":"estudio-de-impacto-ambiental-para-la-fase-de-exploracion-avanzada-de-minerales-metalicos-bajo-el-regimen-de-gran-mineria-para-el-area-operativa-de-la-concesion-minera-panantza-codigo-102212","status":"publish","type":"post","link":"https:\/\/maatecalidadambiental.ambiente.gob.ec\/index.php\/2024\/07\/23\/estudio-de-impacto-ambiental-para-la-fase-de-exploracion-avanzada-de-minerales-metalicos-bajo-el-regimen-de-gran-mineria-para-el-area-operativa-de-la-concesion-minera-panantza-codigo-102212\/","title":{"rendered":"ESTUDIO DE IMPACTO AMBIENTAL PARA LA FASE DE EXPLORACI\u00d3N AVANZADA DE MINERALES MET\u00c1LICOS, BAJO EL R\u00c9GIMEN DE GRAN MINER\u00cdA PARA EL \u00c1REA OPERATIVA DE LA CONCESI\u00d3N MINERA PANANTZA (C\u00d3DIGO 102212)"},"content":{"rendered":"<p><a href=\"https:\/\/maatecalidadambiental.ambiente.gob.ec\/wp-content\/uploads\/2024\/07\/Capitulo-1.-Ficha-Tecnica.pdf\">Cap\u00edtulo 1. Ficha T\u00e9cnica<\/a> <a href=\"https:\/\/maatecalidadambiental.ambiente.gob.ec\/wp-content\/uploads\/2024\/07\/Capitulo-2.-Introduccion.pdf\">Cap\u00edtulo 2. Introducci\u00f3n<\/a> <a href=\"https:\/\/maatecalidadambiental.ambiente.gob.ec\/wp-content\/uploads\/2024\/07\/Capitulo-3.-Alcance.pdf\">Cap\u00edtulo 3. Alcance<\/a> <a href=\"https:\/\/maatecalidadambiental.ambiente.gob.ec\/wp-content\/uploads\/2024\/07\/Capitulo-4.-Marco-Legal-e-Institucional.pdf\">Cap\u00edtulo 4. Marco Legal e Institucional<\/a> <a href=\"https:\/\/maatecalidadambiental.ambiente.gob.ec\/wp-content\/uploads\/2024\/07\/Capitulo-5.-Descripcion-del-Proyecto-Panantza.pdf\">Cap\u00edtulo 5. Descripcion del Proyecto Panantza<\/a> <a href=\"https:\/\/maatecalidadambiental.ambiente.gob.ec\/wp-content\/uploads\/2024\/07\/Capitulo-6.-Diagnostico-Ambiental-LB_6.1-LB-Fisica.pdf\">Cap\u00edtulo 6. Diagn\u00f3stico Ambiental LB_6.1 LB F\u00edsica<\/a> <a href=\"https:\/\/maatecalidadambiental.ambiente.gob.ec\/wp-content\/uploads\/2024\/07\/Capitulo-6.-Diagnostico-Ambiental-LB_6.2-LB-Biotica.pdf\">Cap\u00edtulo 6. Diagn\u00f3stico Ambiental LB_6.2 LB Bi\u00f3tica<\/a> <a href=\"https:\/\/maatecalidadambiental.ambiente.gob.ec\/wp-content\/uploads\/2024\/07\/Capitulo-6.-Diagnostico-Ambiental-LB_6.3-LB-Social.pdf\">Cap\u00edtulo 6. Diagn\u00f3stico Ambiental LB_6.3 LB Social<\/a> <a href=\"https:\/\/maatecalidadambiental.ambiente.gob.ec\/wp-content\/uploads\/2024\/07\/Capitulo-7.-Inventario-Forestal.pdf\">Cap\u00edtulo 7. Inventario Forestal<\/a> <a href=\"https:\/\/maatecalidadambiental.ambiente.gob.ec\/wp-content\/uploads\/2024\/07\/Capitulo-8.-Determinacion-de-Areas-de-Influencia-y-Sensibles.pdf\">Capi\u0301tulo 8. Determinacio\u0301n de A\u0301reas de Influencia y Sensibles<\/a> <a href=\"https:\/\/maatecalidadambiental.ambiente.gob.ec\/wp-content\/uploads\/2024\/07\/Capitulo-9.-Analisis-de-Riesgos.pdf\">Cap\u00edtulo 9. An\u00e1lisis de Riesgos<\/a> <a href=\"https:\/\/maatecalidadambiental.ambiente.gob.ec\/wp-content\/uploads\/2024\/07\/Capitulo-10.-Identificacion-Prediccion-y-Evaluacion-de-Impactos-Ambientales.pdf\">Cap\u00edtulo 10. Identificaci\u00f3n, Predicci\u00f3n y Evaluaci\u00f3n de Impactos Ambientales<\/a> <a href=\"https:\/\/maatecalidadambiental.ambiente.gob.ec\/wp-content\/uploads\/2024\/07\/Capitulo-11.-Plan-de-Manejo-Ambiental.pdf\">Cap\u00edtulo 11. Plan de Manejo Ambiental<\/a> <a href=\"https:\/\/maatecalidadambiental.ambiente.gob.ec\/wp-content\/uploads\/2024\/07\/Capitulo-12.-Glosario-de-Terminos.pdf\">Cap\u00edtulo 12. Glosario de T\u00e9rminos<\/a> <a href=\"https:\/\/maatecalidadambiental.ambiente.gob.ec\/wp-content\/uploads\/2024\/07\/Capitulo-13.-Referencias-Bibliograficas.pdf\">Cap\u00edtulo 13. Referencias Bibliogr\u00e1ficas<\/a> <a href=\"https:\/\/maatecalidadambiental.ambiente.gob.ec\/wp-content\/uploads\/2024\/07\/Lista-de-Acronimos-Abreviaturas-y-Siglas.pdf\">Lista de Acr\u00f3nimos, Abreviaturas y Siglas<\/a> <a href=\"https:\/\/maatecalidadambiental.ambiente.gob.ec\/wp-content\/uploads\/2024\/07\/Mapa-Base.pdf\">Mapa Base<\/a> <a href=\"https:\/\/maatecalidadambiental.ambiente.gob.ec\/wp-content\/uploads\/2024\/07\/Mapa-de-Area-de-Influencia-Directa-Social.pdf\">Mapa de Area de Influencia Directa Social<\/a> <a href=\"https:\/\/maatecalidadambiental.ambiente.gob.ec\/wp-content\/uploads\/2024\/07\/Mapa-de-Area-de-Influencia-Indirecta-Social.pdf\">Mapa de Area de Influencia Indirecta Social<\/a> <a href=\"https:\/\/maatecalidadambiental.ambiente.gob.ec\/wp-content\/uploads\/2024\/07\/Mapa-de-Comunidades.pdf\">Mapa de Comunidades<\/a> <a href=\"https:\/\/maatecalidadambiental.ambiente.gob.ec\/wp-content\/uploads\/2024\/07\/Mapa-de-Division-Politica.pdf\">Mapa de Division Politica<\/a><\/p>\n","protected":false},"excerpt":{"rendered":"<p>Cap\u00edtulo 1. Ficha T\u00e9cnica Cap\u00edtulo 2. Introducci\u00f3n Cap\u00edtulo 3. Alcance Cap\u00edtulo 4. Marco Legal e Institucional Cap\u00edtulo 5. Descripcion del Proyecto Panantza Cap\u00edtulo 6. Diagn\u00f3stico Ambiental LB_6.1 LB F\u00edsica Cap\u00edtulo 6. Diagn\u00f3stico Ambiental LB_6.2 LB Bi\u00f3tica Cap\u00edtulo 6. Diagn\u00f3stico Ambiental LB_6.3 LB Social Cap\u00edtulo 7. Inventario Forestal Capi\u0301tulo 8. Determinacio\u0301n de A\u0301reas de Influencia y [&hellip;]<\/p>\n","protected":false},"author":7,"featured_media":0,"comment_status":"open","ping_status":"open","sticky":false,"template":"","format":"standard","meta":{"footnotes":""},"categories":[1,10,6,12],"tags":[],"class_list":["post-772","post","type-post","status-publish","format-standard","hentry","category-sin-categoria","category-metalica","category-mineria","category-regularizacion"],"_links":{"self":[{"href":"https:\/\/maatecalidadambiental.ambiente.gob.ec\/index.php\/wp-json\/wp\/v2\/posts\/772","targetHints":{"allow":["GET"]}}],"collection":[{"href":"https:\/\/maatecalidadambiental.ambiente.gob.ec\/index.php\/wp-json\/wp\/v2\/posts"}],"about":[{"href":"https:\/\/maatecalidadambiental.ambiente.gob.ec\/index.php\/wp-json\/wp\/v2\/types\/post"}],"author":[{"embeddable":true,"href":"https:\/\/maatecalidadambiental.ambiente.gob.ec\/index.php\/wp-json\/wp\/v2\/users\/7"}],"replies":[{"embeddable":true,"href":"https:\/\/maatecalidadambiental.ambiente.gob.ec\/index.php\/wp-json\/wp\/v2\/comments?post=772"}],"version-history":[{"count":1,"href":"https:\/\/maatecalidadambiental.ambiente.gob.ec\/index.php\/wp-json\/wp\/v2\/posts\/772\/revisions"}],"predecessor-version":[{"id":794,"href":"https:\/\/maatecalidadambiental.ambiente.gob.ec\/index.php\/wp-json\/wp\/v2\/posts\/772\/revisions\/794"}],"wp:attachment":[{"href":"https:\/\/maatecalidadambiental.ambiente.gob.ec\/index.php\/wp-json\/wp\/v2\/media?parent=772"}],"wp:term":[{"taxonomy":"category","embeddable":true,"href":"https:\/\/maatecalidadambiental.ambiente.gob.ec\/index.php\/wp-json\/wp\/v2\/categories?post=772"},{"taxonomy":"post_tag","embeddable":true,"href":"https:\/\/maatecalidadambiental.ambiente.gob.ec\/index.php\/wp-json\/wp\/v2\/tags?post=772"}],"curies":[{"name":"wp","href":"https:\/\/api.w.org\/{rel}","templated":true}]}}